{"id":1373,"date":"2021-11-29T13:49:20","date_gmt":"2021-11-29T11:49:20","guid":{"rendered":"https:\/\/itasavonuusyrityskeskus.fi\/yrittajaksi-yrityskaupoilla\/"},"modified":"2021-11-29T13:49:20","modified_gmt":"2021-11-29T11:49:20","slug":"yrittajaksi-yrityskaupoilla","status":"publish","type":"post","link":"https:\/\/itasavonuusyrityskeskus.fi\/en\/yrittajaksi-yrityskaupoilla\/","title":{"rendered":"Yritt\u00e4j\u00e4ksi yrityskaupoilla"},"content":{"rendered":"<p>&nbsp;<\/p>\n<p><img loading=\"lazy\" decoding=\"async\" class=\"alignnone size-full wp-image-4360 img-fluid\" src=\"https:\/\/itasavonuusyrityskeskus.fi\/wp-content\/uploads\/2021\/11\/Risto-ja-Reetta-logo.png\" alt=\"\" width=\"1075\" height=\"516\" \/><\/p>\n<h6 dir=\"auto\">Savonlinnan Mainospalvelun Reetta Sahinjoen ja Risto Tuunasen yritt\u00e4jyyspolusta julkaistiin valtakunnallisessa Omistajanvaihdosfoorumissa 2021 marraskuun alussa uusi video: <a href=\"https:\/\/www.youtube.com\/watch?v=hgkti67uqZE\" target=\"_blank\" rel=\"noopener\">Yritt\u00e4j\u00e4ksi yrityskaupoilla<\/a>.<\/h6>\n<div dir=\"auto\"><span style=\"font-size: 1rem;\">Katso<\/span><span style=\"font-size: 1rem;\">\u00a0<\/span><a style=\"background-color: #ffffff; font-size: 1rem;\" href=\"https:\/\/www.youtube.com\/watch?v=hgkti67uqZE\" target=\"_blank\" rel=\"noopener\">videolta<\/a><span style=\"font-size: 1rem;\">, miten pariskunta p\u00e4\u00e4tyi yrityskaupan kautta Savonlinnan mainospalvelun omistajiksi ja yritt\u00e4jiksi.\u00a0<\/span><\/div>\n<div dir=\"auto\">Aina ei tarvitse perustaa uutta yrityst\u00e4, vaan voit ryhty\u00e4 yritt\u00e4j\u00e4ksi my\u00f6s jatkamalla toimivaa yrityst\u00e4.<\/div>\n<div dir=\"auto\"><\/div>\n<div dir=\"auto\">Jos haluat yritt\u00e4j\u00e4ksi yrityskaupan kautta, lue lis\u00e4\u00e4 <a href=\"https:\/\/itasavonuusyrityskeskus.fi\/palvelut\/rebuild-business\/\" target=\"_blank\" rel=\"noopener\">Rebuild business-hankkeesta<\/a> ja katso myyt\u00e4vi\u00e4 kohteita Etel\u00e4-Savon alueella <a href=\"https:\/\/l.facebook.com\/l.php?u=http%3A%2F%2Fwww.yritysunelma.fi%2F%3Ffbclid%3DIwAR0oYSfMBzGsvMEjC6XX1k37ds3SohSLW--HesTGb5M6VBgPmO1zhvHSd_8&amp;h=AT3ZyEVXWf4D2NyiGvbOD9-1XfCGYHPDGnMeOhsSZnKK0hfwBpKrTE__syFdBvlo9PcITf2JfE1lsI9UtwhLpQC74fAlgHbNsFcZH0qdXOejCk4OAZlN_BSI13a4KSiAsdpJ&amp;__tn__=-UK-R&amp;c%5b0%5d=AT2cIegp6VbJI1ZAQw296xSqI26kOUbHlygH4e8pwIqh28WrpatLuwEVwqvz7H5IW8bRxY6Wa4-dk7j_ASYvQEqx-8od4ziQtrPQAJIBr5N0wpbzG6GQuOdd8JZbNw8elkwsLH0UeTk44C4o28zSu65Yo79PBhsY7eel0bdFyBcgNNqIxmwssTXnLHCFW2QL2WjuoYBcocmzjDE1GXvB8FcB9Bo6pqEukP4Ko9fZW5T7fI1pkgVfWlk\">www.yritysunelma.fi<\/a><\/div>\n<div dir=\"auto\"><\/div>\n<div dir=\"auto\">Ole yhteydess\u00e4 meihin <span style=\"color: #003366;\"><a style=\"color: #003366;\" href=\"mailto:uusyrityskeskus@savonlinna.fi\" target=\"_blank\" rel=\"noopener\">uusyrityskeskus@savonlinna.fi<\/a>\u00a0<\/span><\/div>\n","protected":false},"excerpt":{"rendered":"<p>&nbsp; Savonlinnan Mainospalvelun Reetta Sahinjoen ja Risto Tuunasen yritt\u00e4jyyspolusta julkaistiin valtakunnallisessa Omistajanvaihdosfoorumissa 2021 marraskuun alussa uusi video: Yritt\u00e4j\u00e4ksi yrityskaupoilla. Katso\u00a0videolta, miten pariskunta p\u00e4\u00e4tyi&#8230;<\/p>\n","protected":false},"author":1,"featured_media":0,"comment_status":"","ping_status":"","sticky":false,"template":"","format":"standard","meta":{"footnotes":""},"categories":[1],"tags":[],"class_list":["post-1373","post","type-post","status-publish","format-standard","hentry","category-yleinen","hanke_category-rebuild-business-2021"],"yoast_head":"<!-- This site is optimized with the Yoast SEO plugin v27.5 - https:\/\/yoast.com\/product\/yoast-seo-wordpress\/ -->\n<title>Yritt\u00e4j\u00e4ksi yrityskaupoilla - It\u00e4-Savon Uusyrityskeskus<\/title>\n<meta name=\"robots\" content=\"index, follow, max-snippet:-1, max-image-preview:large, max-video-preview:-1\" \/>\n<link rel=\"canonical\" href=\"https:\/\/itasavonuusyrityskeskus.fi\/yrittajaksi-yrityskaupoilla\/\" \/>\n<meta property=\"og:locale\" content=\"en_US\" \/>\n<meta property=\"og:type\" content=\"article\" \/>\n<meta property=\"og:title\" content=\"Yritt\u00e4j\u00e4ksi yrityskaupoilla - It\u00e4-Savon Uusyrityskeskus\" \/>\n<meta property=\"og:description\" content=\"&nbsp; Savonlinnan Mainospalvelun Reetta Sahinjoen ja Risto Tuunasen yritt\u00e4jyyspolusta julkaistiin valtakunnallisessa Omistajanvaihdosfoorumissa 2021 marraskuun alussa uusi video: Yritt\u00e4j\u00e4ksi yrityskaupoilla. Katso\u00a0videolta, miten pariskunta p\u00e4\u00e4tyi...\" \/>\n<meta property=\"og:url\" content=\"https:\/\/itasavonuusyrityskeskus.fi\/yrittajaksi-yrityskaupoilla\/\" \/>\n<meta property=\"og:site_name\" content=\"It\u00e4-Savon Uusyrityskeskus\" \/>\n<meta property=\"article:publisher\" content=\"https:\/\/www.facebook.com\/isuyk\/\" \/>\n<meta property=\"article:published_time\" content=\"2021-11-29T11:49:20+00:00\" \/>\n<meta property=\"og:image\" content=\"https:\/\/itasavonuusyrityskeskus.fi\/wp-content\/uploads\/2021\/11\/Risto-ja-Reetta-logo.png\" \/>\n<meta name=\"twitter:card\" content=\"summary_large_image\" \/>\n<meta name=\"twitter:label1\" content=\"Written by\" \/>\n\t<meta name=\"twitter:data1\" content=\"\" \/>\n<script type=\"application\/ld+json\" class=\"yoast-schema-graph\">{\"@context\":\"https:\\\/\\\/schema.org\",\"@graph\":[{\"@type\":\"Article\",\"@id\":\"https:\\\/\\\/itasavonuusyrityskeskus.fi\\\/yrittajaksi-yrityskaupoilla\\\/#article\",\"isPartOf\":{\"@id\":\"https:\\\/\\\/itasavonuusyrityskeskus.fi\\\/yrittajaksi-yrityskaupoilla\\\/\"},\"author\":{\"name\":\"\",\"@id\":\"\"},\"headline\":\"Yritt\u00e4j\u00e4ksi yrityskaupoilla\",\"datePublished\":\"2021-11-29T11:49:20+00:00\",\"mainEntityOfPage\":{\"@id\":\"https:\\\/\\\/itasavonuusyrityskeskus.fi\\\/yrittajaksi-yrityskaupoilla\\\/\"},\"wordCount\":84,\"publisher\":{\"@id\":\"https:\\\/\\\/itasavonuusyrityskeskus.fi\\\/#organization\"},\"image\":{\"@id\":\"https:\\\/\\\/itasavonuusyrityskeskus.fi\\\/yrittajaksi-yrityskaupoilla\\\/#primaryimage\"},\"thumbnailUrl\":\"https:\\\/\\\/itasavonuusyrityskeskus.fi\\\/wp-content\\\/uploads\\\/2021\\\/11\\\/Risto-ja-Reetta-logo.png\",\"articleSection\":[\"Yleinen\"],\"inLanguage\":\"en-US\"},{\"@type\":\"WebPage\",\"@id\":\"https:\\\/\\\/itasavonuusyrityskeskus.fi\\\/yrittajaksi-yrityskaupoilla\\\/\",\"url\":\"https:\\\/\\\/itasavonuusyrityskeskus.fi\\\/yrittajaksi-yrityskaupoilla\\\/\",\"name\":\"Yritt\u00e4j\u00e4ksi yrityskaupoilla - It\u00e4-Savon Uusyrityskeskus\",\"isPartOf\":{\"@id\":\"https:\\\/\\\/itasavonuusyrityskeskus.fi\\\/#website\"},\"primaryImageOfPage\":{\"@id\":\"https:\\\/\\\/itasavonuusyrityskeskus.fi\\\/yrittajaksi-yrityskaupoilla\\\/#primaryimage\"},\"image\":{\"@id\":\"https:\\\/\\\/itasavonuusyrityskeskus.fi\\\/yrittajaksi-yrityskaupoilla\\\/#primaryimage\"},\"thumbnailUrl\":\"https:\\\/\\\/itasavonuusyrityskeskus.fi\\\/wp-content\\\/uploads\\\/2021\\\/11\\\/Risto-ja-Reetta-logo.png\",\"datePublished\":\"2021-11-29T11:49:20+00:00\",\"inLanguage\":\"en-US\",\"potentialAction\":[{\"@type\":\"ReadAction\",\"target\":[\"https:\\\/\\\/itasavonuusyrityskeskus.fi\\\/yrittajaksi-yrityskaupoilla\\\/\"]}]},{\"@type\":\"ImageObject\",\"inLanguage\":\"en-US\",\"@id\":\"https:\\\/\\\/itasavonuusyrityskeskus.fi\\\/yrittajaksi-yrityskaupoilla\\\/#primaryimage\",\"url\":\"https:\\\/\\\/itasavonuusyrityskeskus.fi\\\/wp-content\\\/uploads\\\/2021\\\/11\\\/Risto-ja-Reetta-logo.png\",\"contentUrl\":\"https:\\\/\\\/itasavonuusyrityskeskus.fi\\\/wp-content\\\/uploads\\\/2021\\\/11\\\/Risto-ja-Reetta-logo.png\"},{\"@type\":\"WebSite\",\"@id\":\"https:\\\/\\\/itasavonuusyrityskeskus.fi\\\/#website\",\"url\":\"https:\\\/\\\/itasavonuusyrityskeskus.fi\\\/\",\"name\":\"It\u00e4-Savon Uusyrityskeskus\",\"description\":\"Yritt\u00e4jyyden alkutaipaleen neuvontapalvelut Savonlinnan seudulla\",\"publisher\":{\"@id\":\"https:\\\/\\\/itasavonuusyrityskeskus.fi\\\/#organization\"},\"potentialAction\":[{\"@type\":\"SearchAction\",\"target\":{\"@type\":\"EntryPoint\",\"urlTemplate\":\"https:\\\/\\\/itasavonuusyrityskeskus.fi\\\/?s={search_term_string}\"},\"query-input\":{\"@type\":\"PropertyValueSpecification\",\"valueRequired\":true,\"valueName\":\"search_term_string\"}}],\"inLanguage\":\"en-US\"},{\"@type\":\"Organization\",\"@id\":\"https:\\\/\\\/itasavonuusyrityskeskus.fi\\\/#organization\",\"name\":\"It\u00e4-Savon Uusyrityskeskus\",\"url\":\"https:\\\/\\\/itasavonuusyrityskeskus.fi\\\/\",\"logo\":{\"@type\":\"ImageObject\",\"inLanguage\":\"en-US\",\"@id\":\"https:\\\/\\\/itasavonuusyrityskeskus.fi\\\/#\\\/schema\\\/logo\\\/image\\\/\",\"url\":\"https:\\\/\\\/itasavonuusyrityskeskus.fi\\\/wp-content\\\/uploads\\\/2021\\\/09\\\/logo-isuyk.png\",\"contentUrl\":\"https:\\\/\\\/itasavonuusyrityskeskus.fi\\\/wp-content\\\/uploads\\\/2021\\\/09\\\/logo-isuyk.png\",\"width\":400,\"height\":137,\"caption\":\"It\u00e4-Savon Uusyrityskeskus\"},\"image\":{\"@id\":\"https:\\\/\\\/itasavonuusyrityskeskus.fi\\\/#\\\/schema\\\/logo\\\/image\\\/\"},\"sameAs\":[\"https:\\\/\\\/www.facebook.com\\\/isuyk\\\/\"]},{\"@type\":\"Person\",\"@id\":\"\"}]}<\/script>\n<!-- \/ Yoast SEO plugin. -->","yoast_head_json":{"title":"Yritt\u00e4j\u00e4ksi yrityskaupoilla - It\u00e4-Savon Uusyrityskeskus","robots":{"index":"index","follow":"follow","max-snippet":"max-snippet:-1","max-image-preview":"max-image-preview:large","max-video-preview":"max-video-preview:-1"},"canonical":"https:\/\/itasavonuusyrityskeskus.fi\/yrittajaksi-yrityskaupoilla\/","og_locale":"en_US","og_type":"article","og_title":"Yritt\u00e4j\u00e4ksi yrityskaupoilla - It\u00e4-Savon Uusyrityskeskus","og_description":"&nbsp; Savonlinnan Mainospalvelun Reetta Sahinjoen ja Risto Tuunasen yritt\u00e4jyyspolusta julkaistiin valtakunnallisessa Omistajanvaihdosfoorumissa 2021 marraskuun alussa uusi video: Yritt\u00e4j\u00e4ksi yrityskaupoilla. Katso\u00a0videolta, miten pariskunta p\u00e4\u00e4tyi...","og_url":"https:\/\/itasavonuusyrityskeskus.fi\/yrittajaksi-yrityskaupoilla\/","og_site_name":"It\u00e4-Savon Uusyrityskeskus","article_publisher":"https:\/\/www.facebook.com\/isuyk\/","article_published_time":"2021-11-29T11:49:20+00:00","og_image":[{"url":"https:\/\/itasavonuusyrityskeskus.fi\/wp-content\/uploads\/2021\/11\/Risto-ja-Reetta-logo.png","type":"","width":"","height":""}],"twitter_card":"summary_large_image","twitter_misc":{"Written by":""},"schema":{"@context":"https:\/\/schema.org","@graph":[{"@type":"Article","@id":"https:\/\/itasavonuusyrityskeskus.fi\/yrittajaksi-yrityskaupoilla\/#article","isPartOf":{"@id":"https:\/\/itasavonuusyrityskeskus.fi\/yrittajaksi-yrityskaupoilla\/"},"author":{"name":"","@id":""},"headline":"Yritt\u00e4j\u00e4ksi yrityskaupoilla","datePublished":"2021-11-29T11:49:20+00:00","mainEntityOfPage":{"@id":"https:\/\/itasavonuusyrityskeskus.fi\/yrittajaksi-yrityskaupoilla\/"},"wordCount":84,"publisher":{"@id":"https:\/\/itasavonuusyrityskeskus.fi\/#organization"},"image":{"@id":"https:\/\/itasavonuusyrityskeskus.fi\/yrittajaksi-yrityskaupoilla\/#primaryimage"},"thumbnailUrl":"https:\/\/itasavonuusyrityskeskus.fi\/wp-content\/uploads\/2021\/11\/Risto-ja-Reetta-logo.png","articleSection":["Yleinen"],"inLanguage":"en-US"},{"@type":"WebPage","@id":"https:\/\/itasavonuusyrityskeskus.fi\/yrittajaksi-yrityskaupoilla\/","url":"https:\/\/itasavonuusyrityskeskus.fi\/yrittajaksi-yrityskaupoilla\/","name":"Yritt\u00e4j\u00e4ksi yrityskaupoilla - It\u00e4-Savon Uusyrityskeskus","isPartOf":{"@id":"https:\/\/itasavonuusyrityskeskus.fi\/#website"},"primaryImageOfPage":{"@id":"https:\/\/itasavonuusyrityskeskus.fi\/yrittajaksi-yrityskaupoilla\/#primaryimage"},"image":{"@id":"https:\/\/itasavonuusyrityskeskus.fi\/yrittajaksi-yrityskaupoilla\/#primaryimage"},"thumbnailUrl":"https:\/\/itasavonuusyrityskeskus.fi\/wp-content\/uploads\/2021\/11\/Risto-ja-Reetta-logo.png","datePublished":"2021-11-29T11:49:20+00:00","inLanguage":"en-US","potentialAction":[{"@type":"ReadAction","target":["https:\/\/itasavonuusyrityskeskus.fi\/yrittajaksi-yrityskaupoilla\/"]}]},{"@type":"ImageObject","inLanguage":"en-US","@id":"https:\/\/itasavonuusyrityskeskus.fi\/yrittajaksi-yrityskaupoilla\/#primaryimage","url":"https:\/\/itasavonuusyrityskeskus.fi\/wp-content\/uploads\/2021\/11\/Risto-ja-Reetta-logo.png","contentUrl":"https:\/\/itasavonuusyrityskeskus.fi\/wp-content\/uploads\/2021\/11\/Risto-ja-Reetta-logo.png"},{"@type":"WebSite","@id":"https:\/\/itasavonuusyrityskeskus.fi\/#website","url":"https:\/\/itasavonuusyrityskeskus.fi\/","name":"It\u00e4-Savon Uusyrityskeskus","description":"Yritt\u00e4jyyden alkutaipaleen neuvontapalvelut Savonlinnan seudulla","publisher":{"@id":"https:\/\/itasavonuusyrityskeskus.fi\/#organization"},"potentialAction":[{"@type":"SearchAction","target":{"@type":"EntryPoint","urlTemplate":"https:\/\/itasavonuusyrityskeskus.fi\/?s={search_term_string}"},"query-input":{"@type":"PropertyValueSpecification","valueRequired":true,"valueName":"search_term_string"}}],"inLanguage":"en-US"},{"@type":"Organization","@id":"https:\/\/itasavonuusyrityskeskus.fi\/#organization","name":"It\u00e4-Savon Uusyrityskeskus","url":"https:\/\/itasavonuusyrityskeskus.fi\/","logo":{"@type":"ImageObject","inLanguage":"en-US","@id":"https:\/\/itasavonuusyrityskeskus.fi\/#\/schema\/logo\/image\/","url":"https:\/\/itasavonuusyrityskeskus.fi\/wp-content\/uploads\/2021\/09\/logo-isuyk.png","contentUrl":"https:\/\/itasavonuusyrityskeskus.fi\/wp-content\/uploads\/2021\/09\/logo-isuyk.png","width":400,"height":137,"caption":"It\u00e4-Savon Uusyrityskeskus"},"image":{"@id":"https:\/\/itasavonuusyrityskeskus.fi\/#\/schema\/logo\/image\/"},"sameAs":["https:\/\/www.facebook.com\/isuyk\/"]},{"@type":"Person","@id":""}]}},"_links":{"self":[{"href":"https:\/\/itasavonuusyrityskeskus.fi\/en\/wp-json\/wp\/v2\/posts\/1373","targetHints":{"allow":["GET"]}}],"collection":[{"href":"https:\/\/itasavonuusyrityskeskus.fi\/en\/wp-json\/wp\/v2\/posts"}],"about":[{"href":"https:\/\/itasavonuusyrityskeskus.fi\/en\/wp-json\/wp\/v2\/types\/post"}],"author":[{"embeddable":true,"href":"https:\/\/itasavonuusyrityskeskus.fi\/en\/wp-json\/wp\/v2\/users\/1"}],"replies":[{"embeddable":true,"href":"https:\/\/itasavonuusyrityskeskus.fi\/en\/wp-json\/wp\/v2\/comments?post=1373"}],"version-history":[{"count":0,"href":"https:\/\/itasavonuusyrityskeskus.fi\/en\/wp-json\/wp\/v2\/posts\/1373\/revisions"}],"wp:attachment":[{"href":"https:\/\/itasavonuusyrityskeskus.fi\/en\/wp-json\/wp\/v2\/media?parent=1373"}],"wp:term":[{"taxonomy":"category","embeddable":true,"href":"https:\/\/itasavonuusyrityskeskus.fi\/en\/wp-json\/wp\/v2\/categories?post=1373"},{"taxonomy":"post_tag","embeddable":true,"href":"https:\/\/itasavonuusyrityskeskus.fi\/en\/wp-json\/wp\/v2\/tags?post=1373"}],"curies":[{"name":"wp","href":"https:\/\/api.w.org\/{rel}","templated":true}]}}