{"id":1383,"date":"2021-10-11T19:11:01","date_gmt":"2021-10-11T16:11:01","guid":{"rendered":"https:\/\/itasavonuusyrityskeskus.fi\/tiedote-vuoden-2021-uusyrittaja-on-valittu\/"},"modified":"2021-10-11T19:11:01","modified_gmt":"2021-10-11T16:11:01","slug":"tiedote-vuoden-2021-uusyrittaja-on-valittu","status":"publish","type":"post","link":"https:\/\/itasavonuusyrityskeskus.fi\/en\/tiedote-vuoden-2021-uusyrittaja-on-valittu\/","title":{"rendered":"Tiedote: Vuoden 2021 Uusyritt\u00e4j\u00e4 on valittu"},"content":{"rendered":"<p>It\u00e4-Savon Uusyrityskeskus on valinnut vuoden 2021 Savonlinnan alueen uusyritt\u00e4j\u00e4ksi savonlinnalaisen Linnan S\u00e4hk\u00f6 ja Tarvike Oy:n omistaja Petri Korhosen.<\/p>\n<p>Linnan S\u00e4hk\u00f6 ja Tarvike rekister\u00f6itiin v 2017 ja p\u00e4\u00e4si aloittamaan varsinaisen toimintansa vuoden 2018 alusta. Savonlinnan alueella toimivan yrityksen palveluihin kuuluvat s\u00e4hk\u00f6urakoinnit kiinteist\u00f6ille ja teollisuudelle, ammattikoneiden korjaukset ja huollot, aurinkos\u00e4hk\u00f6j\u00e4rjestelm\u00e4t sek\u00e4 toimialaan liittyv\u00e4 s\u00e4hk\u00f6tarvikkeiden myynti. Yritys toimii Miekkoniemell\u00e4, osoitteessa Ilokallionkatu 7.<\/p>\n<p>Valinnan Vuoden Uusyritt\u00e4j\u00e4ksi tekee It\u00e4-Savon Uusyrityskeskuksen hallitus. Valintaperusteissa on m\u00e4\u00e4ritetty, ett\u00e4 yritt\u00e4j\u00e4 on ollut It\u00e4-Savon Uusyrityskeskuksen asiakas, yritys toiminut jo muutaman vuoden, jolloin toiminnan kasvu ja ty\u00f6llist\u00e4misvaikutus on havaittavissa.<\/p>\n<p>Omistaja on tehnyt m\u00e4\u00e4r\u00e4tietoista ty\u00f6t\u00e4 yrityksens\u00e4 kehitt\u00e4misen eteen. Linnan S\u00e4hk\u00f6 ja Tarvike Oy on l\u00e4htenyt liikevaihdollisesti voimakkaaseen kasvuun. Liikevaihto on kasvanut kolmen vuoden aikana nollasta yli 1,5M \u20ac liikevaihdon yritykseksi. Huolimatta voimakkaasta kasvusta ja pandemia-ajasta, yritt\u00e4j\u00e4 on saanut pidetty\u00e4 tuloksen positiivisen puolella. Yritys ty\u00f6llist\u00e4\u00e4 t\u00e4ll\u00e4 hetkell\u00e4 jo yhdeks\u00e4n ulkopuolista ty\u00f6ntekij\u00e4\u00e4.<\/p>\n<p>It\u00e4-Savon Uusyrityskeskus on ilmoittanut palkittavan yrityksen my\u00f6s Suomen Uusyrityskeskusten valtakunnalliseen kilpailuun. Valtakunnallinen Vuoden Uusyritt\u00e4j\u00e4 2021 sek\u00e4 yleis\u00f6\u00e4\u00e4nestyksen voittaja palkitaan Helsingiss\u00e4 17.11.2021.<\/p>\n<p>Yleis\u00f6\u00e4\u00e4nestyksen ohjeet julkaistaan It\u00e4-Savon Uusyrityskeskuksen kotisivuille <a href=\"https:\/\/itasavonuusyrityskeskus.fi\" target=\"_blank\" rel=\"noopener\">www.isuyk.fi<\/a> l\u00e4hip\u00e4ivin\u00e4.<\/p>\n<p>Palkittavan yritt\u00e4j\u00e4n yhteystiedot: Linnan S\u00e4hk\u00f6 ja Tarvike Oy \/ Petri Korhonen<br \/>\nPuh: 044-506 3998, E-Mail: petri.korhonen@linnansahko.fi<\/p>\n<p>&nbsp;<\/p>\n","protected":false},"excerpt":{"rendered":"<p>It\u00e4-Savon Uusyrityskeskus on valinnut vuoden 2021 Savonlinnan alueen uusyritt\u00e4j\u00e4ksi savonlinnalaisen Linnan S\u00e4hk\u00f6 ja Tarvike Oy:n omistaja Petri Korhosen. Linnan S\u00e4hk\u00f6 ja Tarvike rekister\u00f6itiin&#8230;<\/p>\n","protected":false},"author":1,"featured_media":0,"comment_status":"","ping_status":"","sticky":false,"template":"","format":"standard","meta":{"footnotes":""},"categories":[1],"tags":[],"class_list":["post-1383","post","type-post","status-publish","format-standard","hentry","category-yleinen"],"yoast_head":"<!-- This site is optimized with the Yoast SEO plugin v27.5 - https:\/\/yoast.com\/product\/yoast-seo-wordpress\/ -->\n<title>Tiedote: Vuoden 2021 Uusyritt\u00e4j\u00e4 on valittu - It\u00e4-Savon Uusyrityskeskus<\/title>\n<meta name=\"robots\" content=\"index, follow, max-snippet:-1, max-image-preview:large, max-video-preview:-1\" \/>\n<link rel=\"canonical\" href=\"https:\/\/itasavonuusyrityskeskus.fi\/tiedote-vuoden-2021-uusyrittaja-on-valittu\/\" \/>\n<meta property=\"og:locale\" content=\"en_US\" \/>\n<meta property=\"og:type\" content=\"article\" \/>\n<meta property=\"og:title\" content=\"Tiedote: Vuoden 2021 Uusyritt\u00e4j\u00e4 on valittu - It\u00e4-Savon Uusyrityskeskus\" \/>\n<meta property=\"og:description\" content=\"It\u00e4-Savon Uusyrityskeskus on valinnut vuoden 2021 Savonlinnan alueen uusyritt\u00e4j\u00e4ksi savonlinnalaisen Linnan S\u00e4hk\u00f6 ja Tarvike Oy:n omistaja Petri Korhosen. Linnan S\u00e4hk\u00f6 ja Tarvike rekister\u00f6itiin...\" \/>\n<meta property=\"og:url\" content=\"https:\/\/itasavonuusyrityskeskus.fi\/tiedote-vuoden-2021-uusyrittaja-on-valittu\/\" \/>\n<meta property=\"og:site_name\" content=\"It\u00e4-Savon Uusyrityskeskus\" \/>\n<meta property=\"article:publisher\" content=\"https:\/\/www.facebook.com\/isuyk\/\" \/>\n<meta property=\"article:published_time\" content=\"2021-10-11T16:11:01+00:00\" \/>\n<meta property=\"og:image\" content=\"https:\/\/itasavonuusyrityskeskus.fi\/wp-content\/uploads\/2022\/02\/og.jpg\" \/>\n\t<meta property=\"og:image:width\" content=\"1200\" \/>\n\t<meta property=\"og:image:height\" content=\"630\" \/>\n\t<meta property=\"og:image:type\" content=\"image\/jpeg\" \/>\n<meta name=\"twitter:card\" content=\"summary_large_image\" \/>\n<meta name=\"twitter:label1\" content=\"Written by\" \/>\n\t<meta name=\"twitter:data1\" content=\"\" \/>\n\t<meta name=\"twitter:label2\" content=\"Est. reading time\" \/>\n\t<meta name=\"twitter:data2\" content=\"1 minute\" \/>\n<script type=\"application\/ld+json\" class=\"yoast-schema-graph\">{\"@context\":\"https:\\\/\\\/schema.org\",\"@graph\":[{\"@type\":\"Article\",\"@id\":\"https:\\\/\\\/itasavonuusyrityskeskus.fi\\\/tiedote-vuoden-2021-uusyrittaja-on-valittu\\\/#article\",\"isPartOf\":{\"@id\":\"https:\\\/\\\/itasavonuusyrityskeskus.fi\\\/tiedote-vuoden-2021-uusyrittaja-on-valittu\\\/\"},\"author\":{\"name\":\"\",\"@id\":\"\"},\"headline\":\"Tiedote: Vuoden 2021 Uusyritt\u00e4j\u00e4 on valittu\",\"datePublished\":\"2021-10-11T16:11:01+00:00\",\"mainEntityOfPage\":{\"@id\":\"https:\\\/\\\/itasavonuusyrityskeskus.fi\\\/tiedote-vuoden-2021-uusyrittaja-on-valittu\\\/\"},\"wordCount\":233,\"publisher\":{\"@id\":\"https:\\\/\\\/itasavonuusyrityskeskus.fi\\\/#organization\"},\"articleSection\":[\"Yleinen\"],\"inLanguage\":\"en-US\"},{\"@type\":\"WebPage\",\"@id\":\"https:\\\/\\\/itasavonuusyrityskeskus.fi\\\/tiedote-vuoden-2021-uusyrittaja-on-valittu\\\/\",\"url\":\"https:\\\/\\\/itasavonuusyrityskeskus.fi\\\/tiedote-vuoden-2021-uusyrittaja-on-valittu\\\/\",\"name\":\"Tiedote: Vuoden 2021 Uusyritt\u00e4j\u00e4 on valittu - It\u00e4-Savon Uusyrityskeskus\",\"isPartOf\":{\"@id\":\"https:\\\/\\\/itasavonuusyrityskeskus.fi\\\/#website\"},\"datePublished\":\"2021-10-11T16:11:01+00:00\",\"inLanguage\":\"en-US\",\"potentialAction\":[{\"@type\":\"ReadAction\",\"target\":[\"https:\\\/\\\/itasavonuusyrityskeskus.fi\\\/tiedote-vuoden-2021-uusyrittaja-on-valittu\\\/\"]}]},{\"@type\":\"WebSite\",\"@id\":\"https:\\\/\\\/itasavonuusyrityskeskus.fi\\\/#website\",\"url\":\"https:\\\/\\\/itasavonuusyrityskeskus.fi\\\/\",\"name\":\"It\u00e4-Savon Uusyrityskeskus\",\"description\":\"Yritt\u00e4jyyden alkutaipaleen neuvontapalvelut Savonlinnan seudulla\",\"publisher\":{\"@id\":\"https:\\\/\\\/itasavonuusyrityskeskus.fi\\\/#organization\"},\"potentialAction\":[{\"@type\":\"SearchAction\",\"target\":{\"@type\":\"EntryPoint\",\"urlTemplate\":\"https:\\\/\\\/itasavonuusyrityskeskus.fi\\\/?s={search_term_string}\"},\"query-input\":{\"@type\":\"PropertyValueSpecification\",\"valueRequired\":true,\"valueName\":\"search_term_string\"}}],\"inLanguage\":\"en-US\"},{\"@type\":\"Organization\",\"@id\":\"https:\\\/\\\/itasavonuusyrityskeskus.fi\\\/#organization\",\"name\":\"It\u00e4-Savon Uusyrityskeskus\",\"url\":\"https:\\\/\\\/itasavonuusyrityskeskus.fi\\\/\",\"logo\":{\"@type\":\"ImageObject\",\"inLanguage\":\"en-US\",\"@id\":\"https:\\\/\\\/itasavonuusyrityskeskus.fi\\\/#\\\/schema\\\/logo\\\/image\\\/\",\"url\":\"https:\\\/\\\/itasavonuusyrityskeskus.fi\\\/wp-content\\\/uploads\\\/2021\\\/09\\\/logo-isuyk.png\",\"contentUrl\":\"https:\\\/\\\/itasavonuusyrityskeskus.fi\\\/wp-content\\\/uploads\\\/2021\\\/09\\\/logo-isuyk.png\",\"width\":400,\"height\":137,\"caption\":\"It\u00e4-Savon Uusyrityskeskus\"},\"image\":{\"@id\":\"https:\\\/\\\/itasavonuusyrityskeskus.fi\\\/#\\\/schema\\\/logo\\\/image\\\/\"},\"sameAs\":[\"https:\\\/\\\/www.facebook.com\\\/isuyk\\\/\"]},{\"@type\":\"Person\",\"@id\":\"\"}]}<\/script>\n<!-- \/ Yoast SEO plugin. -->","yoast_head_json":{"title":"Tiedote: Vuoden 2021 Uusyritt\u00e4j\u00e4 on valittu - It\u00e4-Savon Uusyrityskeskus","robots":{"index":"index","follow":"follow","max-snippet":"max-snippet:-1","max-image-preview":"max-image-preview:large","max-video-preview":"max-video-preview:-1"},"canonical":"https:\/\/itasavonuusyrityskeskus.fi\/tiedote-vuoden-2021-uusyrittaja-on-valittu\/","og_locale":"en_US","og_type":"article","og_title":"Tiedote: Vuoden 2021 Uusyritt\u00e4j\u00e4 on valittu - It\u00e4-Savon Uusyrityskeskus","og_description":"It\u00e4-Savon Uusyrityskeskus on valinnut vuoden 2021 Savonlinnan alueen uusyritt\u00e4j\u00e4ksi savonlinnalaisen Linnan S\u00e4hk\u00f6 ja Tarvike Oy:n omistaja Petri Korhosen. Linnan S\u00e4hk\u00f6 ja Tarvike rekister\u00f6itiin...","og_url":"https:\/\/itasavonuusyrityskeskus.fi\/tiedote-vuoden-2021-uusyrittaja-on-valittu\/","og_site_name":"It\u00e4-Savon Uusyrityskeskus","article_publisher":"https:\/\/www.facebook.com\/isuyk\/","article_published_time":"2021-10-11T16:11:01+00:00","og_image":[{"width":1200,"height":630,"url":"https:\/\/itasavonuusyrityskeskus.fi\/wp-content\/uploads\/2022\/02\/og.jpg","type":"image\/jpeg"}],"twitter_card":"summary_large_image","twitter_misc":{"Written by":"","Est. reading time":"1 minute"},"schema":{"@context":"https:\/\/schema.org","@graph":[{"@type":"Article","@id":"https:\/\/itasavonuusyrityskeskus.fi\/tiedote-vuoden-2021-uusyrittaja-on-valittu\/#article","isPartOf":{"@id":"https:\/\/itasavonuusyrityskeskus.fi\/tiedote-vuoden-2021-uusyrittaja-on-valittu\/"},"author":{"name":"","@id":""},"headline":"Tiedote: Vuoden 2021 Uusyritt\u00e4j\u00e4 on valittu","datePublished":"2021-10-11T16:11:01+00:00","mainEntityOfPage":{"@id":"https:\/\/itasavonuusyrityskeskus.fi\/tiedote-vuoden-2021-uusyrittaja-on-valittu\/"},"wordCount":233,"publisher":{"@id":"https:\/\/itasavonuusyrityskeskus.fi\/#organization"},"articleSection":["Yleinen"],"inLanguage":"en-US"},{"@type":"WebPage","@id":"https:\/\/itasavonuusyrityskeskus.fi\/tiedote-vuoden-2021-uusyrittaja-on-valittu\/","url":"https:\/\/itasavonuusyrityskeskus.fi\/tiedote-vuoden-2021-uusyrittaja-on-valittu\/","name":"Tiedote: Vuoden 2021 Uusyritt\u00e4j\u00e4 on valittu - It\u00e4-Savon Uusyrityskeskus","isPartOf":{"@id":"https:\/\/itasavonuusyrityskeskus.fi\/#website"},"datePublished":"2021-10-11T16:11:01+00:00","inLanguage":"en-US","potentialAction":[{"@type":"ReadAction","target":["https:\/\/itasavonuusyrityskeskus.fi\/tiedote-vuoden-2021-uusyrittaja-on-valittu\/"]}]},{"@type":"WebSite","@id":"https:\/\/itasavonuusyrityskeskus.fi\/#website","url":"https:\/\/itasavonuusyrityskeskus.fi\/","name":"It\u00e4-Savon Uusyrityskeskus","description":"Yritt\u00e4jyyden alkutaipaleen neuvontapalvelut Savonlinnan seudulla","publisher":{"@id":"https:\/\/itasavonuusyrityskeskus.fi\/#organization"},"potentialAction":[{"@type":"SearchAction","target":{"@type":"EntryPoint","urlTemplate":"https:\/\/itasavonuusyrityskeskus.fi\/?s={search_term_string}"},"query-input":{"@type":"PropertyValueSpecification","valueRequired":true,"valueName":"search_term_string"}}],"inLanguage":"en-US"},{"@type":"Organization","@id":"https:\/\/itasavonuusyrityskeskus.fi\/#organization","name":"It\u00e4-Savon Uusyrityskeskus","url":"https:\/\/itasavonuusyrityskeskus.fi\/","logo":{"@type":"ImageObject","inLanguage":"en-US","@id":"https:\/\/itasavonuusyrityskeskus.fi\/#\/schema\/logo\/image\/","url":"https:\/\/itasavonuusyrityskeskus.fi\/wp-content\/uploads\/2021\/09\/logo-isuyk.png","contentUrl":"https:\/\/itasavonuusyrityskeskus.fi\/wp-content\/uploads\/2021\/09\/logo-isuyk.png","width":400,"height":137,"caption":"It\u00e4-Savon Uusyrityskeskus"},"image":{"@id":"https:\/\/itasavonuusyrityskeskus.fi\/#\/schema\/logo\/image\/"},"sameAs":["https:\/\/www.facebook.com\/isuyk\/"]},{"@type":"Person","@id":""}]}},"_links":{"self":[{"href":"https:\/\/itasavonuusyrityskeskus.fi\/en\/wp-json\/wp\/v2\/posts\/1383","targetHints":{"allow":["GET"]}}],"collection":[{"href":"https:\/\/itasavonuusyrityskeskus.fi\/en\/wp-json\/wp\/v2\/posts"}],"about":[{"href":"https:\/\/itasavonuusyrityskeskus.fi\/en\/wp-json\/wp\/v2\/types\/post"}],"author":[{"embeddable":true,"href":"https:\/\/itasavonuusyrityskeskus.fi\/en\/wp-json\/wp\/v2\/users\/1"}],"replies":[{"embeddable":true,"href":"https:\/\/itasavonuusyrityskeskus.fi\/en\/wp-json\/wp\/v2\/comments?post=1383"}],"version-history":[{"count":0,"href":"https:\/\/itasavonuusyrityskeskus.fi\/en\/wp-json\/wp\/v2\/posts\/1383\/revisions"}],"wp:attachment":[{"href":"https:\/\/itasavonuusyrityskeskus.fi\/en\/wp-json\/wp\/v2\/media?parent=1383"}],"wp:term":[{"taxonomy":"category","embeddable":true,"href":"https:\/\/itasavonuusyrityskeskus.fi\/en\/wp-json\/wp\/v2\/categories?post=1383"},{"taxonomy":"post_tag","embeddable":true,"href":"https:\/\/itasavonuusyrityskeskus.fi\/en\/wp-json\/wp\/v2\/tags?post=1383"}],"curies":[{"name":"wp","href":"https:\/\/api.w.org\/{rel}","templated":true}]}}