{"id":1410,"date":"2020-12-04T08:33:44","date_gmt":"2020-12-04T06:33:44","guid":{"rendered":"https:\/\/itasavonuusyrityskeskus.fi\/mahdollistamme-yrittajyyden-yhteistyossa-ja-tuemme-yrittajaksi-aikovan-polkua\/"},"modified":"2020-12-04T08:33:44","modified_gmt":"2020-12-04T06:33:44","slug":"mahdollistamme-yrittajyyden-yhteistyossa-ja-tuemme-yrittajaksi-aikovan-polkua","status":"publish","type":"post","link":"https:\/\/itasavonuusyrityskeskus.fi\/en\/mahdollistamme-yrittajyyden-yhteistyossa-ja-tuemme-yrittajaksi-aikovan-polkua\/","title":{"rendered":"\u00a0Mahdollistamme yritt\u00e4jyyden yhteisty\u00f6ss\u00e4 ja tuemme yritt\u00e4j\u00e4ksi aikovan polkua."},"content":{"rendered":"<p><strong>Paulan innostus yritt\u00e4jyyteen syttyi ammattiopisto Samiedussa Nuori Yritt\u00e4jyys ry:n Vuosi yritt\u00e4j\u00e4n\u00e4 -ohjelman kautta. H\u00e4nt\u00e4 siivitti eteenp\u00e4in oma motivaatio ja tekem\u00e4ll\u00e4 oppiminen sek\u00e4 It\u00e4-Savon Uusyrityskeskus. <\/strong><\/p>\n<p>Samiedun yritt\u00e4jyyskasvatuksen projektikoordinaattorin Tuire Pervil\u00e4n mukaan yh\u00e4 useampi opiskelija on kiinnostunut yritt\u00e4jyydest\u00e4. Pervil\u00e4n mielest\u00e4 t\u00e4h\u00e4n on syyns\u00e4, sill\u00e4 yritt\u00e4jyyden kautta avautuu mahdollisuus n\u00e4ytt\u00e4\u00e4 osaamistaan sek\u00e4 tehd\u00e4 juuri niit\u00e4 itselle merkityksellisi\u00e4 asioita, joissa on huippuhyv\u00e4. Yritt\u00e4jyyden kautta voi ty\u00f6llisty\u00e4 kotiseudulle, olla itsen\u00e4inen ja paikallinen mutta my\u00f6s yht\u00e4 lailla kansainv\u00e4linen.<\/p>\n<p>Ammattiopisto Samiedu on vahvasti mukana yritt\u00e4jyyskasvatuksen toteuttamisessa. Pervil\u00e4n mukaan yritt\u00e4jyys ja yritt\u00e4jyyden oppiminen ovat luonteva osa ammatillista koulutusta sek\u00e4 ammatin oppimista. \u00a0Opiskelijoiden k\u00e4yt\u00f6ss\u00e4 on Nuori Yritt\u00e4jyys ry:n Vuosi Yritt\u00e4j\u00e4n\u00e4 \u2013ohjelma, joka tarjoaa opiskelijalle k\u00e4yt\u00e4nn\u00f6nl\u00e4heisen ty\u00f6kalun yritt\u00e4jyyden kokeilemiseen turvallisessa ja ohjatussa oppimisymp\u00e4rist\u00f6ss\u00e4 sek\u00e4 oman opettajan tuen.<\/p>\n<p>Pervil\u00e4 jatkaa, ett\u00e4 Samiedun t\u00e4rkein ty\u00f6n kohde on opiskelija, jonka opiskelussa on kyse h\u00e4nen tulevaisuudestaan. Haluamme saatella yritt\u00e4jyysinnostuksen saaneen opiskelijan It\u00e4-Savon Uusyrityskeskuksen yritysneuvojien luo. T\u00e4ll\u00e4 yhteisty\u00f6ll\u00e4 ja osaamisella olemme saaneet rakennettua polun, jolla varmistetaan yritt\u00e4jyyden syntyminen \u2013 unelman todeksi tekeminen.<\/p>\n<p>Paulan yritt\u00e4jyystarina:<\/p>\n<p><em><img loading=\"lazy\" decoding=\"async\" class=\"alignnone  wp-image-3197 img-fluid\" src=\"https:\/\/itasavonuusyrityskeskus.fi\/wp-content\/uploads\/2020\/12\/Paula.jpg\" alt=\"\" width=\"430\" height=\"573\" \/> <\/em><\/p>\n<p><em>Nimeni on Paula Riihij\u00e4rvi, olen syntynyt 1998 ja kotoisin it\u00e4rajalta Parikkalasta. K\u00e4vin Parikkalan lukion ja valmistuin sielt\u00e4 vuonna 2017, tavoitteenani l\u00e4hte\u00e4 sen j\u00e4lkeen opiskelemaan Helsingin Kuvataideakatemiaan. Halusin kuvataiteen opettajaksi, mutten p\u00e4\u00e4ssyt kouluun sis\u00e4\u00e4n. Halu p\u00e4\u00e4st\u00e4 yliopistoon hiipui v\u00e4hitellen, ja pian olinkin aika hukassa: \u201dMit\u00e4 min\u00e4 oikeasti haluan tehd\u00e4 isona?\u201d <\/em><\/p>\n<p><em>Vastausta itselleni esitt\u00e4m\u00e4\u00e4n kysymykseen ei l\u00f6ytynyt heti, vaan tein satunnaisia ty\u00f6p\u00e4tki\u00e4 kaupan kassalla. Hain yhteishauissa paniikissa ja pakon edest\u00e4 erilaisille aloille, muttei yksik\u00e4\u00e4n niist\u00e4 kiinnostanut tarpeeksi, jotta olisin edes yritt\u00e4nyt lukea p\u00e4\u00e4sykokeisiin.<br \/>\nMietin, kuinka voisin k\u00e4ytt\u00e4\u00e4 taiteellista osaamistani ja k\u00e4sill\u00e4 tekemisen taitoa ty\u00f6el\u00e4m\u00e4ss\u00e4, ja vuoden 2018 lopussa sainkin pienen ahaa-el\u00e4myksen. Aloin tekem\u00e4\u00e4n selvitysty\u00f6t\u00e4 pintak\u00e4sittelyalan opinnoista.<br \/>\nLyhyen harkinnan j\u00e4lkeen p\u00e4\u00e4tin hakea jatkuvassa haussa ja otin yhteytt\u00e4 Ammattiopisto Samieduun. \u201dMie halluun tulla teille opiskelemaan pintak\u00e4sittelyalaa\u201d. \u00a0\u00a0\u00a0<\/em><\/p>\n<p><em>Yksinkertaisen ja nopean hakuprosessin tuloksena aloitin opinnot Samiedussa helmikuussa 2019 Pasi Vilpposen opetuksessa. Maalausala tuntui alusta l\u00e4htien niin sanotusti omalta jutulta, ja tiesin silt\u00e4 istumalta, ett\u00e4 haluan valmistua alalle.<br \/>\nAjatus yritt\u00e4jyydest\u00e4 oli tuolloin vieras, enk\u00e4 koskaan ollut sit\u00e4 edes harkinnut mill\u00e4\u00e4n tasolla. Mielenkiinto kuitenkin syttyi syksyll\u00e4 2019, luokkakaverin mainitessa omasta NY-yrityksest\u00e4\u00e4n ja jostain tulevasta yritt\u00e4jyystapahtumasta. Aloittelin samoihin aikoihin ammatillisissa opinoissa valinnaisia tutkinnon osia, koriste- ja erikoismaalausta, ja olin niiss\u00e4 lahjakas. Sain vision: ent\u00e4 jos kokeilisin riskitt\u00f6m\u00e4sti yritt\u00e4jyytt\u00e4 tekem\u00e4ll\u00e4 sit\u00e4, miss\u00e4 olin oikeasti hyv\u00e4?<br \/>\nTutustuin Vuosi Yritt\u00e4j\u00e4n\u00e4- hankkeeseen ja NY-yritt\u00e4jyyteen Samiedun projektikoordinaattori Tuire Pervil\u00e4n opastuksella. Ideat ruokkivat toisiaan, ja pian olinkin jo perustanut oman NY-yrityksen, Koristemaalaus Riihij\u00e4rvi NY:n. NY-yrityst\u00e4 harjoittamalla suoritin samalla valinnaista tutkinnon osaa Yritt\u00e4j\u00e4n\u00e4 toimiminen ja n\u00e4in my\u00f6s opintoni eteniv\u00e4t.<br \/>\nNY-yritys oli kuin oikea yritys: tehtiin liiketoimintasuunnitelma, pidettiin perustamiskokous, budjetoitiin, hinnoiteltiin oma ty\u00f6 ja markkinoitiin. Sain tehd\u00e4 useita asiakast\u00f6it\u00e4, ja opin matkan varrella sen kaikkein t\u00e4rkeimm\u00e4n, ehk\u00e4 hieman kantap\u00e4\u00e4n kautta, oman ty\u00f6n hinnan. Opin arvostamaan omaa k\u00e4denj\u00e4lke\u00e4ni ja aikaani aivan uudella tavalla.<br \/>\nNY-yritys oli ensin semmoinen leikkimielinen kokeilu, mutta opintojeni edetess\u00e4 ajatus oikeasta yritt\u00e4jyydest\u00e4 ja oman toiminimen perustamisesta vahvistui. Minun tuli ajatella my\u00f6s ty\u00f6llistymist\u00e4ni valmistumisen j\u00e4lkeen, joka niill\u00e4 n\u00e4kymin tulisi sijoittumaan syksyyn. Maalareillehan harvemmin on t\u00f6it\u00e4 tarjolla loppuvuodesta, enk\u00e4 osaisi mill\u00e4\u00e4n olla vaan kotona tekem\u00e4tt\u00e4 mit\u00e4\u00e4n. <\/em><\/p>\n<p><em>Ty\u00f6llistin itseni viel\u00e4 kes\u00e4ll\u00e4 2020 tekem\u00e4ll\u00e4 t\u00f6it\u00e4 NY-yritt\u00e4j\u00e4n\u00e4, mutta uhkaavasti l\u00e4hestyv\u00e4 valmistuminen ammattiin painosti tekem\u00e4\u00e4n p\u00e4\u00e4t\u00f6ksi\u00e4. Olisiko minusta oikeaksi yritt\u00e4j\u00e4ksi? Voisiko yritystoiminta olla kannattavaa n\u00e4in pienell\u00e4 paikkakunnalla? Ent\u00e4 ne kaikki byrokraattiset asiat, mist\u00e4 en ymm\u00e4rt\u00e4nyt?<br \/>\nSain opinnot pakettiin ja valmistuin rakennusmaalariksi syyskuussa 2020. T\u00e4ss\u00e4 vaiheessa tiesin, ett\u00e4 yritt\u00e4minen on kokeilemisen arvoinen polku. Tiesin my\u00f6s sen, etten p\u00e4rj\u00e4\u00e4 yksin yrityst\u00e4 valmistelevien asioiden hoitamisessa, joten otin yhteytt\u00e4 It\u00e4-Savon Uusyrityskeskukseen. It\u00e4- Savon Uusyrityskeskuksen Piia Soikkeli auttoi minua hiomaan liiketoimintasuunnitelmaa ja tekem\u00e4\u00e4n kaikki tarvittavat laskelmat liittyen rahoitukseen ja kannattavuuteen. Ilman Piian apua miettisin niit\u00e4 laskelmia viel\u00e4kin!<\/em><\/p>\n<p><em>Yrityksen perustaminen on t\u00e4ll\u00e4 hetkell\u00e4 rahoitusta ja starttirahahakemusta vaille valmis. Vastoin odotuksiani, ty\u00f6llistyin kuitenkin valmistumisen j\u00e4lkeen hetkeksi, nimitt\u00e4in pintak\u00e4sittelyalan taitovalmentajaksi Samiedulla. T\u00e4m\u00e4n vuoksi yritysasiat ovat juuri nyt pienell\u00e4 tauolla, mutta visioita syntyy jatkuvasti lis\u00e4\u00e4. Saan paljon tukea ja ideoita my\u00f6s entiselt\u00e4 opettajaltani ja nykyiselt\u00e4 ty\u00f6kollegaltani Pasilta. <\/em><\/p>\n<p><em>V\u00e4lill\u00e4 asiat tuntuvat hankalilta ja etenkin t\u00e4m\u00e4nhetkinen pandemia tuo ahdinkoa ja ep\u00e4vakautta monelle, mutta min\u00e4 haluan olla rohkea ja alkaa yritt\u00e4j\u00e4ksi. Haluan toteuttaa ja haastaa itse\u00e4ni, sek\u00e4 kannustaa muita tavoittelemaan samaa. \u00a0Eik\u00e4 kenenk\u00e4\u00e4n tarvitse n\u00e4iss\u00e4 hommissa p\u00e4rj\u00e4t\u00e4 yksin, sill\u00e4 tukea on aina saatavilla!<\/em><\/p>\n<p>Ammattiopisto Samiedu tekee yhteisty\u00f6t\u00e4 Nuori Yritt\u00e4jyys ry:n kanssa. Pohjois-karjalan Joensuun aluep\u00e4\u00e4llikk\u00f6 Sanna R\u00e4ty on Savonlinnaa l\u00e4hell\u00e4 oleva innoittaja ja kannustaa tekem\u00e4\u00e4n ty\u00f6t\u00e4, joka on itselle merkityksellist\u00e4. Sannan mukaan yritt\u00e4jyys l\u00e4htee liikkeelle monesti hyv\u00e4st\u00e4 ideasta, jota haluaa vied\u00e4 eteenp\u00e4in. T\u00e4m\u00e4 on erinomainen l\u00e4ht\u00f6kohta tulla mukaan Vuosi Yritt\u00e4j\u00e4n\u00e4 ohjelmaan, jossa Paulakin on ollut mukana tekem\u00e4ss\u00e4 oman NY-yrityksens\u00e4. NY on lyhennys Nuori Yritt\u00e4jyys ry:st\u00e4, joka on valtakunnallinen yritt\u00e4jyyskasvatusj\u00e4rjest\u00f6. Nuori Yritt\u00e4jyys ry:ll\u00e4 on ohjelmia, joihin opiskelijat p\u00e4\u00e4sev\u00e4t mukaan eri oppilaitoksissa. Yksi n\u00e4ist\u00e4 ohjelmista on Vuosi Yritt\u00e4j\u00e4n\u00e4-ohjelma. Ohjelmassa p\u00e4\u00e4see kokeilemaan ja harjoittelemaan yritt\u00e4jyytt\u00e4 ihan oikeasti tekem\u00e4ll\u00e4 oppien. Tukena on opettaja Samiedusta, joten harjoittelu on my\u00f6s turvallista ja ennen kaikkea hyv\u00e4ss\u00e4 porukassa mukavaa. Monet NY-yritt\u00e4j\u00e4t tekev\u00e4t toimintaa tiimiss\u00e4, jolloin voidaan yhdess\u00e4 kokeilla vahvuuksien mukaista juttua, yhdess\u00e4 pohtien ja oppien. Kannattaa tulla mukaan ja saada hyv\u00e4\u00e4 oppia ty\u00f6el\u00e4m\u00e4-, talous- ja yritt\u00e4jyystaidoista, kulkipa polku joko itsen\u00e4iseksi yritt\u00e4j\u00e4ksi tai monipuoliseksi palkkatoimijaksi.<\/p>\n<p><strong>\u00a0Mahdollistamme yhteisty\u00f6ss\u00e4 yritt\u00e4jyytt\u00e4 ja tuemme yritt\u00e4j\u00e4ksi aikovan polkua:<\/strong><\/p>\n<p><img loading=\"lazy\" decoding=\"async\" class=\"alignnone  wp-image-3199 img-fluid\" src=\"https:\/\/itasavonuusyrityskeskus.fi\/wp-content\/uploads\/2020\/12\/yhteistyo.png\" alt=\"\" width=\"660\" height=\"441\" \/><\/p>\n","protected":false},"excerpt":{"rendered":"<p>Paulan innostus yritt\u00e4jyyteen syttyi ammattiopisto Samiedussa Nuori Yritt\u00e4jyys ry:n Vuosi yritt\u00e4j\u00e4n\u00e4 -ohjelman kautta. H\u00e4nt\u00e4 siivitti eteenp\u00e4in oma motivaatio ja tekem\u00e4ll\u00e4 oppiminen sek\u00e4 It\u00e4-Savon&#8230;<\/p>\n","protected":false},"author":1,"featured_media":0,"comment_status":"","ping_status":"","sticky":false,"template":"","format":"standard","meta":{"footnotes":""},"categories":[1],"tags":[],"class_list":["post-1410","post","type-post","status-publish","format-standard","hentry","category-yleinen"],"yoast_head":"<!-- This site is optimized with the Yoast SEO plugin v27.5 - https:\/\/yoast.com\/product\/yoast-seo-wordpress\/ -->\n<title>\u00a0Mahdollistamme yritt\u00e4jyyden yhteisty\u00f6ss\u00e4 ja tuemme yritt\u00e4j\u00e4ksi aikovan polkua. - It\u00e4-Savon Uusyrityskeskus<\/title>\n<meta name=\"robots\" content=\"index, follow, max-snippet:-1, max-image-preview:large, max-video-preview:-1\" \/>\n<link rel=\"canonical\" href=\"https:\/\/itasavonuusyrityskeskus.fi\/mahdollistamme-yrittajyyden-yhteistyossa-ja-tuemme-yrittajaksi-aikovan-polkua\/\" \/>\n<meta property=\"og:locale\" content=\"en_US\" \/>\n<meta property=\"og:type\" content=\"article\" \/>\n<meta property=\"og:title\" content=\"\u00a0Mahdollistamme yritt\u00e4jyyden yhteisty\u00f6ss\u00e4 ja tuemme yritt\u00e4j\u00e4ksi aikovan polkua. - It\u00e4-Savon Uusyrityskeskus\" \/>\n<meta property=\"og:description\" content=\"Paulan innostus yritt\u00e4jyyteen syttyi ammattiopisto Samiedussa Nuori Yritt\u00e4jyys ry:n Vuosi yritt\u00e4j\u00e4n\u00e4 -ohjelman kautta. H\u00e4nt\u00e4 siivitti eteenp\u00e4in oma motivaatio ja tekem\u00e4ll\u00e4 oppiminen sek\u00e4 It\u00e4-Savon...\" \/>\n<meta property=\"og:url\" content=\"https:\/\/itasavonuusyrityskeskus.fi\/mahdollistamme-yrittajyyden-yhteistyossa-ja-tuemme-yrittajaksi-aikovan-polkua\/\" \/>\n<meta property=\"og:site_name\" content=\"It\u00e4-Savon Uusyrityskeskus\" \/>\n<meta property=\"article:publisher\" content=\"https:\/\/www.facebook.com\/isuyk\/\" \/>\n<meta property=\"article:published_time\" content=\"2020-12-04T06:33:44+00:00\" \/>\n<meta property=\"og:image\" content=\"https:\/\/itasavonuusyrityskeskus.fi\/wp-content\/uploads\/2020\/12\/Paula.jpg\" \/>\n<meta name=\"twitter:card\" content=\"summary_large_image\" \/>\n<meta name=\"twitter:label1\" content=\"Written by\" \/>\n\t<meta name=\"twitter:data1\" content=\"\" \/>\n\t<meta name=\"twitter:label2\" content=\"Est. reading time\" \/>\n\t<meta name=\"twitter:data2\" content=\"5 minutes\" \/>\n<script type=\"application\/ld+json\" class=\"yoast-schema-graph\">{\"@context\":\"https:\\\/\\\/schema.org\",\"@graph\":[{\"@type\":\"Article\",\"@id\":\"https:\\\/\\\/itasavonuusyrityskeskus.fi\\\/mahdollistamme-yrittajyyden-yhteistyossa-ja-tuemme-yrittajaksi-aikovan-polkua\\\/#article\",\"isPartOf\":{\"@id\":\"https:\\\/\\\/itasavonuusyrityskeskus.fi\\\/mahdollistamme-yrittajyyden-yhteistyossa-ja-tuemme-yrittajaksi-aikovan-polkua\\\/\"},\"author\":{\"name\":\"\",\"@id\":\"\"},\"headline\":\"\u00a0Mahdollistamme yritt\u00e4jyyden yhteisty\u00f6ss\u00e4 ja tuemme yritt\u00e4j\u00e4ksi aikovan polkua.\",\"datePublished\":\"2020-12-04T06:33:44+00:00\",\"mainEntityOfPage\":{\"@id\":\"https:\\\/\\\/itasavonuusyrityskeskus.fi\\\/mahdollistamme-yrittajyyden-yhteistyossa-ja-tuemme-yrittajaksi-aikovan-polkua\\\/\"},\"wordCount\":1032,\"publisher\":{\"@id\":\"https:\\\/\\\/itasavonuusyrityskeskus.fi\\\/#organization\"},\"image\":{\"@id\":\"https:\\\/\\\/itasavonuusyrityskeskus.fi\\\/mahdollistamme-yrittajyyden-yhteistyossa-ja-tuemme-yrittajaksi-aikovan-polkua\\\/#primaryimage\"},\"thumbnailUrl\":\"https:\\\/\\\/itasavonuusyrityskeskus.fi\\\/wp-content\\\/uploads\\\/2020\\\/12\\\/Paula.jpg\",\"articleSection\":[\"Yleinen\"],\"inLanguage\":\"en-US\"},{\"@type\":\"WebPage\",\"@id\":\"https:\\\/\\\/itasavonuusyrityskeskus.fi\\\/mahdollistamme-yrittajyyden-yhteistyossa-ja-tuemme-yrittajaksi-aikovan-polkua\\\/\",\"url\":\"https:\\\/\\\/itasavonuusyrityskeskus.fi\\\/mahdollistamme-yrittajyyden-yhteistyossa-ja-tuemme-yrittajaksi-aikovan-polkua\\\/\",\"name\":\"\u00a0Mahdollistamme yritt\u00e4jyyden yhteisty\u00f6ss\u00e4 ja tuemme yritt\u00e4j\u00e4ksi aikovan polkua. - It\u00e4-Savon Uusyrityskeskus\",\"isPartOf\":{\"@id\":\"https:\\\/\\\/itasavonuusyrityskeskus.fi\\\/#website\"},\"primaryImageOfPage\":{\"@id\":\"https:\\\/\\\/itasavonuusyrityskeskus.fi\\\/mahdollistamme-yrittajyyden-yhteistyossa-ja-tuemme-yrittajaksi-aikovan-polkua\\\/#primaryimage\"},\"image\":{\"@id\":\"https:\\\/\\\/itasavonuusyrityskeskus.fi\\\/mahdollistamme-yrittajyyden-yhteistyossa-ja-tuemme-yrittajaksi-aikovan-polkua\\\/#primaryimage\"},\"thumbnailUrl\":\"https:\\\/\\\/itasavonuusyrityskeskus.fi\\\/wp-content\\\/uploads\\\/2020\\\/12\\\/Paula.jpg\",\"datePublished\":\"2020-12-04T06:33:44+00:00\",\"inLanguage\":\"en-US\",\"potentialAction\":[{\"@type\":\"ReadAction\",\"target\":[\"https:\\\/\\\/itasavonuusyrityskeskus.fi\\\/mahdollistamme-yrittajyyden-yhteistyossa-ja-tuemme-yrittajaksi-aikovan-polkua\\\/\"]}]},{\"@type\":\"ImageObject\",\"inLanguage\":\"en-US\",\"@id\":\"https:\\\/\\\/itasavonuusyrityskeskus.fi\\\/mahdollistamme-yrittajyyden-yhteistyossa-ja-tuemme-yrittajaksi-aikovan-polkua\\\/#primaryimage\",\"url\":\"https:\\\/\\\/itasavonuusyrityskeskus.fi\\\/wp-content\\\/uploads\\\/2020\\\/12\\\/Paula.jpg\",\"contentUrl\":\"https:\\\/\\\/itasavonuusyrityskeskus.fi\\\/wp-content\\\/uploads\\\/2020\\\/12\\\/Paula.jpg\"},{\"@type\":\"WebSite\",\"@id\":\"https:\\\/\\\/itasavonuusyrityskeskus.fi\\\/#website\",\"url\":\"https:\\\/\\\/itasavonuusyrityskeskus.fi\\\/\",\"name\":\"It\u00e4-Savon Uusyrityskeskus\",\"description\":\"Yritt\u00e4jyyden alkutaipaleen neuvontapalvelut Savonlinnan seudulla\",\"publisher\":{\"@id\":\"https:\\\/\\\/itasavonuusyrityskeskus.fi\\\/#organization\"},\"potentialAction\":[{\"@type\":\"SearchAction\",\"target\":{\"@type\":\"EntryPoint\",\"urlTemplate\":\"https:\\\/\\\/itasavonuusyrityskeskus.fi\\\/?s={search_term_string}\"},\"query-input\":{\"@type\":\"PropertyValueSpecification\",\"valueRequired\":true,\"valueName\":\"search_term_string\"}}],\"inLanguage\":\"en-US\"},{\"@type\":\"Organization\",\"@id\":\"https:\\\/\\\/itasavonuusyrityskeskus.fi\\\/#organization\",\"name\":\"It\u00e4-Savon Uusyrityskeskus\",\"url\":\"https:\\\/\\\/itasavonuusyrityskeskus.fi\\\/\",\"logo\":{\"@type\":\"ImageObject\",\"inLanguage\":\"en-US\",\"@id\":\"https:\\\/\\\/itasavonuusyrityskeskus.fi\\\/#\\\/schema\\\/logo\\\/image\\\/\",\"url\":\"https:\\\/\\\/itasavonuusyrityskeskus.fi\\\/wp-content\\\/uploads\\\/2021\\\/09\\\/logo-isuyk.png\",\"contentUrl\":\"https:\\\/\\\/itasavonuusyrityskeskus.fi\\\/wp-content\\\/uploads\\\/2021\\\/09\\\/logo-isuyk.png\",\"width\":400,\"height\":137,\"caption\":\"It\u00e4-Savon Uusyrityskeskus\"},\"image\":{\"@id\":\"https:\\\/\\\/itasavonuusyrityskeskus.fi\\\/#\\\/schema\\\/logo\\\/image\\\/\"},\"sameAs\":[\"https:\\\/\\\/www.facebook.com\\\/isuyk\\\/\"]},{\"@type\":\"Person\",\"@id\":\"\"}]}<\/script>\n<!-- \/ Yoast SEO plugin. -->","yoast_head_json":{"title":"\u00a0Mahdollistamme yritt\u00e4jyyden yhteisty\u00f6ss\u00e4 ja tuemme yritt\u00e4j\u00e4ksi aikovan polkua. - It\u00e4-Savon Uusyrityskeskus","robots":{"index":"index","follow":"follow","max-snippet":"max-snippet:-1","max-image-preview":"max-image-preview:large","max-video-preview":"max-video-preview:-1"},"canonical":"https:\/\/itasavonuusyrityskeskus.fi\/mahdollistamme-yrittajyyden-yhteistyossa-ja-tuemme-yrittajaksi-aikovan-polkua\/","og_locale":"en_US","og_type":"article","og_title":"\u00a0Mahdollistamme yritt\u00e4jyyden yhteisty\u00f6ss\u00e4 ja tuemme yritt\u00e4j\u00e4ksi aikovan polkua. - It\u00e4-Savon Uusyrityskeskus","og_description":"Paulan innostus yritt\u00e4jyyteen syttyi ammattiopisto Samiedussa Nuori Yritt\u00e4jyys ry:n Vuosi yritt\u00e4j\u00e4n\u00e4 -ohjelman kautta. H\u00e4nt\u00e4 siivitti eteenp\u00e4in oma motivaatio ja tekem\u00e4ll\u00e4 oppiminen sek\u00e4 It\u00e4-Savon...","og_url":"https:\/\/itasavonuusyrityskeskus.fi\/mahdollistamme-yrittajyyden-yhteistyossa-ja-tuemme-yrittajaksi-aikovan-polkua\/","og_site_name":"It\u00e4-Savon Uusyrityskeskus","article_publisher":"https:\/\/www.facebook.com\/isuyk\/","article_published_time":"2020-12-04T06:33:44+00:00","og_image":[{"url":"https:\/\/itasavonuusyrityskeskus.fi\/wp-content\/uploads\/2020\/12\/Paula.jpg","type":"","width":"","height":""}],"twitter_card":"summary_large_image","twitter_misc":{"Written by":"","Est. reading time":"5 minutes"},"schema":{"@context":"https:\/\/schema.org","@graph":[{"@type":"Article","@id":"https:\/\/itasavonuusyrityskeskus.fi\/mahdollistamme-yrittajyyden-yhteistyossa-ja-tuemme-yrittajaksi-aikovan-polkua\/#article","isPartOf":{"@id":"https:\/\/itasavonuusyrityskeskus.fi\/mahdollistamme-yrittajyyden-yhteistyossa-ja-tuemme-yrittajaksi-aikovan-polkua\/"},"author":{"name":"","@id":""},"headline":"\u00a0Mahdollistamme yritt\u00e4jyyden yhteisty\u00f6ss\u00e4 ja tuemme yritt\u00e4j\u00e4ksi aikovan polkua.","datePublished":"2020-12-04T06:33:44+00:00","mainEntityOfPage":{"@id":"https:\/\/itasavonuusyrityskeskus.fi\/mahdollistamme-yrittajyyden-yhteistyossa-ja-tuemme-yrittajaksi-aikovan-polkua\/"},"wordCount":1032,"publisher":{"@id":"https:\/\/itasavonuusyrityskeskus.fi\/#organization"},"image":{"@id":"https:\/\/itasavonuusyrityskeskus.fi\/mahdollistamme-yrittajyyden-yhteistyossa-ja-tuemme-yrittajaksi-aikovan-polkua\/#primaryimage"},"thumbnailUrl":"https:\/\/itasavonuusyrityskeskus.fi\/wp-content\/uploads\/2020\/12\/Paula.jpg","articleSection":["Yleinen"],"inLanguage":"en-US"},{"@type":"WebPage","@id":"https:\/\/itasavonuusyrityskeskus.fi\/mahdollistamme-yrittajyyden-yhteistyossa-ja-tuemme-yrittajaksi-aikovan-polkua\/","url":"https:\/\/itasavonuusyrityskeskus.fi\/mahdollistamme-yrittajyyden-yhteistyossa-ja-tuemme-yrittajaksi-aikovan-polkua\/","name":"\u00a0Mahdollistamme yritt\u00e4jyyden yhteisty\u00f6ss\u00e4 ja tuemme yritt\u00e4j\u00e4ksi aikovan polkua. - It\u00e4-Savon Uusyrityskeskus","isPartOf":{"@id":"https:\/\/itasavonuusyrityskeskus.fi\/#website"},"primaryImageOfPage":{"@id":"https:\/\/itasavonuusyrityskeskus.fi\/mahdollistamme-yrittajyyden-yhteistyossa-ja-tuemme-yrittajaksi-aikovan-polkua\/#primaryimage"},"image":{"@id":"https:\/\/itasavonuusyrityskeskus.fi\/mahdollistamme-yrittajyyden-yhteistyossa-ja-tuemme-yrittajaksi-aikovan-polkua\/#primaryimage"},"thumbnailUrl":"https:\/\/itasavonuusyrityskeskus.fi\/wp-content\/uploads\/2020\/12\/Paula.jpg","datePublished":"2020-12-04T06:33:44+00:00","inLanguage":"en-US","potentialAction":[{"@type":"ReadAction","target":["https:\/\/itasavonuusyrityskeskus.fi\/mahdollistamme-yrittajyyden-yhteistyossa-ja-tuemme-yrittajaksi-aikovan-polkua\/"]}]},{"@type":"ImageObject","inLanguage":"en-US","@id":"https:\/\/itasavonuusyrityskeskus.fi\/mahdollistamme-yrittajyyden-yhteistyossa-ja-tuemme-yrittajaksi-aikovan-polkua\/#primaryimage","url":"https:\/\/itasavonuusyrityskeskus.fi\/wp-content\/uploads\/2020\/12\/Paula.jpg","contentUrl":"https:\/\/itasavonuusyrityskeskus.fi\/wp-content\/uploads\/2020\/12\/Paula.jpg"},{"@type":"WebSite","@id":"https:\/\/itasavonuusyrityskeskus.fi\/#website","url":"https:\/\/itasavonuusyrityskeskus.fi\/","name":"It\u00e4-Savon Uusyrityskeskus","description":"Yritt\u00e4jyyden alkutaipaleen neuvontapalvelut Savonlinnan seudulla","publisher":{"@id":"https:\/\/itasavonuusyrityskeskus.fi\/#organization"},"potentialAction":[{"@type":"SearchAction","target":{"@type":"EntryPoint","urlTemplate":"https:\/\/itasavonuusyrityskeskus.fi\/?s={search_term_string}"},"query-input":{"@type":"PropertyValueSpecification","valueRequired":true,"valueName":"search_term_string"}}],"inLanguage":"en-US"},{"@type":"Organization","@id":"https:\/\/itasavonuusyrityskeskus.fi\/#organization","name":"It\u00e4-Savon Uusyrityskeskus","url":"https:\/\/itasavonuusyrityskeskus.fi\/","logo":{"@type":"ImageObject","inLanguage":"en-US","@id":"https:\/\/itasavonuusyrityskeskus.fi\/#\/schema\/logo\/image\/","url":"https:\/\/itasavonuusyrityskeskus.fi\/wp-content\/uploads\/2021\/09\/logo-isuyk.png","contentUrl":"https:\/\/itasavonuusyrityskeskus.fi\/wp-content\/uploads\/2021\/09\/logo-isuyk.png","width":400,"height":137,"caption":"It\u00e4-Savon Uusyrityskeskus"},"image":{"@id":"https:\/\/itasavonuusyrityskeskus.fi\/#\/schema\/logo\/image\/"},"sameAs":["https:\/\/www.facebook.com\/isuyk\/"]},{"@type":"Person","@id":""}]}},"_links":{"self":[{"href":"https:\/\/itasavonuusyrityskeskus.fi\/en\/wp-json\/wp\/v2\/posts\/1410","targetHints":{"allow":["GET"]}}],"collection":[{"href":"https:\/\/itasavonuusyrityskeskus.fi\/en\/wp-json\/wp\/v2\/posts"}],"about":[{"href":"https:\/\/itasavonuusyrityskeskus.fi\/en\/wp-json\/wp\/v2\/types\/post"}],"author":[{"embeddable":true,"href":"https:\/\/itasavonuusyrityskeskus.fi\/en\/wp-json\/wp\/v2\/users\/1"}],"replies":[{"embeddable":true,"href":"https:\/\/itasavonuusyrityskeskus.fi\/en\/wp-json\/wp\/v2\/comments?post=1410"}],"version-history":[{"count":0,"href":"https:\/\/itasavonuusyrityskeskus.fi\/en\/wp-json\/wp\/v2\/posts\/1410\/revisions"}],"wp:attachment":[{"href":"https:\/\/itasavonuusyrityskeskus.fi\/en\/wp-json\/wp\/v2\/media?parent=1410"}],"wp:term":[{"taxonomy":"category","embeddable":true,"href":"https:\/\/itasavonuusyrityskeskus.fi\/en\/wp-json\/wp\/v2\/categories?post=1410"},{"taxonomy":"post_tag","embeddable":true,"href":"https:\/\/itasavonuusyrityskeskus.fi\/en\/wp-json\/wp\/v2\/tags?post=1410"}],"curies":[{"name":"wp","href":"https:\/\/api.w.org\/{rel}","templated":true}]}}