{"id":1418,"date":"2020-09-08T08:20:05","date_gmt":"2020-09-08T05:20:05","guid":{"rendered":"https:\/\/itasavonuusyrityskeskus.fi\/omistajanvaihdoksen-kautta-yrittajiksi\/"},"modified":"2020-09-08T08:20:05","modified_gmt":"2020-09-08T05:20:05","slug":"omistajanvaihdoksen-kautta-yrittajiksi","status":"publish","type":"post","link":"https:\/\/itasavonuusyrityskeskus.fi\/en\/omistajanvaihdoksen-kautta-yrittajiksi\/","title":{"rendered":"Omistajanvaihdoksen kautta yritt\u00e4jiksi"},"content":{"rendered":"<h5>\u201dMie l\u00e4hen\u201d, oli sinetti yhteiselle yritykselle. Reetta Sahinjoki ja Risto Tuunanen ovat tyytyv\u00e4isi\u00e4 valintaansa.<\/h5>\n<p>\u201dMie l\u00e4hen!\u201d N\u00e4in totesi puolittain unessa oleva Reetta Sahinjoki noin nelj\u00e4 vuotta sitten avomiehelleen Risto Tuunaselle, joka aamuy\u00f6n tunteina pohti itsekseen, kenest\u00e4 saisi kumppanin myyt\u00e4v\u00e4n\u00e4 olevaan yritykseen.<\/p>\n<p>Vajaan kahden kuukauden p\u00e4\u00e4st\u00e4 tuosta lausahduksesta Sahinjoki ja Tuunanen olivat allekirjoittaneet omistajanvaihdossopimuksen, jossa heist\u00e4 tuli erilaisia teippauksia ja tekstiilipainatuksia tekev\u00e4n Savonlinnan Mainospalvelun yritt\u00e4ji\u00e4. Graafisen alan t\u00f6it\u00e4 aiemmin toiminimell\u00e4 tehnyt Tuunanen sanoo, ett\u00e4 uusi yritt\u00e4j\u00e4ura sattui juuri sopivaan kohtaan.<\/p>\n<p>\u2013 Olin graafikkona siin\u00e4 vaiheessa, ett\u00e4 t\u00f6it\u00e4 oli liikaa yhdelle mutta ei riitt\u00e4v\u00e4sti kahdelle, eli olin hieman ylity\u00f6llistetty ja ehk\u00e4 v\u00e4h\u00e4n v\u00e4synytkin siihen tilanteeseen. N\u00e4in heti, ett\u00e4 Savonlinnan Mainospalvelu tarjoaa uusia mielenkiintoisia haasteita.<\/p>\n<p>My\u00f6s Sahinjoki kertoo vuosien varrella py\u00f6ritelleens\u00e4 mieless\u00e4\u00e4n yritysideoita. Ty\u00f6 vaateliikkeess\u00e4 oli mukavaa, mutta ei loppuel\u00e4m\u00e4n ura. Tutustumisk\u00e4ynti Savonlinnan Mainospalveluun sai h\u00e4net vakuuttumaan siit\u00e4, ett\u00e4 nyt oli mahdollisuus aloittaa jotain kokonaan uutta.<\/p>\n<p>\u2013 En ollut aiemmin edes tajunnut, ett\u00e4 t\u00e4llaista toimialaa on olemassa. Nyt mietin l\u00e4hes p\u00e4ivitt\u00e4in, miten meille k\u00e4vik\u00e4\u00e4n n\u00e4in hyv\u00e4 flaksi, ett\u00e4 saamme toimeentulon alalta, joka motivoi meit\u00e4 molempia.<\/p>\n<h5>Omistajanvaihdos oli onnistunut ratkaisu<\/h5>\n<p>Kaksikko sanoo, ett\u00e4 nelj\u00e4n vuoden yritt\u00e4jyyden j\u00e4lkeen ty\u00f6t rullaavat jo mukavasti omalla painollaan. En\u00e4\u00e4 ei vastaan tule tilauksia, jotka saisivat ep\u00e4ilem\u00e4\u00e4n omaa osaamista.<\/p>\n<p>\u2013 Emme hetke\u00e4k\u00e4\u00e4n ep\u00e4r\u00f6ineet, ettemmek\u00f6 pystyisi t\u00e4h\u00e4n. Meill\u00e4 oli kova halu oppia uutta.<\/p>\n<p>Sahinjoki ja Tuunanen korostavat, ett\u00e4 alussa t\u00e4rkeint\u00e4 oli se, ett\u00e4 entinen yritt\u00e4j\u00e4 oli tukena ja opetti heit\u00e4 k\u00e4dest\u00e4 pit\u00e4en. Samoin It\u00e4-Savon Uusyrityskeskus oli omistajanvaihdoksessa t\u00e4rke\u00e4ss\u00e4 roolissa. He pit\u00e4v\u00e4t toiminnassa olevan yrityksen ostamista erinomaisena v\u00e4yl\u00e4n\u00e4 yritt\u00e4j\u00e4ksi.<\/p>\n<p>\u2013 On aina helpompi l\u00e4hte\u00e4 yritt\u00e4j\u00e4ksi, kun br\u00e4ndi ja asiakaskunta ovat valmiina. T\u00f6it\u00e4 on tietenkin teht\u00e4v\u00e4 sen eteen, ett\u00e4 asiakkaat pysyv\u00e4t.<\/p>\n<p>Sahinjoki naurahtaa, ett\u00e4 intoa tekemiseen on ollut v\u00e4lill\u00e4 liikaakin, mutta yrityst\u00e4 on haluttu vied\u00e4 eteenp\u00e4in maltillisesti. Isoimpiin muutoksiin kuluneen nelj\u00e4n vuoden aikana kuuluu yrityksen siirt\u00e4minen uusiin toimitiloihin viime vuoden toukokuussa.<\/p>\n<p>\u2013 Ihan alussa muutimme logon ja p\u00e4ivitimme yrityksen ilmett\u00e4. T\u00e4m\u00e4n vuoden puolella avaamme ty\u00f6n alla jo pitk\u00e4\u00e4n olleet nettisivut. Muutakin uutta on luvassa, mutta siit\u00e4 kerromme lis\u00e4\u00e4 my\u00f6hemmin.<\/p>\n<h5>Yritt\u00e4jyys on palkitsevaa<\/h5>\n<p>Mutta miten on yritt\u00e4j\u00e4n vapaa-ajan laita, onko sit\u00e4? Sahinjoki sanoo, ett\u00e4 yritystoiminnan alussa vuorokaudessa olisi voinut olla ajoittain enemm\u00e4n tunteja, mutta nyttemmin ty\u00f6t\u00e4 ja vapaa-aikaa on sopivassa suhteessa. Erityisen t\u00e4rke\u00e4\u00e4 se on perhe-el\u00e4m\u00e4n kannalta. Sahinjoella ja Tuunasella on kaksi lasta, Lukas, 6, ja Lili, 2,5.<\/p>\n<p>\u2013 Sovimme jo aika alkuvaiheessa, ett\u00e4 kotona ty\u00f6asioista puhutaan mahdollisimman v\u00e4h\u00e4n. Ylip\u00e4\u00e4t\u00e4\u00e4n ei ole mit\u00e4\u00e4n j\u00e4rke\u00e4 polttaa itse\u00e4\u00e4n ty\u00f6ll\u00e4 loppuun, sill\u00e4 se vie tekemisest\u00e4 ilon ja motivaation, yritt\u00e4j\u00e4pariskunta sanoo.<\/p>\n<p>Yritt\u00e4jyyden ehdottomaksi plussaksi Sahinjoki ja Tuunanen nime\u00e4v\u00e4t mahdollisuuden vaikuttaa omaan ty\u00f6h\u00f6ns\u00e4. He iloitsevat my\u00f6s uusista kontakteista, jotka yritt\u00e4jyys on mahdollistanut.<\/p>\n<p>\u2013 Toiset yritt\u00e4j\u00e4t ovat t\u00e4rke\u00e4 tukiverkko. Kannustamme toisiamme, kysymme kuulumisia ja vaihdamme ideoita. Osasta on tullut jopa yst\u00e4vi\u00e4. Kaiken kaikkiaan t\u00e4m\u00e4 yritys on antanut meille sen, mit\u00e4 toivoimmekin ja jopa enemm\u00e4n.<\/p>\n<p>Tulevaa yritt\u00e4j\u00e4n p\u00e4iv\u00e4\u00e4 Sahinjoki ja Tuunanen aikovat juhlia k\u00e4ym\u00e4ll\u00e4 yhdess\u00e4 lounaalla. He toteavat, ett\u00e4 se on hyv\u00e4 p\u00e4iv\u00e4 pys\u00e4hty\u00e4 miettim\u00e4\u00e4n omaa yritt\u00e4jyytt\u00e4\u00e4n.<\/p>\n<p>\u2013 Ehk\u00e4 voimme jopa hieman taputtaa itse\u00e4mme olkap\u00e4\u00e4lle ja todeta, ett\u00e4 hyvin me olemme onnistuneet ainakin t\u00e4h\u00e4n saakka.<\/p>\n<p>Tekstin ja kuvan Enter To Business-hankkeelle tuottanut Erja Eliala.<\/p>\n<p>&nbsp;<\/p>\n<p>&nbsp;<\/p>\n<p>&nbsp;<\/p>\n<p>&nbsp;<\/p>\n<p>&nbsp;<\/p>\n<p>&nbsp;<\/p>\n<p>&nbsp;<\/p>\n<p>&nbsp;<\/p>\n<p>&nbsp;<\/p>\n<p>&nbsp;<\/p>\n","protected":false},"excerpt":{"rendered":"<p>\u201dMie l\u00e4hen\u201d, oli sinetti yhteiselle yritykselle. Reetta Sahinjoki ja Risto Tuunanen ovat tyytyv\u00e4isi\u00e4 valintaansa. \u201dMie l\u00e4hen!\u201d N\u00e4in totesi puolittain unessa oleva Reetta Sahinjoki&#8230;<\/p>\n","protected":false},"author":1,"featured_media":547,"comment_status":"","ping_status":"","sticky":false,"template":"","format":"standard","meta":{"footnotes":""},"categories":[28],"tags":[],"class_list":["post-1418","post","type-post","status-publish","format-standard","has-post-thumbnail","hentry","category-all","hanke_category-enter-to-business-2019"],"yoast_head":"<!-- This site is optimized with the Yoast SEO plugin v27.5 - https:\/\/yoast.com\/product\/yoast-seo-wordpress\/ -->\n<title>Omistajanvaihdoksen kautta yritt\u00e4jiksi - It\u00e4-Savon Uusyrityskeskus<\/title>\n<meta name=\"robots\" content=\"index, follow, max-snippet:-1, max-image-preview:large, max-video-preview:-1\" \/>\n<link rel=\"canonical\" href=\"https:\/\/itasavonuusyrityskeskus.fi\/omistajanvaihdoksen-kautta-yrittajiksi\/\" \/>\n<meta property=\"og:locale\" content=\"en_US\" \/>\n<meta property=\"og:type\" content=\"article\" \/>\n<meta property=\"og:title\" content=\"Omistajanvaihdoksen kautta yritt\u00e4jiksi - It\u00e4-Savon Uusyrityskeskus\" \/>\n<meta property=\"og:description\" content=\"\u201dMie l\u00e4hen\u201d, oli sinetti yhteiselle yritykselle. Reetta Sahinjoki ja Risto Tuunanen ovat tyytyv\u00e4isi\u00e4 valintaansa. \u201dMie l\u00e4hen!\u201d N\u00e4in totesi puolittain unessa oleva Reetta Sahinjoki...\" \/>\n<meta property=\"og:url\" content=\"https:\/\/itasavonuusyrityskeskus.fi\/omistajanvaihdoksen-kautta-yrittajiksi\/\" \/>\n<meta property=\"og:site_name\" content=\"It\u00e4-Savon Uusyrityskeskus\" \/>\n<meta property=\"article:publisher\" content=\"https:\/\/www.facebook.com\/isuyk\/\" \/>\n<meta property=\"article:published_time\" content=\"2020-09-08T05:20:05+00:00\" \/>\n<meta property=\"og:image\" content=\"https:\/\/itasavonuusyrityskeskus.fi\/wp-content\/uploads\/2020\/09\/Reetta-ja-Risto-1-002-scaled-1-1200x630.jpg\" \/>\n\t<meta property=\"og:image:width\" content=\"1200\" \/>\n\t<meta property=\"og:image:height\" content=\"630\" \/>\n\t<meta property=\"og:image:type\" content=\"image\/jpeg\" \/>\n<meta name=\"twitter:card\" content=\"summary_large_image\" \/>\n<meta name=\"twitter:label1\" content=\"Written by\" \/>\n\t<meta name=\"twitter:data1\" content=\"\" \/>\n\t<meta name=\"twitter:label2\" content=\"Est. reading time\" \/>\n\t<meta name=\"twitter:data2\" content=\"3 minutes\" \/>\n<script type=\"application\/ld+json\" class=\"yoast-schema-graph\">{\"@context\":\"https:\\\/\\\/schema.org\",\"@graph\":[{\"@type\":\"Article\",\"@id\":\"https:\\\/\\\/itasavonuusyrityskeskus.fi\\\/omistajanvaihdoksen-kautta-yrittajiksi\\\/#article\",\"isPartOf\":{\"@id\":\"https:\\\/\\\/itasavonuusyrityskeskus.fi\\\/omistajanvaihdoksen-kautta-yrittajiksi\\\/\"},\"author\":{\"name\":\"\",\"@id\":\"\"},\"headline\":\"Omistajanvaihdoksen kautta yritt\u00e4jiksi\",\"datePublished\":\"2020-09-08T05:20:05+00:00\",\"mainEntityOfPage\":{\"@id\":\"https:\\\/\\\/itasavonuusyrityskeskus.fi\\\/omistajanvaihdoksen-kautta-yrittajiksi\\\/\"},\"wordCount\":630,\"publisher\":{\"@id\":\"https:\\\/\\\/itasavonuusyrityskeskus.fi\\\/#organization\"},\"image\":{\"@id\":\"https:\\\/\\\/itasavonuusyrityskeskus.fi\\\/omistajanvaihdoksen-kautta-yrittajiksi\\\/#primaryimage\"},\"thumbnailUrl\":\"https:\\\/\\\/itasavonuusyrityskeskus.fi\\\/wp-content\\\/uploads\\\/2020\\\/09\\\/Reetta-ja-Risto-1-002-scaled-1.jpg\",\"articleSection\":[\"All\"],\"inLanguage\":\"en-US\"},{\"@type\":\"WebPage\",\"@id\":\"https:\\\/\\\/itasavonuusyrityskeskus.fi\\\/omistajanvaihdoksen-kautta-yrittajiksi\\\/\",\"url\":\"https:\\\/\\\/itasavonuusyrityskeskus.fi\\\/omistajanvaihdoksen-kautta-yrittajiksi\\\/\",\"name\":\"Omistajanvaihdoksen kautta yritt\u00e4jiksi - It\u00e4-Savon Uusyrityskeskus\",\"isPartOf\":{\"@id\":\"https:\\\/\\\/itasavonuusyrityskeskus.fi\\\/#website\"},\"primaryImageOfPage\":{\"@id\":\"https:\\\/\\\/itasavonuusyrityskeskus.fi\\\/omistajanvaihdoksen-kautta-yrittajiksi\\\/#primaryimage\"},\"image\":{\"@id\":\"https:\\\/\\\/itasavonuusyrityskeskus.fi\\\/omistajanvaihdoksen-kautta-yrittajiksi\\\/#primaryimage\"},\"thumbnailUrl\":\"https:\\\/\\\/itasavonuusyrityskeskus.fi\\\/wp-content\\\/uploads\\\/2020\\\/09\\\/Reetta-ja-Risto-1-002-scaled-1.jpg\",\"datePublished\":\"2020-09-08T05:20:05+00:00\",\"inLanguage\":\"en-US\",\"potentialAction\":[{\"@type\":\"ReadAction\",\"target\":[\"https:\\\/\\\/itasavonuusyrityskeskus.fi\\\/omistajanvaihdoksen-kautta-yrittajiksi\\\/\"]}]},{\"@type\":\"ImageObject\",\"inLanguage\":\"en-US\",\"@id\":\"https:\\\/\\\/itasavonuusyrityskeskus.fi\\\/omistajanvaihdoksen-kautta-yrittajiksi\\\/#primaryimage\",\"url\":\"https:\\\/\\\/itasavonuusyrityskeskus.fi\\\/wp-content\\\/uploads\\\/2020\\\/09\\\/Reetta-ja-Risto-1-002-scaled-1.jpg\",\"contentUrl\":\"https:\\\/\\\/itasavonuusyrityskeskus.fi\\\/wp-content\\\/uploads\\\/2020\\\/09\\\/Reetta-ja-Risto-1-002-scaled-1.jpg\",\"width\":2560,\"height\":1702},{\"@type\":\"WebSite\",\"@id\":\"https:\\\/\\\/itasavonuusyrityskeskus.fi\\\/#website\",\"url\":\"https:\\\/\\\/itasavonuusyrityskeskus.fi\\\/\",\"name\":\"It\u00e4-Savon Uusyrityskeskus\",\"description\":\"Yritt\u00e4jyyden alkutaipaleen neuvontapalvelut Savonlinnan seudulla\",\"publisher\":{\"@id\":\"https:\\\/\\\/itasavonuusyrityskeskus.fi\\\/#organization\"},\"potentialAction\":[{\"@type\":\"SearchAction\",\"target\":{\"@type\":\"EntryPoint\",\"urlTemplate\":\"https:\\\/\\\/itasavonuusyrityskeskus.fi\\\/?s={search_term_string}\"},\"query-input\":{\"@type\":\"PropertyValueSpecification\",\"valueRequired\":true,\"valueName\":\"search_term_string\"}}],\"inLanguage\":\"en-US\"},{\"@type\":\"Organization\",\"@id\":\"https:\\\/\\\/itasavonuusyrityskeskus.fi\\\/#organization\",\"name\":\"It\u00e4-Savon Uusyrityskeskus\",\"url\":\"https:\\\/\\\/itasavonuusyrityskeskus.fi\\\/\",\"logo\":{\"@type\":\"ImageObject\",\"inLanguage\":\"en-US\",\"@id\":\"https:\\\/\\\/itasavonuusyrityskeskus.fi\\\/#\\\/schema\\\/logo\\\/image\\\/\",\"url\":\"https:\\\/\\\/itasavonuusyrityskeskus.fi\\\/wp-content\\\/uploads\\\/2021\\\/09\\\/logo-isuyk.png\",\"contentUrl\":\"https:\\\/\\\/itasavonuusyrityskeskus.fi\\\/wp-content\\\/uploads\\\/2021\\\/09\\\/logo-isuyk.png\",\"width\":400,\"height\":137,\"caption\":\"It\u00e4-Savon Uusyrityskeskus\"},\"image\":{\"@id\":\"https:\\\/\\\/itasavonuusyrityskeskus.fi\\\/#\\\/schema\\\/logo\\\/image\\\/\"},\"sameAs\":[\"https:\\\/\\\/www.facebook.com\\\/isuyk\\\/\"]},{\"@type\":\"Person\",\"@id\":\"\"}]}<\/script>\n<!-- \/ Yoast SEO plugin. -->","yoast_head_json":{"title":"Omistajanvaihdoksen kautta yritt\u00e4jiksi - It\u00e4-Savon Uusyrityskeskus","robots":{"index":"index","follow":"follow","max-snippet":"max-snippet:-1","max-image-preview":"max-image-preview:large","max-video-preview":"max-video-preview:-1"},"canonical":"https:\/\/itasavonuusyrityskeskus.fi\/omistajanvaihdoksen-kautta-yrittajiksi\/","og_locale":"en_US","og_type":"article","og_title":"Omistajanvaihdoksen kautta yritt\u00e4jiksi - It\u00e4-Savon Uusyrityskeskus","og_description":"\u201dMie l\u00e4hen\u201d, oli sinetti yhteiselle yritykselle. Reetta Sahinjoki ja Risto Tuunanen ovat tyytyv\u00e4isi\u00e4 valintaansa. \u201dMie l\u00e4hen!\u201d N\u00e4in totesi puolittain unessa oleva Reetta Sahinjoki...","og_url":"https:\/\/itasavonuusyrityskeskus.fi\/omistajanvaihdoksen-kautta-yrittajiksi\/","og_site_name":"It\u00e4-Savon Uusyrityskeskus","article_publisher":"https:\/\/www.facebook.com\/isuyk\/","article_published_time":"2020-09-08T05:20:05+00:00","og_image":[{"width":1200,"height":630,"url":"https:\/\/itasavonuusyrityskeskus.fi\/wp-content\/uploads\/2020\/09\/Reetta-ja-Risto-1-002-scaled-1-1200x630.jpg","type":"image\/jpeg"}],"twitter_card":"summary_large_image","twitter_misc":{"Written by":"","Est. reading time":"3 minutes"},"schema":{"@context":"https:\/\/schema.org","@graph":[{"@type":"Article","@id":"https:\/\/itasavonuusyrityskeskus.fi\/omistajanvaihdoksen-kautta-yrittajiksi\/#article","isPartOf":{"@id":"https:\/\/itasavonuusyrityskeskus.fi\/omistajanvaihdoksen-kautta-yrittajiksi\/"},"author":{"name":"","@id":""},"headline":"Omistajanvaihdoksen kautta yritt\u00e4jiksi","datePublished":"2020-09-08T05:20:05+00:00","mainEntityOfPage":{"@id":"https:\/\/itasavonuusyrityskeskus.fi\/omistajanvaihdoksen-kautta-yrittajiksi\/"},"wordCount":630,"publisher":{"@id":"https:\/\/itasavonuusyrityskeskus.fi\/#organization"},"image":{"@id":"https:\/\/itasavonuusyrityskeskus.fi\/omistajanvaihdoksen-kautta-yrittajiksi\/#primaryimage"},"thumbnailUrl":"https:\/\/itasavonuusyrityskeskus.fi\/wp-content\/uploads\/2020\/09\/Reetta-ja-Risto-1-002-scaled-1.jpg","articleSection":["All"],"inLanguage":"en-US"},{"@type":"WebPage","@id":"https:\/\/itasavonuusyrityskeskus.fi\/omistajanvaihdoksen-kautta-yrittajiksi\/","url":"https:\/\/itasavonuusyrityskeskus.fi\/omistajanvaihdoksen-kautta-yrittajiksi\/","name":"Omistajanvaihdoksen kautta yritt\u00e4jiksi - It\u00e4-Savon Uusyrityskeskus","isPartOf":{"@id":"https:\/\/itasavonuusyrityskeskus.fi\/#website"},"primaryImageOfPage":{"@id":"https:\/\/itasavonuusyrityskeskus.fi\/omistajanvaihdoksen-kautta-yrittajiksi\/#primaryimage"},"image":{"@id":"https:\/\/itasavonuusyrityskeskus.fi\/omistajanvaihdoksen-kautta-yrittajiksi\/#primaryimage"},"thumbnailUrl":"https:\/\/itasavonuusyrityskeskus.fi\/wp-content\/uploads\/2020\/09\/Reetta-ja-Risto-1-002-scaled-1.jpg","datePublished":"2020-09-08T05:20:05+00:00","inLanguage":"en-US","potentialAction":[{"@type":"ReadAction","target":["https:\/\/itasavonuusyrityskeskus.fi\/omistajanvaihdoksen-kautta-yrittajiksi\/"]}]},{"@type":"ImageObject","inLanguage":"en-US","@id":"https:\/\/itasavonuusyrityskeskus.fi\/omistajanvaihdoksen-kautta-yrittajiksi\/#primaryimage","url":"https:\/\/itasavonuusyrityskeskus.fi\/wp-content\/uploads\/2020\/09\/Reetta-ja-Risto-1-002-scaled-1.jpg","contentUrl":"https:\/\/itasavonuusyrityskeskus.fi\/wp-content\/uploads\/2020\/09\/Reetta-ja-Risto-1-002-scaled-1.jpg","width":2560,"height":1702},{"@type":"WebSite","@id":"https:\/\/itasavonuusyrityskeskus.fi\/#website","url":"https:\/\/itasavonuusyrityskeskus.fi\/","name":"It\u00e4-Savon Uusyrityskeskus","description":"Yritt\u00e4jyyden alkutaipaleen neuvontapalvelut Savonlinnan seudulla","publisher":{"@id":"https:\/\/itasavonuusyrityskeskus.fi\/#organization"},"potentialAction":[{"@type":"SearchAction","target":{"@type":"EntryPoint","urlTemplate":"https:\/\/itasavonuusyrityskeskus.fi\/?s={search_term_string}"},"query-input":{"@type":"PropertyValueSpecification","valueRequired":true,"valueName":"search_term_string"}}],"inLanguage":"en-US"},{"@type":"Organization","@id":"https:\/\/itasavonuusyrityskeskus.fi\/#organization","name":"It\u00e4-Savon Uusyrityskeskus","url":"https:\/\/itasavonuusyrityskeskus.fi\/","logo":{"@type":"ImageObject","inLanguage":"en-US","@id":"https:\/\/itasavonuusyrityskeskus.fi\/#\/schema\/logo\/image\/","url":"https:\/\/itasavonuusyrityskeskus.fi\/wp-content\/uploads\/2021\/09\/logo-isuyk.png","contentUrl":"https:\/\/itasavonuusyrityskeskus.fi\/wp-content\/uploads\/2021\/09\/logo-isuyk.png","width":400,"height":137,"caption":"It\u00e4-Savon Uusyrityskeskus"},"image":{"@id":"https:\/\/itasavonuusyrityskeskus.fi\/#\/schema\/logo\/image\/"},"sameAs":["https:\/\/www.facebook.com\/isuyk\/"]},{"@type":"Person","@id":""}]}},"_links":{"self":[{"href":"https:\/\/itasavonuusyrityskeskus.fi\/en\/wp-json\/wp\/v2\/posts\/1418","targetHints":{"allow":["GET"]}}],"collection":[{"href":"https:\/\/itasavonuusyrityskeskus.fi\/en\/wp-json\/wp\/v2\/posts"}],"about":[{"href":"https:\/\/itasavonuusyrityskeskus.fi\/en\/wp-json\/wp\/v2\/types\/post"}],"author":[{"embeddable":true,"href":"https:\/\/itasavonuusyrityskeskus.fi\/en\/wp-json\/wp\/v2\/users\/1"}],"replies":[{"embeddable":true,"href":"https:\/\/itasavonuusyrityskeskus.fi\/en\/wp-json\/wp\/v2\/comments?post=1418"}],"version-history":[{"count":0,"href":"https:\/\/itasavonuusyrityskeskus.fi\/en\/wp-json\/wp\/v2\/posts\/1418\/revisions"}],"wp:featuredmedia":[{"embeddable":true,"href":"https:\/\/itasavonuusyrityskeskus.fi\/en\/wp-json\/wp\/v2\/media\/547"}],"wp:attachment":[{"href":"https:\/\/itasavonuusyrityskeskus.fi\/en\/wp-json\/wp\/v2\/media?parent=1418"}],"wp:term":[{"taxonomy":"category","embeddable":true,"href":"https:\/\/itasavonuusyrityskeskus.fi\/en\/wp-json\/wp\/v2\/categories?post=1418"},{"taxonomy":"post_tag","embeddable":true,"href":"https:\/\/itasavonuusyrityskeskus.fi\/en\/wp-json\/wp\/v2\/tags?post=1418"}],"curies":[{"name":"wp","href":"https:\/\/api.w.org\/{rel}","templated":true}]}}