{"id":1423,"date":"2020-05-18T15:49:46","date_gmt":"2020-05-18T12:49:46","guid":{"rendered":"https:\/\/itasavonuusyrityskeskus.fi\/omistajanvaihdoksella-yrittajaksi\/"},"modified":"2020-05-18T15:49:46","modified_gmt":"2020-05-18T12:49:46","slug":"omistajanvaihdoksella-yrittajaksi","status":"publish","type":"post","link":"https:\/\/itasavonuusyrityskeskus.fi\/en\/omistajanvaihdoksella-yrittajaksi\/","title":{"rendered":"Omistajanvaihdoksella yritt\u00e4j\u00e4ksi"},"content":{"rendered":"<h6>Katja Heikuralle IlonTassut on unelmien t\u00e4yttymys<\/h6>\n<p>&#8211; N\u00e4in Facebookissa ilmoituksen Simasalonkadulla myyt\u00e4v\u00e4n\u00e4 olevasta RakkiRiemukkaasta viime vuoden marraskuussa ja ajattelin, ett\u00e4 nyt jos koskaan minun on aika tehd\u00e4 sit\u00e4, mit\u00e4 haluan.<\/p>\n<p>N\u00e4in kuvailee savonlinnalainen Katja Heikura p\u00e4\u00e4t\u00f6st\u00e4\u00e4n hyl\u00e4t\u00e4 tuttu ja turvallinen ty\u00f6 kaupan alalla ja ostaa koiratarvikkeita ja koiranruokaa myyv\u00e4n yrityksen liiketoiminta. Heikura ei j\u00e4\u00e4nyt tuumimaan asiaa vaan ryhtyi selvitt\u00e4m\u00e4\u00e4n mahdollisuuksiaan aloittaa ura yritt\u00e4j\u00e4n\u00e4 omistajanvaihdoksen kautta.<\/p>\n<p>\u2013 Otin heti yhteytt\u00e4 It\u00e4-Savon Uusyrityskeskuksen yritysneuvoja Katja Remekseen. Katja kysyi puolestani asioista RakkiRiemukkaan Maiju Myllykselt\u00e4 ja kertoi, miten minun kannattaa edet\u00e4. Intensiivinen vaihe kesti pari kuukautta, ja sen aikana tein suunnitelmia, joita k\u00e4vin l\u00e4pi yhdess\u00e4 Katjan kanssa.<\/p>\n<p>My\u00f6s RakkiRiemukkaan vuonna 2013 perustanut Myllys kertoo ottaneensa v\u00e4litt\u00f6m\u00e4sti yhteyden It\u00e4-Savon Uusyrityskeskukseen tehty\u00e4\u00e4n perhesyist\u00e4 p\u00e4\u00e4t\u00f6ksen myyd\u00e4 yrityksens\u00e4 liiketoiminta. H\u00e4n pit\u00e4\u00e4 ensiarvoisen t\u00e4rke\u00e4n\u00e4, ett\u00e4 puolueeton taho oli koko ajan mukana prosessissa.<\/p>\n<p>\u2013 Sovin Remeksen Katjan kanssa jo heti alussa, ett\u00e4 h\u00e4n hoitaa alkuneuvottelut mahdollisten ostajaehdokkaiden kanssa. Kun asiat hoidetaan l\u00e4pin\u00e4kyv\u00e4sti, on se reilua kaikkia kohtaan.<\/p>\n<p>Selvittelyvaiheen j\u00e4lkeen myyj\u00e4 ja ostaja l\u00e4htiv\u00e4t viem\u00e4\u00e4n omistajanvaihdosta eteenp\u00e4in yhteistuumin. Kaksikko sanoo, ett\u00e4 kev\u00e4t oli tuskallista aikaa, kun tietoa ei voinut viel\u00e4 kertoa asiakkaille \u00e4\u00e4neen.<\/p>\n<p>\u2013 Koronan vuoksi asioiden k\u00e4sittely vei enemm\u00e4n aikaa ja halusimme, ett\u00e4 kaikesta on mustaa valkoisella.<\/p>\n<h6>Yritystoiminnan jatkamisessa on paljon etuja<\/h6>\n<p>Virallisesti Heikura aloitti yritt\u00e4j\u00e4n\u00e4 1.5.2020. Jatkossa yritys tunnetaan nimell\u00e4 IlonTassut.<\/p>\n<p>\u2013 Entinen nimi oli oikein hyv\u00e4, mutta Maiju halusi pit\u00e4\u00e4 sen itsell\u00e4\u00e4n mahdollista tulevaa k\u00e4ytt\u00f6\u00e4 varten.<\/p>\n<p>Nimenvaihdoksesta huolimatta yrityksen palvelut pysyiv\u00e4t entisell\u00e4\u00e4n. IlonTassut myy p\u00e4\u00e4asiassa koiranruokaa ja koiratarvikkeita. Heikura lupaa, ett\u00e4 uusia palveluja, muun muassa verkkokauppa, on kuitenkin suunnitteilla.<\/p>\n<p>\u2013 Alku menee uutta opetellessa, mutta on hienoa p\u00e4\u00e4st\u00e4 kehitt\u00e4m\u00e4\u00e4n yrityst\u00e4 omann\u00e4k\u00f6iseksi ja asiakkaiden toiveiden mukaan.<\/p>\n<p>Heikura kiitt\u00e4\u00e4 Myllyst\u00e4, joka opastaa h\u00e4nt\u00e4 yritt\u00e4jyyden alkutaipaleella ensimm\u00e4iset pari kuukautta.<\/p>\n<p>\u2013 Jos Maiju ei olisi luvannut olla tukena, en olisi t\u00e4h\u00e4n edes ryhtynyt. Hienoa on sekin, ett\u00e4 Uusyrityskeskukselta voin jatkossakin kysy\u00e4 neuvoja. Kaupan alalta ja esimiesty\u00f6n tiimoilta minulla on hyv\u00e4 pohja yritt\u00e4jyyteen, mutta paljon on sellaista, mik\u00e4 ei ole ollenkaan tuttua.<\/p>\n<p>Molemmat naiset korostavat, ett\u00e4 omistajanvaihdos on turvallinen tapa ryhty\u00e4 yritt\u00e4j\u00e4ksi, sill\u00e4 muun muassa toimintakonsepti ja asiakaskunta ovat jo valmiina.<\/p>\n<p>\u2013 Itse ajattelen, ett\u00e4 sain t\u00e4ss\u00e4 monta asiaa v\u00e4h\u00e4n niin kuin tarjottimella, Heikura pohtii.<\/p>\n<p>Myllys sanoo tuntevansa pient\u00e4 haikeutta, kun \u201doma lapsi\u201d on nyt toisen k\u00e4siss\u00e4. Ennen kaikkea h\u00e4n vakuuttaa olevansa huojentunut, ett\u00e4 l\u00f6ysi ty\u00f6lleen jatkajan.<\/p>\n<p>\u2013 En olisi ollut valmis ajamaan alas hyvin toimivaa yrityst\u00e4. Uskon, ett\u00e4 Katja p\u00e4rj\u00e4\u00e4 t\u00e4ss\u00e4 hienosti. Min\u00e4 puolestani p\u00e4\u00e4sen muuttamaan nyt puolison per\u00e4ss\u00e4 p\u00e4\u00e4kaupunkiseudulle.<\/p>\n<p><em>Enter to Business-Toimivan yrityksen jatkaminen hankkeelle tekstin ja kuvan on tuottanut Erja Eliala.<\/em><\/p>\n","protected":false},"excerpt":{"rendered":"<p>Katja Heikuralle IlonTassut on unelmien t\u00e4yttymys &#8211; N\u00e4in Facebookissa ilmoituksen Simasalonkadulla myyt\u00e4v\u00e4n\u00e4 olevasta RakkiRiemukkaasta viime vuoden marraskuussa ja ajattelin, ett\u00e4 nyt jos koskaan&#8230;<\/p>\n","protected":false},"author":1,"featured_media":565,"comment_status":"","ping_status":"","sticky":false,"template":"","format":"standard","meta":{"footnotes":""},"categories":[1],"tags":[],"class_list":["post-1423","post","type-post","status-publish","format-standard","has-post-thumbnail","hentry","category-yleinen","hanke_category-enter-to-business-2019"],"yoast_head":"<!-- This site is optimized with the Yoast SEO plugin v27.5 - https:\/\/yoast.com\/product\/yoast-seo-wordpress\/ -->\n<title>Omistajanvaihdoksella yritt\u00e4j\u00e4ksi - It\u00e4-Savon Uusyrityskeskus<\/title>\n<meta name=\"robots\" content=\"index, follow, max-snippet:-1, max-image-preview:large, max-video-preview:-1\" \/>\n<link rel=\"canonical\" href=\"https:\/\/itasavonuusyrityskeskus.fi\/omistajanvaihdoksella-yrittajaksi\/\" \/>\n<meta property=\"og:locale\" content=\"en_US\" \/>\n<meta property=\"og:type\" content=\"article\" \/>\n<meta property=\"og:title\" content=\"Omistajanvaihdoksella yritt\u00e4j\u00e4ksi - It\u00e4-Savon Uusyrityskeskus\" \/>\n<meta property=\"og:description\" content=\"Katja Heikuralle IlonTassut on unelmien t\u00e4yttymys &#8211; N\u00e4in Facebookissa ilmoituksen Simasalonkadulla myyt\u00e4v\u00e4n\u00e4 olevasta RakkiRiemukkaasta viime vuoden marraskuussa ja ajattelin, ett\u00e4 nyt jos koskaan...\" \/>\n<meta property=\"og:url\" content=\"https:\/\/itasavonuusyrityskeskus.fi\/omistajanvaihdoksella-yrittajaksi\/\" \/>\n<meta property=\"og:site_name\" content=\"It\u00e4-Savon Uusyrityskeskus\" \/>\n<meta property=\"article:publisher\" content=\"https:\/\/www.facebook.com\/isuyk\/\" \/>\n<meta property=\"article:published_time\" content=\"2020-05-18T12:49:46+00:00\" \/>\n<meta property=\"og:image\" content=\"https:\/\/itasavonuusyrityskeskus.fi\/wp-content\/uploads\/2020\/05\/IlonTassut-002-scaled-1-1200x630.jpg\" \/>\n\t<meta property=\"og:image:width\" content=\"1200\" \/>\n\t<meta property=\"og:image:height\" content=\"630\" \/>\n\t<meta property=\"og:image:type\" content=\"image\/jpeg\" \/>\n<meta name=\"twitter:card\" content=\"summary_large_image\" \/>\n<meta name=\"twitter:label1\" content=\"Written by\" \/>\n\t<meta name=\"twitter:data1\" content=\"\" \/>\n\t<meta name=\"twitter:label2\" content=\"Est. reading time\" \/>\n\t<meta name=\"twitter:data2\" content=\"2 minutes\" \/>\n<script type=\"application\/ld+json\" class=\"yoast-schema-graph\">{\"@context\":\"https:\\\/\\\/schema.org\",\"@graph\":[{\"@type\":\"Article\",\"@id\":\"https:\\\/\\\/itasavonuusyrityskeskus.fi\\\/omistajanvaihdoksella-yrittajaksi\\\/#article\",\"isPartOf\":{\"@id\":\"https:\\\/\\\/itasavonuusyrityskeskus.fi\\\/omistajanvaihdoksella-yrittajaksi\\\/\"},\"author\":{\"name\":\"\",\"@id\":\"\"},\"headline\":\"Omistajanvaihdoksella yritt\u00e4j\u00e4ksi\",\"datePublished\":\"2020-05-18T12:49:46+00:00\",\"mainEntityOfPage\":{\"@id\":\"https:\\\/\\\/itasavonuusyrityskeskus.fi\\\/omistajanvaihdoksella-yrittajaksi\\\/\"},\"wordCount\":479,\"publisher\":{\"@id\":\"https:\\\/\\\/itasavonuusyrityskeskus.fi\\\/#organization\"},\"image\":{\"@id\":\"https:\\\/\\\/itasavonuusyrityskeskus.fi\\\/omistajanvaihdoksella-yrittajaksi\\\/#primaryimage\"},\"thumbnailUrl\":\"https:\\\/\\\/itasavonuusyrityskeskus.fi\\\/wp-content\\\/uploads\\\/2020\\\/05\\\/IlonTassut-002-scaled-1.jpg\",\"articleSection\":[\"Yleinen\"],\"inLanguage\":\"en-US\"},{\"@type\":\"WebPage\",\"@id\":\"https:\\\/\\\/itasavonuusyrityskeskus.fi\\\/omistajanvaihdoksella-yrittajaksi\\\/\",\"url\":\"https:\\\/\\\/itasavonuusyrityskeskus.fi\\\/omistajanvaihdoksella-yrittajaksi\\\/\",\"name\":\"Omistajanvaihdoksella yritt\u00e4j\u00e4ksi - It\u00e4-Savon Uusyrityskeskus\",\"isPartOf\":{\"@id\":\"https:\\\/\\\/itasavonuusyrityskeskus.fi\\\/#website\"},\"primaryImageOfPage\":{\"@id\":\"https:\\\/\\\/itasavonuusyrityskeskus.fi\\\/omistajanvaihdoksella-yrittajaksi\\\/#primaryimage\"},\"image\":{\"@id\":\"https:\\\/\\\/itasavonuusyrityskeskus.fi\\\/omistajanvaihdoksella-yrittajaksi\\\/#primaryimage\"},\"thumbnailUrl\":\"https:\\\/\\\/itasavonuusyrityskeskus.fi\\\/wp-content\\\/uploads\\\/2020\\\/05\\\/IlonTassut-002-scaled-1.jpg\",\"datePublished\":\"2020-05-18T12:49:46+00:00\",\"inLanguage\":\"en-US\",\"potentialAction\":[{\"@type\":\"ReadAction\",\"target\":[\"https:\\\/\\\/itasavonuusyrityskeskus.fi\\\/omistajanvaihdoksella-yrittajaksi\\\/\"]}]},{\"@type\":\"ImageObject\",\"inLanguage\":\"en-US\",\"@id\":\"https:\\\/\\\/itasavonuusyrityskeskus.fi\\\/omistajanvaihdoksella-yrittajaksi\\\/#primaryimage\",\"url\":\"https:\\\/\\\/itasavonuusyrityskeskus.fi\\\/wp-content\\\/uploads\\\/2020\\\/05\\\/IlonTassut-002-scaled-1.jpg\",\"contentUrl\":\"https:\\\/\\\/itasavonuusyrityskeskus.fi\\\/wp-content\\\/uploads\\\/2020\\\/05\\\/IlonTassut-002-scaled-1.jpg\",\"width\":2560,\"height\":1702},{\"@type\":\"WebSite\",\"@id\":\"https:\\\/\\\/itasavonuusyrityskeskus.fi\\\/#website\",\"url\":\"https:\\\/\\\/itasavonuusyrityskeskus.fi\\\/\",\"name\":\"It\u00e4-Savon Uusyrityskeskus\",\"description\":\"Yritt\u00e4jyyden alkutaipaleen neuvontapalvelut Savonlinnan seudulla\",\"publisher\":{\"@id\":\"https:\\\/\\\/itasavonuusyrityskeskus.fi\\\/#organization\"},\"potentialAction\":[{\"@type\":\"SearchAction\",\"target\":{\"@type\":\"EntryPoint\",\"urlTemplate\":\"https:\\\/\\\/itasavonuusyrityskeskus.fi\\\/?s={search_term_string}\"},\"query-input\":{\"@type\":\"PropertyValueSpecification\",\"valueRequired\":true,\"valueName\":\"search_term_string\"}}],\"inLanguage\":\"en-US\"},{\"@type\":\"Organization\",\"@id\":\"https:\\\/\\\/itasavonuusyrityskeskus.fi\\\/#organization\",\"name\":\"It\u00e4-Savon Uusyrityskeskus\",\"url\":\"https:\\\/\\\/itasavonuusyrityskeskus.fi\\\/\",\"logo\":{\"@type\":\"ImageObject\",\"inLanguage\":\"en-US\",\"@id\":\"https:\\\/\\\/itasavonuusyrityskeskus.fi\\\/#\\\/schema\\\/logo\\\/image\\\/\",\"url\":\"https:\\\/\\\/itasavonuusyrityskeskus.fi\\\/wp-content\\\/uploads\\\/2021\\\/09\\\/logo-isuyk.png\",\"contentUrl\":\"https:\\\/\\\/itasavonuusyrityskeskus.fi\\\/wp-content\\\/uploads\\\/2021\\\/09\\\/logo-isuyk.png\",\"width\":400,\"height\":137,\"caption\":\"It\u00e4-Savon Uusyrityskeskus\"},\"image\":{\"@id\":\"https:\\\/\\\/itasavonuusyrityskeskus.fi\\\/#\\\/schema\\\/logo\\\/image\\\/\"},\"sameAs\":[\"https:\\\/\\\/www.facebook.com\\\/isuyk\\\/\"]},{\"@type\":\"Person\",\"@id\":\"\"}]}<\/script>\n<!-- \/ Yoast SEO plugin. -->","yoast_head_json":{"title":"Omistajanvaihdoksella yritt\u00e4j\u00e4ksi - It\u00e4-Savon Uusyrityskeskus","robots":{"index":"index","follow":"follow","max-snippet":"max-snippet:-1","max-image-preview":"max-image-preview:large","max-video-preview":"max-video-preview:-1"},"canonical":"https:\/\/itasavonuusyrityskeskus.fi\/omistajanvaihdoksella-yrittajaksi\/","og_locale":"en_US","og_type":"article","og_title":"Omistajanvaihdoksella yritt\u00e4j\u00e4ksi - It\u00e4-Savon Uusyrityskeskus","og_description":"Katja Heikuralle IlonTassut on unelmien t\u00e4yttymys &#8211; N\u00e4in Facebookissa ilmoituksen Simasalonkadulla myyt\u00e4v\u00e4n\u00e4 olevasta RakkiRiemukkaasta viime vuoden marraskuussa ja ajattelin, ett\u00e4 nyt jos koskaan...","og_url":"https:\/\/itasavonuusyrityskeskus.fi\/omistajanvaihdoksella-yrittajaksi\/","og_site_name":"It\u00e4-Savon Uusyrityskeskus","article_publisher":"https:\/\/www.facebook.com\/isuyk\/","article_published_time":"2020-05-18T12:49:46+00:00","og_image":[{"width":1200,"height":630,"url":"https:\/\/itasavonuusyrityskeskus.fi\/wp-content\/uploads\/2020\/05\/IlonTassut-002-scaled-1-1200x630.jpg","type":"image\/jpeg"}],"twitter_card":"summary_large_image","twitter_misc":{"Written by":"","Est. reading time":"2 minutes"},"schema":{"@context":"https:\/\/schema.org","@graph":[{"@type":"Article","@id":"https:\/\/itasavonuusyrityskeskus.fi\/omistajanvaihdoksella-yrittajaksi\/#article","isPartOf":{"@id":"https:\/\/itasavonuusyrityskeskus.fi\/omistajanvaihdoksella-yrittajaksi\/"},"author":{"name":"","@id":""},"headline":"Omistajanvaihdoksella yritt\u00e4j\u00e4ksi","datePublished":"2020-05-18T12:49:46+00:00","mainEntityOfPage":{"@id":"https:\/\/itasavonuusyrityskeskus.fi\/omistajanvaihdoksella-yrittajaksi\/"},"wordCount":479,"publisher":{"@id":"https:\/\/itasavonuusyrityskeskus.fi\/#organization"},"image":{"@id":"https:\/\/itasavonuusyrityskeskus.fi\/omistajanvaihdoksella-yrittajaksi\/#primaryimage"},"thumbnailUrl":"https:\/\/itasavonuusyrityskeskus.fi\/wp-content\/uploads\/2020\/05\/IlonTassut-002-scaled-1.jpg","articleSection":["Yleinen"],"inLanguage":"en-US"},{"@type":"WebPage","@id":"https:\/\/itasavonuusyrityskeskus.fi\/omistajanvaihdoksella-yrittajaksi\/","url":"https:\/\/itasavonuusyrityskeskus.fi\/omistajanvaihdoksella-yrittajaksi\/","name":"Omistajanvaihdoksella yritt\u00e4j\u00e4ksi - It\u00e4-Savon Uusyrityskeskus","isPartOf":{"@id":"https:\/\/itasavonuusyrityskeskus.fi\/#website"},"primaryImageOfPage":{"@id":"https:\/\/itasavonuusyrityskeskus.fi\/omistajanvaihdoksella-yrittajaksi\/#primaryimage"},"image":{"@id":"https:\/\/itasavonuusyrityskeskus.fi\/omistajanvaihdoksella-yrittajaksi\/#primaryimage"},"thumbnailUrl":"https:\/\/itasavonuusyrityskeskus.fi\/wp-content\/uploads\/2020\/05\/IlonTassut-002-scaled-1.jpg","datePublished":"2020-05-18T12:49:46+00:00","inLanguage":"en-US","potentialAction":[{"@type":"ReadAction","target":["https:\/\/itasavonuusyrityskeskus.fi\/omistajanvaihdoksella-yrittajaksi\/"]}]},{"@type":"ImageObject","inLanguage":"en-US","@id":"https:\/\/itasavonuusyrityskeskus.fi\/omistajanvaihdoksella-yrittajaksi\/#primaryimage","url":"https:\/\/itasavonuusyrityskeskus.fi\/wp-content\/uploads\/2020\/05\/IlonTassut-002-scaled-1.jpg","contentUrl":"https:\/\/itasavonuusyrityskeskus.fi\/wp-content\/uploads\/2020\/05\/IlonTassut-002-scaled-1.jpg","width":2560,"height":1702},{"@type":"WebSite","@id":"https:\/\/itasavonuusyrityskeskus.fi\/#website","url":"https:\/\/itasavonuusyrityskeskus.fi\/","name":"It\u00e4-Savon Uusyrityskeskus","description":"Yritt\u00e4jyyden alkutaipaleen neuvontapalvelut Savonlinnan seudulla","publisher":{"@id":"https:\/\/itasavonuusyrityskeskus.fi\/#organization"},"potentialAction":[{"@type":"SearchAction","target":{"@type":"EntryPoint","urlTemplate":"https:\/\/itasavonuusyrityskeskus.fi\/?s={search_term_string}"},"query-input":{"@type":"PropertyValueSpecification","valueRequired":true,"valueName":"search_term_string"}}],"inLanguage":"en-US"},{"@type":"Organization","@id":"https:\/\/itasavonuusyrityskeskus.fi\/#organization","name":"It\u00e4-Savon Uusyrityskeskus","url":"https:\/\/itasavonuusyrityskeskus.fi\/","logo":{"@type":"ImageObject","inLanguage":"en-US","@id":"https:\/\/itasavonuusyrityskeskus.fi\/#\/schema\/logo\/image\/","url":"https:\/\/itasavonuusyrityskeskus.fi\/wp-content\/uploads\/2021\/09\/logo-isuyk.png","contentUrl":"https:\/\/itasavonuusyrityskeskus.fi\/wp-content\/uploads\/2021\/09\/logo-isuyk.png","width":400,"height":137,"caption":"It\u00e4-Savon Uusyrityskeskus"},"image":{"@id":"https:\/\/itasavonuusyrityskeskus.fi\/#\/schema\/logo\/image\/"},"sameAs":["https:\/\/www.facebook.com\/isuyk\/"]},{"@type":"Person","@id":""}]}},"_links":{"self":[{"href":"https:\/\/itasavonuusyrityskeskus.fi\/en\/wp-json\/wp\/v2\/posts\/1423","targetHints":{"allow":["GET"]}}],"collection":[{"href":"https:\/\/itasavonuusyrityskeskus.fi\/en\/wp-json\/wp\/v2\/posts"}],"about":[{"href":"https:\/\/itasavonuusyrityskeskus.fi\/en\/wp-json\/wp\/v2\/types\/post"}],"author":[{"embeddable":true,"href":"https:\/\/itasavonuusyrityskeskus.fi\/en\/wp-json\/wp\/v2\/users\/1"}],"replies":[{"embeddable":true,"href":"https:\/\/itasavonuusyrityskeskus.fi\/en\/wp-json\/wp\/v2\/comments?post=1423"}],"version-history":[{"count":0,"href":"https:\/\/itasavonuusyrityskeskus.fi\/en\/wp-json\/wp\/v2\/posts\/1423\/revisions"}],"wp:featuredmedia":[{"embeddable":true,"href":"https:\/\/itasavonuusyrityskeskus.fi\/en\/wp-json\/wp\/v2\/media\/565"}],"wp:attachment":[{"href":"https:\/\/itasavonuusyrityskeskus.fi\/en\/wp-json\/wp\/v2\/media?parent=1423"}],"wp:term":[{"taxonomy":"category","embeddable":true,"href":"https:\/\/itasavonuusyrityskeskus.fi\/en\/wp-json\/wp\/v2\/categories?post=1423"},{"taxonomy":"post_tag","embeddable":true,"href":"https:\/\/itasavonuusyrityskeskus.fi\/en\/wp-json\/wp\/v2\/tags?post=1423"}],"curies":[{"name":"wp","href":"https:\/\/api.w.org\/{rel}","templated":true}]}}