{"id":1464,"date":"2018-05-09T15:52:10","date_gmt":"2018-05-09T12:52:10","guid":{"rendered":"https:\/\/itasavonuusyrityskeskus.fi\/yrittajalta-vaaditaan-ripaus-hulluutta-ja-kykya-kasitella-riskeja\/"},"modified":"2018-05-09T15:52:10","modified_gmt":"2018-05-09T12:52:10","slug":"yrittajalta-vaaditaan-ripaus-hulluutta-ja-kykya-kasitella-riskeja","status":"publish","type":"post","link":"https:\/\/itasavonuusyrityskeskus.fi\/en\/yrittajalta-vaaditaan-ripaus-hulluutta-ja-kykya-kasitella-riskeja\/","title":{"rendered":"Yritt\u00e4j\u00e4lt\u00e4 vaaditaan ripaus hulluutta ja kyky\u00e4 k\u00e4sitell\u00e4 riskej\u00e4"},"content":{"rendered":"<h4><strong>Jarno Andersin laajensi yritystoimintaansa Savonlinnaan<\/strong><\/h4>\n<p>\u2013 Kyll\u00e4 t\u00e4ss\u00e4 on oltava mukana ripaus silkkaa hulluutta, Vallan Mainio Kokki Oy:n yritt\u00e4j\u00e4 Jarno Andersin sanoo pilke silm\u00e4kulmassa.<\/p>\n<p>Mies viittaa sanoillaan uusimpaan projektiinsa, jonka my\u00f6t\u00e4 yrityksen toiminta laajeni Kerim\u00e4elt\u00e4 Savonlinnaan, ja Lounaskahvila Katrianna sai \u201dpikkusisaren\u201d Olavinkadulle Kauppatorin kupeeseen. Andersin kertoo, ett\u00e4 laajentaminen Savonlinnan ydinkeskustaan oli luonnollinen jatkumo vuonna 2014 alkaneelle yritystoiminnalle. Mahdollisuus t\u00e4h\u00e4n aukeni, kun aiemmin paikalla sijainneen Konditoria-Caf\u00e9 Uniikin yritt\u00e4j\u00e4 Tanja Henttonen p\u00e4\u00e4tti myyd\u00e4 liiketoimintansa Andersinille.<\/p>\n<p>\u2013 L\u00e4hestyin Tanjaa ensimm\u00e4isen kerran viime vuoden syksyll\u00e4. Loppujen lopuksi tilanne eteni nopeasti, ja kaupat tehtiin t\u00e4m\u00e4n vuoden huhtikuussa.<\/p>\n<p>Laajennuksen suunnitteluvaiheessa ja kaupanteossa Andersin haki ja sai tukea Uusyrityskeskukselta, jonka roolia yritt\u00e4j\u00e4 pit\u00e4\u00e4 t\u00e4rke\u00e4n\u00e4.<\/p>\n<p>\u2013 Itse en olisi ymm\u00e4rt\u00e4nyt ottaa huomioon l\u00e4hesk\u00e4\u00e4n kaikkia seikkoja, joilla oli iso merkitys ostop\u00e4\u00e4t\u00f6st\u00e4 tehdess\u00e4ni.<\/p>\n<p>Uuden omistajan my\u00f6t\u00e4 tilat ja keitti\u00f6n koneet pistettiin uuteen uskoon. Sisustuksessa on panostettu l\u00e4mminhenkiseen tunnelmaan. Andersin toivoo, ett\u00e4 Savonlinnan Katriannasta tulee ik\u00e4\u00e4n kuin olohuoneen jatke, jonne on mukava tulla lounaalle tai juomaan kuppi kahvia kotitekoisen leivonnaisen kera. Yritt\u00e4j\u00e4 pohtii, ett\u00e4 lounaskahvilan valtteja ovat sijainti sek\u00e4 k\u00e4sity\u00f6n\u00e4 tehdyt tuotteet.<\/p>\n<p>\u2013 Tuotteessa on oltava k\u00e4sity\u00f6n leima, ja maun on oltava aina kohdallaan. Kahvilatuotteet leivotaan Kerim\u00e4en toimipisteess\u00e4, jossa on siihen soveltuvat tilat.<\/p>\n<p>Uutena palveluna Andersin on ottanut k\u00e4ytt\u00f6\u00f6n Katriannassa verkkokaupan. H\u00e4n uskoo, ett\u00e4 verkkokauppa vie tilauspalvelut kokonaan toiselle tasolle. Verkkokauppa s\u00e4\u00e4st\u00e4\u00e4 sek\u00e4 palveluntuottajan ett\u00e4 asiakkaan aikaa ja vaivaa.<\/p>\n<p>\u2013 Verkkokauppaan tulee valmiita peruspaketteja ja -tuotteita, joita voi hy\u00f6dynt\u00e4\u00e4 juhlasuunnittelussa. Samoin verkkokaupasta voi tilata helposti ja nopeasti vaikka tarjottavat ty\u00f6paikan palaveriin.<\/p>\n<p>Paikan entisist\u00e4 tuotteista Andersin sanoo s\u00e4ilytt\u00e4v\u00e4ns\u00e4 ehdottomasti kuukausittaiset brunssit. Uutena asiana on kehitteill\u00e4 teemalliset illalliset.<\/p>\n<p>\u2013 Kerran kuussa kokoan illallisen jonkin tietyn teeman ymp\u00e4rille. Ajatus on, ett\u00e4 ihmiset varaavat p\u00f6yd\u00e4t etuk\u00e4teen ja tulevat viett\u00e4m\u00e4\u00e4n teemailtaa hyv\u00e4n ruuan ja juoman parissa.<\/p>\n<p><strong>Pitk\u00e4 tie yritt\u00e4j\u00e4ksi<\/strong><\/p>\n<p>Andersin on ravintola-alan ammattilainen, jonka ura alkoi jo vuonna 1990. Paviljongilla aikanaan kaikki linjat l\u00e4pik\u00e4yneen miehen syd\u00e4n alkoi sykki\u00e4 toden teolla ruuanlaitolle vuonna 1995, jolloin h\u00e4n osallistui kokkikisoihin. Oppia oli saatava nopeasti lis\u00e4\u00e4. Mies muutti Helsinkiin ja otti vastaan ensimm\u00e4isen ty\u00f6paikan, mink\u00e4 sai. Sitten Andersin k\u00e4veli tunnetun helsinkil\u00e4isen ravintola Georgen takaovelle ja tarjoutui ilmaiseksi ty\u00f6voimaksi. Keitti\u00f6mestarina sattui olemaan aikanaan Suomeen kaksi Michelin-t\u00e4hte\u00e4 tuonut Markus Aremo.<\/p>\n<p>\u2013 P\u00e4\u00e4sin Georgen keitti\u00f6\u00f6n harjoittelemaan ja seuraavat puoli vuotta vietin ravintolassa kaikki vapaat ja illat.<\/p>\n<p>Ravintola Georgen j\u00e4lkeen Andersinin meriittilista on t\u00e4ydentynyt tasaiseen tahtiin. Puheessa vilahtelevat ravintolanimet Lord, Retretti, <em>Scandic Hotel Triaden Norjassa<\/em>, Palace, Ruusuhovi, Holiday Club Saimaa jne. H\u00e4n sanoo, ett\u00e4 yritt\u00e4jyys oli luonnollinen jatkumo pitk\u00e4lle uralle.<\/p>\n<p>\u2013 Yritt\u00e4j\u00e4n\u00e4 saan tehd\u00e4 sit\u00e4, mist\u00e4 pid\u00e4n. Ja sit\u00e4 paitsi tykk\u00e4\u00e4n asua ja el\u00e4\u00e4 t\u00e4ll\u00e4 seudulla, jossa olen asunut suurimman osan el\u00e4m\u00e4st\u00e4ni, ja josta vaimoni on kotoisin.<\/p>\n<p>Andersin my\u00f6nt\u00e4\u00e4, ettei yritt\u00e4minen ole aina suinkaan helppoa. Omiksi vahvuuksikseen h\u00e4n nime\u00e4\u00e4 taidon k\u00e4sitell\u00e4 riskej\u00e4 ja stressin sietokyvyn.<\/p>\n<p>\u2013 Hetken voi tuntua, ett\u00e4 nyt on raskasta, mutta sitten sit\u00e4 puskee eteenp\u00e4in. Samoin yritt\u00e4j\u00e4n on kyett\u00e4v\u00e4 reagoimana nopeasti muuttuviin tilanteisiin.<\/p>\n<p>Yritt\u00e4j\u00e4n tukena on vaimo, joka vastaa my\u00f6s pitk\u00e4lti Kerim\u00e4en Katriannan toiminnasta. Samoin kolmesta lapsesta vanhin, kokiksi opiskeleva poika, auttaa kes\u00e4isin.<\/p>\n<p>\u2013 Kai t\u00e4ss\u00e4 jo on kyse jonkinlaisesta perheyrityksest\u00e4.<\/p>\n<p><em>Exit Business \u2013 Yritykset myyntikuntoon \u2013hankkeelle t\u00e4m\u00e4n materiaalin on tuottanut Erja Eliala.\u00a0<\/em><\/p>\n<div class=\"entry-content\">\n<p>Hanke toteutettu ajalla 1.3.2017 \u2013 28.2.2019. Lis\u00e4tietoja hankkeesta\u00a0<a href=\"https:\/\/itasavonuusyrityskeskus.fi\/palvelut\/exit-business-hanke\/\" target=\"_blank\" rel=\"noopener noreferrer\">https:\/\/itasavonuusyrityskeskus.fi\/palvelut\/exit-business-hanke\/<\/a><\/p>\n<\/div>\n","protected":false},"excerpt":{"rendered":"<p>Jarno Andersin laajensi yritystoimintaansa Savonlinnaan \u2013 Kyll\u00e4 t\u00e4ss\u00e4 on oltava mukana ripaus silkkaa hulluutta, Vallan Mainio Kokki Oy:n yritt\u00e4j\u00e4 Jarno Andersin sanoo pilke&#8230;<\/p>\n","protected":false},"author":1,"featured_media":794,"comment_status":"","ping_status":"","sticky":false,"template":"","format":"standard","meta":{"footnotes":""},"categories":[28],"tags":[],"class_list":["post-1464","post","type-post","status-publish","format-standard","has-post-thumbnail","hentry","category-all","hanke_category-exit-business-2018"],"yoast_head":"<!-- This site is optimized with the Yoast SEO plugin v27.5 - https:\/\/yoast.com\/product\/yoast-seo-wordpress\/ -->\n<title>Yritt\u00e4j\u00e4lt\u00e4 vaaditaan ripaus hulluutta ja kyky\u00e4 k\u00e4sitell\u00e4 riskej\u00e4 - It\u00e4-Savon Uusyrityskeskus<\/title>\n<meta name=\"robots\" content=\"index, follow, max-snippet:-1, max-image-preview:large, max-video-preview:-1\" \/>\n<link rel=\"canonical\" href=\"https:\/\/itasavonuusyrityskeskus.fi\/yrittajalta-vaaditaan-ripaus-hulluutta-ja-kykya-kasitella-riskeja\/\" \/>\n<meta property=\"og:locale\" content=\"en_US\" \/>\n<meta property=\"og:type\" content=\"article\" \/>\n<meta property=\"og:title\" content=\"Yritt\u00e4j\u00e4lt\u00e4 vaaditaan ripaus hulluutta ja kyky\u00e4 k\u00e4sitell\u00e4 riskej\u00e4 - It\u00e4-Savon Uusyrityskeskus\" \/>\n<meta property=\"og:description\" content=\"Jarno Andersin laajensi yritystoimintaansa Savonlinnaan \u2013 Kyll\u00e4 t\u00e4ss\u00e4 on oltava mukana ripaus silkkaa hulluutta, Vallan Mainio Kokki Oy:n yritt\u00e4j\u00e4 Jarno Andersin sanoo pilke...\" \/>\n<meta property=\"og:url\" content=\"https:\/\/itasavonuusyrityskeskus.fi\/yrittajalta-vaaditaan-ripaus-hulluutta-ja-kykya-kasitella-riskeja\/\" \/>\n<meta property=\"og:site_name\" content=\"It\u00e4-Savon Uusyrityskeskus\" \/>\n<meta property=\"article:publisher\" content=\"https:\/\/www.facebook.com\/isuyk\/\" \/>\n<meta property=\"article:published_time\" content=\"2018-05-09T12:52:10+00:00\" \/>\n<meta property=\"og:image\" content=\"https:\/\/itasavonuusyrityskeskus.fi\/wp-content\/uploads\/2018\/05\/Jarno-A-1200x630.jpg\" \/>\n\t<meta property=\"og:image:width\" content=\"1200\" \/>\n\t<meta property=\"og:image:height\" content=\"630\" \/>\n\t<meta property=\"og:image:type\" content=\"image\/jpeg\" \/>\n<meta name=\"twitter:card\" content=\"summary_large_image\" \/>\n<meta name=\"twitter:label1\" content=\"Written by\" \/>\n\t<meta name=\"twitter:data1\" content=\"\" \/>\n\t<meta name=\"twitter:label2\" content=\"Est. reading time\" \/>\n\t<meta name=\"twitter:data2\" content=\"3 minutes\" \/>\n<script type=\"application\/ld+json\" class=\"yoast-schema-graph\">{\"@context\":\"https:\\\/\\\/schema.org\",\"@graph\":[{\"@type\":\"Article\",\"@id\":\"https:\\\/\\\/itasavonuusyrityskeskus.fi\\\/yrittajalta-vaaditaan-ripaus-hulluutta-ja-kykya-kasitella-riskeja\\\/#article\",\"isPartOf\":{\"@id\":\"https:\\\/\\\/itasavonuusyrityskeskus.fi\\\/yrittajalta-vaaditaan-ripaus-hulluutta-ja-kykya-kasitella-riskeja\\\/\"},\"author\":{\"name\":\"\",\"@id\":\"\"},\"headline\":\"Yritt\u00e4j\u00e4lt\u00e4 vaaditaan ripaus hulluutta ja kyky\u00e4 k\u00e4sitell\u00e4 riskej\u00e4\",\"datePublished\":\"2018-05-09T12:52:10+00:00\",\"mainEntityOfPage\":{\"@id\":\"https:\\\/\\\/itasavonuusyrityskeskus.fi\\\/yrittajalta-vaaditaan-ripaus-hulluutta-ja-kykya-kasitella-riskeja\\\/\"},\"wordCount\":605,\"publisher\":{\"@id\":\"https:\\\/\\\/itasavonuusyrityskeskus.fi\\\/#organization\"},\"image\":{\"@id\":\"https:\\\/\\\/itasavonuusyrityskeskus.fi\\\/yrittajalta-vaaditaan-ripaus-hulluutta-ja-kykya-kasitella-riskeja\\\/#primaryimage\"},\"thumbnailUrl\":\"https:\\\/\\\/itasavonuusyrityskeskus.fi\\\/wp-content\\\/uploads\\\/2018\\\/05\\\/Jarno-A-scaled.jpg\",\"articleSection\":[\"All\"],\"inLanguage\":\"en-US\"},{\"@type\":\"WebPage\",\"@id\":\"https:\\\/\\\/itasavonuusyrityskeskus.fi\\\/yrittajalta-vaaditaan-ripaus-hulluutta-ja-kykya-kasitella-riskeja\\\/\",\"url\":\"https:\\\/\\\/itasavonuusyrityskeskus.fi\\\/yrittajalta-vaaditaan-ripaus-hulluutta-ja-kykya-kasitella-riskeja\\\/\",\"name\":\"Yritt\u00e4j\u00e4lt\u00e4 vaaditaan ripaus hulluutta ja kyky\u00e4 k\u00e4sitell\u00e4 riskej\u00e4 - It\u00e4-Savon Uusyrityskeskus\",\"isPartOf\":{\"@id\":\"https:\\\/\\\/itasavonuusyrityskeskus.fi\\\/#website\"},\"primaryImageOfPage\":{\"@id\":\"https:\\\/\\\/itasavonuusyrityskeskus.fi\\\/yrittajalta-vaaditaan-ripaus-hulluutta-ja-kykya-kasitella-riskeja\\\/#primaryimage\"},\"image\":{\"@id\":\"https:\\\/\\\/itasavonuusyrityskeskus.fi\\\/yrittajalta-vaaditaan-ripaus-hulluutta-ja-kykya-kasitella-riskeja\\\/#primaryimage\"},\"thumbnailUrl\":\"https:\\\/\\\/itasavonuusyrityskeskus.fi\\\/wp-content\\\/uploads\\\/2018\\\/05\\\/Jarno-A-scaled.jpg\",\"datePublished\":\"2018-05-09T12:52:10+00:00\",\"inLanguage\":\"en-US\",\"potentialAction\":[{\"@type\":\"ReadAction\",\"target\":[\"https:\\\/\\\/itasavonuusyrityskeskus.fi\\\/yrittajalta-vaaditaan-ripaus-hulluutta-ja-kykya-kasitella-riskeja\\\/\"]}]},{\"@type\":\"ImageObject\",\"inLanguage\":\"en-US\",\"@id\":\"https:\\\/\\\/itasavonuusyrityskeskus.fi\\\/yrittajalta-vaaditaan-ripaus-hulluutta-ja-kykya-kasitella-riskeja\\\/#primaryimage\",\"url\":\"https:\\\/\\\/itasavonuusyrityskeskus.fi\\\/wp-content\\\/uploads\\\/2018\\\/05\\\/Jarno-A-scaled.jpg\",\"contentUrl\":\"https:\\\/\\\/itasavonuusyrityskeskus.fi\\\/wp-content\\\/uploads\\\/2018\\\/05\\\/Jarno-A-scaled.jpg\",\"width\":2560,\"height\":1702},{\"@type\":\"WebSite\",\"@id\":\"https:\\\/\\\/itasavonuusyrityskeskus.fi\\\/#website\",\"url\":\"https:\\\/\\\/itasavonuusyrityskeskus.fi\\\/\",\"name\":\"It\u00e4-Savon Uusyrityskeskus\",\"description\":\"Yritt\u00e4jyyden alkutaipaleen neuvontapalvelut Savonlinnan seudulla\",\"publisher\":{\"@id\":\"https:\\\/\\\/itasavonuusyrityskeskus.fi\\\/#organization\"},\"potentialAction\":[{\"@type\":\"SearchAction\",\"target\":{\"@type\":\"EntryPoint\",\"urlTemplate\":\"https:\\\/\\\/itasavonuusyrityskeskus.fi\\\/?s={search_term_string}\"},\"query-input\":{\"@type\":\"PropertyValueSpecification\",\"valueRequired\":true,\"valueName\":\"search_term_string\"}}],\"inLanguage\":\"en-US\"},{\"@type\":\"Organization\",\"@id\":\"https:\\\/\\\/itasavonuusyrityskeskus.fi\\\/#organization\",\"name\":\"It\u00e4-Savon Uusyrityskeskus\",\"url\":\"https:\\\/\\\/itasavonuusyrityskeskus.fi\\\/\",\"logo\":{\"@type\":\"ImageObject\",\"inLanguage\":\"en-US\",\"@id\":\"https:\\\/\\\/itasavonuusyrityskeskus.fi\\\/#\\\/schema\\\/logo\\\/image\\\/\",\"url\":\"https:\\\/\\\/itasavonuusyrityskeskus.fi\\\/wp-content\\\/uploads\\\/2021\\\/09\\\/logo-isuyk.png\",\"contentUrl\":\"https:\\\/\\\/itasavonuusyrityskeskus.fi\\\/wp-content\\\/uploads\\\/2021\\\/09\\\/logo-isuyk.png\",\"width\":400,\"height\":137,\"caption\":\"It\u00e4-Savon Uusyrityskeskus\"},\"image\":{\"@id\":\"https:\\\/\\\/itasavonuusyrityskeskus.fi\\\/#\\\/schema\\\/logo\\\/image\\\/\"},\"sameAs\":[\"https:\\\/\\\/www.facebook.com\\\/isuyk\\\/\"]},{\"@type\":\"Person\",\"@id\":\"\"}]}<\/script>\n<!-- \/ Yoast SEO plugin. -->","yoast_head_json":{"title":"Yritt\u00e4j\u00e4lt\u00e4 vaaditaan ripaus hulluutta ja kyky\u00e4 k\u00e4sitell\u00e4 riskej\u00e4 - It\u00e4-Savon Uusyrityskeskus","robots":{"index":"index","follow":"follow","max-snippet":"max-snippet:-1","max-image-preview":"max-image-preview:large","max-video-preview":"max-video-preview:-1"},"canonical":"https:\/\/itasavonuusyrityskeskus.fi\/yrittajalta-vaaditaan-ripaus-hulluutta-ja-kykya-kasitella-riskeja\/","og_locale":"en_US","og_type":"article","og_title":"Yritt\u00e4j\u00e4lt\u00e4 vaaditaan ripaus hulluutta ja kyky\u00e4 k\u00e4sitell\u00e4 riskej\u00e4 - It\u00e4-Savon Uusyrityskeskus","og_description":"Jarno Andersin laajensi yritystoimintaansa Savonlinnaan \u2013 Kyll\u00e4 t\u00e4ss\u00e4 on oltava mukana ripaus silkkaa hulluutta, Vallan Mainio Kokki Oy:n yritt\u00e4j\u00e4 Jarno Andersin sanoo pilke...","og_url":"https:\/\/itasavonuusyrityskeskus.fi\/yrittajalta-vaaditaan-ripaus-hulluutta-ja-kykya-kasitella-riskeja\/","og_site_name":"It\u00e4-Savon Uusyrityskeskus","article_publisher":"https:\/\/www.facebook.com\/isuyk\/","article_published_time":"2018-05-09T12:52:10+00:00","og_image":[{"width":1200,"height":630,"url":"https:\/\/itasavonuusyrityskeskus.fi\/wp-content\/uploads\/2018\/05\/Jarno-A-1200x630.jpg","type":"image\/jpeg"}],"twitter_card":"summary_large_image","twitter_misc":{"Written by":"","Est. reading time":"3 minutes"},"schema":{"@context":"https:\/\/schema.org","@graph":[{"@type":"Article","@id":"https:\/\/itasavonuusyrityskeskus.fi\/yrittajalta-vaaditaan-ripaus-hulluutta-ja-kykya-kasitella-riskeja\/#article","isPartOf":{"@id":"https:\/\/itasavonuusyrityskeskus.fi\/yrittajalta-vaaditaan-ripaus-hulluutta-ja-kykya-kasitella-riskeja\/"},"author":{"name":"","@id":""},"headline":"Yritt\u00e4j\u00e4lt\u00e4 vaaditaan ripaus hulluutta ja kyky\u00e4 k\u00e4sitell\u00e4 riskej\u00e4","datePublished":"2018-05-09T12:52:10+00:00","mainEntityOfPage":{"@id":"https:\/\/itasavonuusyrityskeskus.fi\/yrittajalta-vaaditaan-ripaus-hulluutta-ja-kykya-kasitella-riskeja\/"},"wordCount":605,"publisher":{"@id":"https:\/\/itasavonuusyrityskeskus.fi\/#organization"},"image":{"@id":"https:\/\/itasavonuusyrityskeskus.fi\/yrittajalta-vaaditaan-ripaus-hulluutta-ja-kykya-kasitella-riskeja\/#primaryimage"},"thumbnailUrl":"https:\/\/itasavonuusyrityskeskus.fi\/wp-content\/uploads\/2018\/05\/Jarno-A-scaled.jpg","articleSection":["All"],"inLanguage":"en-US"},{"@type":"WebPage","@id":"https:\/\/itasavonuusyrityskeskus.fi\/yrittajalta-vaaditaan-ripaus-hulluutta-ja-kykya-kasitella-riskeja\/","url":"https:\/\/itasavonuusyrityskeskus.fi\/yrittajalta-vaaditaan-ripaus-hulluutta-ja-kykya-kasitella-riskeja\/","name":"Yritt\u00e4j\u00e4lt\u00e4 vaaditaan ripaus hulluutta ja kyky\u00e4 k\u00e4sitell\u00e4 riskej\u00e4 - It\u00e4-Savon Uusyrityskeskus","isPartOf":{"@id":"https:\/\/itasavonuusyrityskeskus.fi\/#website"},"primaryImageOfPage":{"@id":"https:\/\/itasavonuusyrityskeskus.fi\/yrittajalta-vaaditaan-ripaus-hulluutta-ja-kykya-kasitella-riskeja\/#primaryimage"},"image":{"@id":"https:\/\/itasavonuusyrityskeskus.fi\/yrittajalta-vaaditaan-ripaus-hulluutta-ja-kykya-kasitella-riskeja\/#primaryimage"},"thumbnailUrl":"https:\/\/itasavonuusyrityskeskus.fi\/wp-content\/uploads\/2018\/05\/Jarno-A-scaled.jpg","datePublished":"2018-05-09T12:52:10+00:00","inLanguage":"en-US","potentialAction":[{"@type":"ReadAction","target":["https:\/\/itasavonuusyrityskeskus.fi\/yrittajalta-vaaditaan-ripaus-hulluutta-ja-kykya-kasitella-riskeja\/"]}]},{"@type":"ImageObject","inLanguage":"en-US","@id":"https:\/\/itasavonuusyrityskeskus.fi\/yrittajalta-vaaditaan-ripaus-hulluutta-ja-kykya-kasitella-riskeja\/#primaryimage","url":"https:\/\/itasavonuusyrityskeskus.fi\/wp-content\/uploads\/2018\/05\/Jarno-A-scaled.jpg","contentUrl":"https:\/\/itasavonuusyrityskeskus.fi\/wp-content\/uploads\/2018\/05\/Jarno-A-scaled.jpg","width":2560,"height":1702},{"@type":"WebSite","@id":"https:\/\/itasavonuusyrityskeskus.fi\/#website","url":"https:\/\/itasavonuusyrityskeskus.fi\/","name":"It\u00e4-Savon Uusyrityskeskus","description":"Yritt\u00e4jyyden alkutaipaleen neuvontapalvelut Savonlinnan seudulla","publisher":{"@id":"https:\/\/itasavonuusyrityskeskus.fi\/#organization"},"potentialAction":[{"@type":"SearchAction","target":{"@type":"EntryPoint","urlTemplate":"https:\/\/itasavonuusyrityskeskus.fi\/?s={search_term_string}"},"query-input":{"@type":"PropertyValueSpecification","valueRequired":true,"valueName":"search_term_string"}}],"inLanguage":"en-US"},{"@type":"Organization","@id":"https:\/\/itasavonuusyrityskeskus.fi\/#organization","name":"It\u00e4-Savon Uusyrityskeskus","url":"https:\/\/itasavonuusyrityskeskus.fi\/","logo":{"@type":"ImageObject","inLanguage":"en-US","@id":"https:\/\/itasavonuusyrityskeskus.fi\/#\/schema\/logo\/image\/","url":"https:\/\/itasavonuusyrityskeskus.fi\/wp-content\/uploads\/2021\/09\/logo-isuyk.png","contentUrl":"https:\/\/itasavonuusyrityskeskus.fi\/wp-content\/uploads\/2021\/09\/logo-isuyk.png","width":400,"height":137,"caption":"It\u00e4-Savon Uusyrityskeskus"},"image":{"@id":"https:\/\/itasavonuusyrityskeskus.fi\/#\/schema\/logo\/image\/"},"sameAs":["https:\/\/www.facebook.com\/isuyk\/"]},{"@type":"Person","@id":""}]}},"_links":{"self":[{"href":"https:\/\/itasavonuusyrityskeskus.fi\/en\/wp-json\/wp\/v2\/posts\/1464","targetHints":{"allow":["GET"]}}],"collection":[{"href":"https:\/\/itasavonuusyrityskeskus.fi\/en\/wp-json\/wp\/v2\/posts"}],"about":[{"href":"https:\/\/itasavonuusyrityskeskus.fi\/en\/wp-json\/wp\/v2\/types\/post"}],"author":[{"embeddable":true,"href":"https:\/\/itasavonuusyrityskeskus.fi\/en\/wp-json\/wp\/v2\/users\/1"}],"replies":[{"embeddable":true,"href":"https:\/\/itasavonuusyrityskeskus.fi\/en\/wp-json\/wp\/v2\/comments?post=1464"}],"version-history":[{"count":0,"href":"https:\/\/itasavonuusyrityskeskus.fi\/en\/wp-json\/wp\/v2\/posts\/1464\/revisions"}],"wp:featuredmedia":[{"embeddable":true,"href":"https:\/\/itasavonuusyrityskeskus.fi\/en\/wp-json\/wp\/v2\/media\/794"}],"wp:attachment":[{"href":"https:\/\/itasavonuusyrityskeskus.fi\/en\/wp-json\/wp\/v2\/media?parent=1464"}],"wp:term":[{"taxonomy":"category","embeddable":true,"href":"https:\/\/itasavonuusyrityskeskus.fi\/en\/wp-json\/wp\/v2\/categories?post=1464"},{"taxonomy":"post_tag","embeddable":true,"href":"https:\/\/itasavonuusyrityskeskus.fi\/en\/wp-json\/wp\/v2\/tags?post=1464"}],"curies":[{"name":"wp","href":"https:\/\/api.w.org\/{rel}","templated":true}]}}