{"id":2478,"date":"2022-03-11T11:12:01","date_gmt":"2022-03-11T09:12:01","guid":{"rendered":"https:\/\/itasavonuusyrityskeskus.fi\/?p=2478"},"modified":"2022-03-16T11:44:29","modified_gmt":"2022-03-16T09:44:29","slug":"ita-savon-uusyrityskeskuksen-toimitusjohtaja-vaihtuu","status":"publish","type":"post","link":"https:\/\/itasavonuusyrityskeskus.fi\/en\/ita-savon-uusyrityskeskuksen-toimitusjohtaja-vaihtuu\/","title":{"rendered":"It\u00e4-Savon Uusyrityskeskuksen toimitusjohtaja vaihtuu"},"content":{"rendered":"<p>It\u00e4-Savon Uusyrityskeskuksen hallitus on p\u00e4\u00e4tt\u00e4nyt marraskuun 2021 kokouksessaan valita Katja Remeksen uudeksi toimitusjohtajaksi toukokuun 2022 alusta alkaen.<\/p>\n<p>Remes on toiminut It\u00e4-Savon Uusyrityskeskuksen yritysneuvojana vuodesta 2015 alkaen, sittemmin projektip\u00e4\u00e4llikk\u00f6n\u00e4 ja nykyisen toimitusjohtaja Juhani Rouvisen varahenkil\u00f6n\u00e4.<\/p>\n<p>Juhani Rouvinen j\u00e4\u00e4 el\u00e4kkeelle 1.7.2022. Rouvinen on toiminut toimitusjohtajana vuodesta 2004 alkaen, eli takana on 18 toimintavuotta It\u00e4-Savon Uusyrityskeskuksen palveluksessa.<\/p>\n<h2><strong>Uusia henkil\u00f6valintoja<\/strong><\/h2>\n<p>It\u00e4-Savon Uusyrityskeskukseen on palkattu toimistoassistentiksi 26.1.2022 alkaen Sanni Lepp\u00e4nen ja yritysvalmentajana 14.3.2022 aloittaa Pekka Turunen.<\/p>\n<h2><strong>25 vuotta alueellista neuvontatoimintaa<\/strong><\/h2>\n<p>It\u00e4-Savon Uusyrityskeskus on tuottanut Savonlinnan seudulla jo 25 vuoden ajan veloituksetonta ja luottamuksellista neuvontaa aloitteleville yritt\u00e4jille sek\u00e4 omistajanvaihdoksiin. Toimintaan kuuluu my\u00f6s erilaisten yritt\u00e4jyys- tapahtumien ja koulutuksien j\u00e4rjest\u00e4minen. Aktiivista yhteisty\u00f6t\u00e4 tehd\u00e4\u00e4n my\u00f6s alueen oppilaitosten, yritysten sek\u00e4 muiden yritt\u00e4jyys kent\u00e4ll\u00e4 toimivien kanssa. Vuosien 1997\u20132022 aikana on palveltu 3809 asiakasta, joiden kanssa toteutettu yli 17500 asiakasneuvonta tapahtumaa, synnytetty alueelle 1952 uutta yrityst\u00e4, jotka ovat tuoneet uusia ty\u00f6paikkoja perustamisvaiheessa 3665 kpl. Omistajanvaihdoksia toteutettu n. 300 kpl, joissa s\u00e4ilytetty yli 940 ty\u00f6paikkaa. It\u00e4-Savon Uusyrityskeskuksessa ty\u00f6skentelee p\u00e4\u00e4s\u00e4\u00e4nt\u00f6isesti kolme henkil\u00f6\u00e4.<\/p>\n<p><strong>Juhani Rouvinen \u201cThe Boomer\u201d<\/strong><\/p>\n<p>Ura: It\u00e4-Savon Uusyrityskeskuksen toimitusjohtajana ja yritysneuvojana 18 v. Yritt\u00e4j\u00e4n\u00e4 ja osakkuusyritt\u00e4j\u00e4n\u00e4 kolmessa eri yhti\u00f6ss\u00e4, ICT-alalla yli 20 v.<\/p>\n<p>Motto: Haasteet ovat alkuruokaa ja onnistumiset j\u00e4lkiruokaa ja kyll\u00e4 t\u00e4m\u00e4 t\u00e4st\u00e4.<\/p>\n<h2><strong>Tulevaisuuden tekij\u00e4t<\/strong><\/h2>\n<p><strong>Katja Remes<\/strong><\/p>\n<p>Opinnot: Tradenomi YAMK, yritt\u00e4j\u00e4n ammattitutkinto, pukeutumisneuvojan EAT ja kaksi opistotason tutkintoa (liiketalous).<\/p>\n<p>Ty\u00f6ura: yritysneuvoja v. 2015 alk., sit\u00e4 ennen mm. yritt\u00e4j\u00e4 (yhdeks\u00e4n vuotta tekstiilialalla), assistentti, verovirkailija, ty\u00f6voimaneuvoja, myyj\u00e4.<\/p>\n<p>Harrastukset\/vapaa-aika: lukeminen, penkkiurheilu, liikunta ja mets\u00e4stys.<\/p>\n<p>Motto: Mik\u00e4\u00e4n ei muutu, jos mik\u00e4\u00e4n ei muutu.<\/p>\n<p><strong>Pekka Turunen<\/strong><\/p>\n<p>Opinnot: Yo-Merkonomi.<\/p>\n<p>Ty\u00f6ura: Yritt\u00e4j\u00e4n\u00e4 28 vuotta. Hankekehitys Oy:n projekteissa Savonlinna-Live ja Luonto-Saimaa hankkeet 2020 alkaen. Ravintolayritt\u00e4j\u00e4n\u00e4 1999\u20132018 ja B2B yritt\u00e4j\u00e4n\u00e4 2018- Vuodesta. Ohjelmapalveluyritt\u00e4j\u00e4n\u00e4 1993\u20132000.<\/p>\n<p>Harrastukset\/vapaa-aika: Reservil\u00e4istoiminta, luonnossa liikkuminen ja mets\u00e4nhoito.<\/p>\n<p>Motto: Jos haluat muiden syttyv\u00e4n, t\u00e4ytyy sinun itse olla liekeiss\u00e4!<\/p>\n<p><strong>Sanni Lepp\u00e4nen<\/strong><\/p>\n<p>Opinnot: Tradenomi AMK, Y-akatemia (valmistuminen kev\u00e4t 2022) sek\u00e4 merkonomi.<\/p>\n<p>Ty\u00f6ura: toimistoassistentti (nykyinen), tiimiyritt\u00e4j\u00e4, markkinointiassistentti, myyj\u00e4.<\/p>\n<p>Harrastukset\/vapaa-aika: tavoitteellinen salitreenaus ja mets\u00e4stys.<\/p>\n<p>Motto: Ruoho on vihre\u00e4\u00e4 siell\u00e4, miss\u00e4 sit\u00e4 kastellaan.<\/p>\n<p>&nbsp;<\/p>\n","protected":false},"excerpt":{"rendered":"<p>It\u00e4-Savon Uusyrityskeskuksen hallitus on p\u00e4\u00e4tt\u00e4nyt marraskuun 2021 kokouksessaan valita Katja Remeksen uudeksi toimitusjohtajaksi toukokuun 2022 alusta alkaen. Remes on toiminut It\u00e4-Savon Uusyrityskeskuksen yritysneuvojana&#8230;<\/p>\n","protected":false},"author":3,"featured_media":2484,"comment_status":"closed","ping_status":"closed","sticky":false,"template":"","format":"standard","meta":{"footnotes":""},"categories":[1],"tags":[],"class_list":["post-2478","post","type-post","status-publish","format-standard","has-post-thumbnail","hentry","category-yleinen","hanke_category-rebuild-business-2021","dg_entrepreneur_category-yrittajille"],"yoast_head":"<!-- This site is optimized with the Yoast SEO plugin v27.5 - https:\/\/yoast.com\/product\/yoast-seo-wordpress\/ -->\n<title>It\u00e4-Savon Uusyrityskeskuksen toimitusjohtaja vaihtuu - It\u00e4-Savon Uusyrityskeskus<\/title>\n<meta name=\"robots\" content=\"index, follow, max-snippet:-1, max-image-preview:large, max-video-preview:-1\" \/>\n<link rel=\"canonical\" href=\"https:\/\/itasavonuusyrityskeskus.fi\/ita-savon-uusyrityskeskuksen-toimitusjohtaja-vaihtuu\/\" \/>\n<meta property=\"og:locale\" content=\"en_US\" \/>\n<meta property=\"og:type\" content=\"article\" \/>\n<meta property=\"og:title\" content=\"It\u00e4-Savon Uusyrityskeskuksen toimitusjohtaja vaihtuu - It\u00e4-Savon Uusyrityskeskus\" \/>\n<meta property=\"og:description\" content=\"It\u00e4-Savon Uusyrityskeskuksen hallitus on p\u00e4\u00e4tt\u00e4nyt marraskuun 2021 kokouksessaan valita Katja Remeksen uudeksi toimitusjohtajaksi toukokuun 2022 alusta alkaen. Remes on toiminut It\u00e4-Savon Uusyrityskeskuksen yritysneuvojana...\" \/>\n<meta property=\"og:url\" content=\"https:\/\/itasavonuusyrityskeskus.fi\/ita-savon-uusyrityskeskuksen-toimitusjohtaja-vaihtuu\/\" \/>\n<meta property=\"og:site_name\" content=\"It\u00e4-Savon Uusyrityskeskus\" \/>\n<meta property=\"article:publisher\" content=\"https:\/\/www.facebook.com\/isuyk\/\" \/>\n<meta property=\"article:author\" content=\"https:\/\/www.facebook.com\/isuyk\" \/>\n<meta property=\"article:published_time\" content=\"2022-03-11T09:12:01+00:00\" \/>\n<meta property=\"article:modified_time\" content=\"2022-03-16T09:44:29+00:00\" \/>\n<meta property=\"og:image\" content=\"https:\/\/itasavonuusyrityskeskus.fi\/wp-content\/uploads\/2022\/03\/Puistokatu1-1024x630.jpeg\" \/>\n\t<meta property=\"og:image:width\" content=\"1024\" \/>\n\t<meta property=\"og:image:height\" content=\"683\" \/>\n\t<meta property=\"og:image:type\" content=\"image\/jpeg\" \/>\n<meta name=\"author\" content=\"It\u00e4-Savon Uusyrityskeskus\" \/>\n<meta name=\"twitter:card\" content=\"summary_large_image\" \/>\n<meta name=\"twitter:label1\" content=\"Written by\" \/>\n\t<meta name=\"twitter:data1\" content=\"It\u00e4-Savon Uusyrityskeskus\" \/>\n\t<meta name=\"twitter:label2\" content=\"Est. reading time\" \/>\n\t<meta name=\"twitter:data2\" content=\"2 minutes\" \/>\n<script type=\"application\/ld+json\" class=\"yoast-schema-graph\">{\"@context\":\"https:\\\/\\\/schema.org\",\"@graph\":[{\"@type\":\"Article\",\"@id\":\"https:\\\/\\\/itasavonuusyrityskeskus.fi\\\/ita-savon-uusyrityskeskuksen-toimitusjohtaja-vaihtuu\\\/#article\",\"isPartOf\":{\"@id\":\"https:\\\/\\\/itasavonuusyrityskeskus.fi\\\/ita-savon-uusyrityskeskuksen-toimitusjohtaja-vaihtuu\\\/\"},\"author\":{\"name\":\"It\u00e4-Savon Uusyrityskeskus\",\"@id\":\"https:\\\/\\\/itasavonuusyrityskeskus.fi\\\/#\\\/schema\\\/person\\\/cb907743384ed05a34e24507870e18ef\"},\"headline\":\"It\u00e4-Savon Uusyrityskeskuksen toimitusjohtaja vaihtuu\",\"datePublished\":\"2022-03-11T09:12:01+00:00\",\"dateModified\":\"2022-03-16T09:44:29+00:00\",\"mainEntityOfPage\":{\"@id\":\"https:\\\/\\\/itasavonuusyrityskeskus.fi\\\/ita-savon-uusyrityskeskuksen-toimitusjohtaja-vaihtuu\\\/\"},\"wordCount\":363,\"publisher\":{\"@id\":\"https:\\\/\\\/itasavonuusyrityskeskus.fi\\\/#organization\"},\"image\":{\"@id\":\"https:\\\/\\\/itasavonuusyrityskeskus.fi\\\/ita-savon-uusyrityskeskuksen-toimitusjohtaja-vaihtuu\\\/#primaryimage\"},\"thumbnailUrl\":\"https:\\\/\\\/itasavonuusyrityskeskus.fi\\\/wp-content\\\/uploads\\\/2022\\\/03\\\/Puistokatu1.jpeg\",\"articleSection\":[\"Yleinen\"],\"inLanguage\":\"en-US\"},{\"@type\":\"WebPage\",\"@id\":\"https:\\\/\\\/itasavonuusyrityskeskus.fi\\\/ita-savon-uusyrityskeskuksen-toimitusjohtaja-vaihtuu\\\/\",\"url\":\"https:\\\/\\\/itasavonuusyrityskeskus.fi\\\/ita-savon-uusyrityskeskuksen-toimitusjohtaja-vaihtuu\\\/\",\"name\":\"It\u00e4-Savon Uusyrityskeskuksen toimitusjohtaja vaihtuu - It\u00e4-Savon Uusyrityskeskus\",\"isPartOf\":{\"@id\":\"https:\\\/\\\/itasavonuusyrityskeskus.fi\\\/#website\"},\"primaryImageOfPage\":{\"@id\":\"https:\\\/\\\/itasavonuusyrityskeskus.fi\\\/ita-savon-uusyrityskeskuksen-toimitusjohtaja-vaihtuu\\\/#primaryimage\"},\"image\":{\"@id\":\"https:\\\/\\\/itasavonuusyrityskeskus.fi\\\/ita-savon-uusyrityskeskuksen-toimitusjohtaja-vaihtuu\\\/#primaryimage\"},\"thumbnailUrl\":\"https:\\\/\\\/itasavonuusyrityskeskus.fi\\\/wp-content\\\/uploads\\\/2022\\\/03\\\/Puistokatu1.jpeg\",\"datePublished\":\"2022-03-11T09:12:01+00:00\",\"dateModified\":\"2022-03-16T09:44:29+00:00\",\"inLanguage\":\"en-US\",\"potentialAction\":[{\"@type\":\"ReadAction\",\"target\":[\"https:\\\/\\\/itasavonuusyrityskeskus.fi\\\/ita-savon-uusyrityskeskuksen-toimitusjohtaja-vaihtuu\\\/\"]}]},{\"@type\":\"ImageObject\",\"inLanguage\":\"en-US\",\"@id\":\"https:\\\/\\\/itasavonuusyrityskeskus.fi\\\/ita-savon-uusyrityskeskuksen-toimitusjohtaja-vaihtuu\\\/#primaryimage\",\"url\":\"https:\\\/\\\/itasavonuusyrityskeskus.fi\\\/wp-content\\\/uploads\\\/2022\\\/03\\\/Puistokatu1.jpeg\",\"contentUrl\":\"https:\\\/\\\/itasavonuusyrityskeskus.fi\\\/wp-content\\\/uploads\\\/2022\\\/03\\\/Puistokatu1.jpeg\",\"width\":1024,\"height\":683},{\"@type\":\"WebSite\",\"@id\":\"https:\\\/\\\/itasavonuusyrityskeskus.fi\\\/#website\",\"url\":\"https:\\\/\\\/itasavonuusyrityskeskus.fi\\\/\",\"name\":\"It\u00e4-Savon Uusyrityskeskus\",\"description\":\"Yritt\u00e4jyyden alkutaipaleen neuvontapalvelut Savonlinnan seudulla\",\"publisher\":{\"@id\":\"https:\\\/\\\/itasavonuusyrityskeskus.fi\\\/#organization\"},\"potentialAction\":[{\"@type\":\"SearchAction\",\"target\":{\"@type\":\"EntryPoint\",\"urlTemplate\":\"https:\\\/\\\/itasavonuusyrityskeskus.fi\\\/?s={search_term_string}\"},\"query-input\":{\"@type\":\"PropertyValueSpecification\",\"valueRequired\":true,\"valueName\":\"search_term_string\"}}],\"inLanguage\":\"en-US\"},{\"@type\":\"Organization\",\"@id\":\"https:\\\/\\\/itasavonuusyrityskeskus.fi\\\/#organization\",\"name\":\"It\u00e4-Savon Uusyrityskeskus\",\"url\":\"https:\\\/\\\/itasavonuusyrityskeskus.fi\\\/\",\"logo\":{\"@type\":\"ImageObject\",\"inLanguage\":\"en-US\",\"@id\":\"https:\\\/\\\/itasavonuusyrityskeskus.fi\\\/#\\\/schema\\\/logo\\\/image\\\/\",\"url\":\"https:\\\/\\\/itasavonuusyrityskeskus.fi\\\/wp-content\\\/uploads\\\/2021\\\/09\\\/logo-isuyk.png\",\"contentUrl\":\"https:\\\/\\\/itasavonuusyrityskeskus.fi\\\/wp-content\\\/uploads\\\/2021\\\/09\\\/logo-isuyk.png\",\"width\":400,\"height\":137,\"caption\":\"It\u00e4-Savon Uusyrityskeskus\"},\"image\":{\"@id\":\"https:\\\/\\\/itasavonuusyrityskeskus.fi\\\/#\\\/schema\\\/logo\\\/image\\\/\"},\"sameAs\":[\"https:\\\/\\\/www.facebook.com\\\/isuyk\\\/\"]},{\"@type\":\"Person\",\"@id\":\"https:\\\/\\\/itasavonuusyrityskeskus.fi\\\/#\\\/schema\\\/person\\\/cb907743384ed05a34e24507870e18ef\",\"name\":\"It\u00e4-Savon Uusyrityskeskus\",\"sameAs\":[\"https:\\\/\\\/www.facebook.com\\\/isuyk\",\"https:\\\/\\\/www.instagram.com\\\/itasavonuusyrityskeskus\\\/\",\"https:\\\/\\\/www.linkedin.com\\\/company\\\/it-savon-uusyrityskeskus-ry\\\/\",\"https:\\\/\\\/www.youtube.com\\\/channel\\\/UC2iXSOU7DN9D-DMDfmYN-Yg\"]}]}<\/script>\n<!-- \/ Yoast SEO plugin. -->","yoast_head_json":{"title":"It\u00e4-Savon Uusyrityskeskuksen toimitusjohtaja vaihtuu - It\u00e4-Savon Uusyrityskeskus","robots":{"index":"index","follow":"follow","max-snippet":"max-snippet:-1","max-image-preview":"max-image-preview:large","max-video-preview":"max-video-preview:-1"},"canonical":"https:\/\/itasavonuusyrityskeskus.fi\/ita-savon-uusyrityskeskuksen-toimitusjohtaja-vaihtuu\/","og_locale":"en_US","og_type":"article","og_title":"It\u00e4-Savon Uusyrityskeskuksen toimitusjohtaja vaihtuu - It\u00e4-Savon Uusyrityskeskus","og_description":"It\u00e4-Savon Uusyrityskeskuksen hallitus on p\u00e4\u00e4tt\u00e4nyt marraskuun 2021 kokouksessaan valita Katja Remeksen uudeksi toimitusjohtajaksi toukokuun 2022 alusta alkaen. Remes on toiminut It\u00e4-Savon Uusyrityskeskuksen yritysneuvojana...","og_url":"https:\/\/itasavonuusyrityskeskus.fi\/ita-savon-uusyrityskeskuksen-toimitusjohtaja-vaihtuu\/","og_site_name":"It\u00e4-Savon Uusyrityskeskus","article_publisher":"https:\/\/www.facebook.com\/isuyk\/","article_author":"https:\/\/www.facebook.com\/isuyk","article_published_time":"2022-03-11T09:12:01+00:00","article_modified_time":"2022-03-16T09:44:29+00:00","og_image":[{"width":1024,"height":683,"url":"https:\/\/itasavonuusyrityskeskus.fi\/wp-content\/uploads\/2022\/03\/Puistokatu1-1024x630.jpeg","type":"image\/jpeg"}],"author":"It\u00e4-Savon Uusyrityskeskus","twitter_card":"summary_large_image","twitter_misc":{"Written by":"It\u00e4-Savon Uusyrityskeskus","Est. reading time":"2 minutes"},"schema":{"@context":"https:\/\/schema.org","@graph":[{"@type":"Article","@id":"https:\/\/itasavonuusyrityskeskus.fi\/ita-savon-uusyrityskeskuksen-toimitusjohtaja-vaihtuu\/#article","isPartOf":{"@id":"https:\/\/itasavonuusyrityskeskus.fi\/ita-savon-uusyrityskeskuksen-toimitusjohtaja-vaihtuu\/"},"author":{"name":"It\u00e4-Savon Uusyrityskeskus","@id":"https:\/\/itasavonuusyrityskeskus.fi\/#\/schema\/person\/cb907743384ed05a34e24507870e18ef"},"headline":"It\u00e4-Savon Uusyrityskeskuksen toimitusjohtaja vaihtuu","datePublished":"2022-03-11T09:12:01+00:00","dateModified":"2022-03-16T09:44:29+00:00","mainEntityOfPage":{"@id":"https:\/\/itasavonuusyrityskeskus.fi\/ita-savon-uusyrityskeskuksen-toimitusjohtaja-vaihtuu\/"},"wordCount":363,"publisher":{"@id":"https:\/\/itasavonuusyrityskeskus.fi\/#organization"},"image":{"@id":"https:\/\/itasavonuusyrityskeskus.fi\/ita-savon-uusyrityskeskuksen-toimitusjohtaja-vaihtuu\/#primaryimage"},"thumbnailUrl":"https:\/\/itasavonuusyrityskeskus.fi\/wp-content\/uploads\/2022\/03\/Puistokatu1.jpeg","articleSection":["Yleinen"],"inLanguage":"en-US"},{"@type":"WebPage","@id":"https:\/\/itasavonuusyrityskeskus.fi\/ita-savon-uusyrityskeskuksen-toimitusjohtaja-vaihtuu\/","url":"https:\/\/itasavonuusyrityskeskus.fi\/ita-savon-uusyrityskeskuksen-toimitusjohtaja-vaihtuu\/","name":"It\u00e4-Savon Uusyrityskeskuksen toimitusjohtaja vaihtuu - It\u00e4-Savon Uusyrityskeskus","isPartOf":{"@id":"https:\/\/itasavonuusyrityskeskus.fi\/#website"},"primaryImageOfPage":{"@id":"https:\/\/itasavonuusyrityskeskus.fi\/ita-savon-uusyrityskeskuksen-toimitusjohtaja-vaihtuu\/#primaryimage"},"image":{"@id":"https:\/\/itasavonuusyrityskeskus.fi\/ita-savon-uusyrityskeskuksen-toimitusjohtaja-vaihtuu\/#primaryimage"},"thumbnailUrl":"https:\/\/itasavonuusyrityskeskus.fi\/wp-content\/uploads\/2022\/03\/Puistokatu1.jpeg","datePublished":"2022-03-11T09:12:01+00:00","dateModified":"2022-03-16T09:44:29+00:00","inLanguage":"en-US","potentialAction":[{"@type":"ReadAction","target":["https:\/\/itasavonuusyrityskeskus.fi\/ita-savon-uusyrityskeskuksen-toimitusjohtaja-vaihtuu\/"]}]},{"@type":"ImageObject","inLanguage":"en-US","@id":"https:\/\/itasavonuusyrityskeskus.fi\/ita-savon-uusyrityskeskuksen-toimitusjohtaja-vaihtuu\/#primaryimage","url":"https:\/\/itasavonuusyrityskeskus.fi\/wp-content\/uploads\/2022\/03\/Puistokatu1.jpeg","contentUrl":"https:\/\/itasavonuusyrityskeskus.fi\/wp-content\/uploads\/2022\/03\/Puistokatu1.jpeg","width":1024,"height":683},{"@type":"WebSite","@id":"https:\/\/itasavonuusyrityskeskus.fi\/#website","url":"https:\/\/itasavonuusyrityskeskus.fi\/","name":"It\u00e4-Savon Uusyrityskeskus","description":"Yritt\u00e4jyyden alkutaipaleen neuvontapalvelut Savonlinnan seudulla","publisher":{"@id":"https:\/\/itasavonuusyrityskeskus.fi\/#organization"},"potentialAction":[{"@type":"SearchAction","target":{"@type":"EntryPoint","urlTemplate":"https:\/\/itasavonuusyrityskeskus.fi\/?s={search_term_string}"},"query-input":{"@type":"PropertyValueSpecification","valueRequired":true,"valueName":"search_term_string"}}],"inLanguage":"en-US"},{"@type":"Organization","@id":"https:\/\/itasavonuusyrityskeskus.fi\/#organization","name":"It\u00e4-Savon Uusyrityskeskus","url":"https:\/\/itasavonuusyrityskeskus.fi\/","logo":{"@type":"ImageObject","inLanguage":"en-US","@id":"https:\/\/itasavonuusyrityskeskus.fi\/#\/schema\/logo\/image\/","url":"https:\/\/itasavonuusyrityskeskus.fi\/wp-content\/uploads\/2021\/09\/logo-isuyk.png","contentUrl":"https:\/\/itasavonuusyrityskeskus.fi\/wp-content\/uploads\/2021\/09\/logo-isuyk.png","width":400,"height":137,"caption":"It\u00e4-Savon Uusyrityskeskus"},"image":{"@id":"https:\/\/itasavonuusyrityskeskus.fi\/#\/schema\/logo\/image\/"},"sameAs":["https:\/\/www.facebook.com\/isuyk\/"]},{"@type":"Person","@id":"https:\/\/itasavonuusyrityskeskus.fi\/#\/schema\/person\/cb907743384ed05a34e24507870e18ef","name":"It\u00e4-Savon Uusyrityskeskus","sameAs":["https:\/\/www.facebook.com\/isuyk","https:\/\/www.instagram.com\/itasavonuusyrityskeskus\/","https:\/\/www.linkedin.com\/company\/it-savon-uusyrityskeskus-ry\/","https:\/\/www.youtube.com\/channel\/UC2iXSOU7DN9D-DMDfmYN-Yg"]}]}},"_links":{"self":[{"href":"https:\/\/itasavonuusyrityskeskus.fi\/en\/wp-json\/wp\/v2\/posts\/2478","targetHints":{"allow":["GET"]}}],"collection":[{"href":"https:\/\/itasavonuusyrityskeskus.fi\/en\/wp-json\/wp\/v2\/posts"}],"about":[{"href":"https:\/\/itasavonuusyrityskeskus.fi\/en\/wp-json\/wp\/v2\/types\/post"}],"author":[{"embeddable":true,"href":"https:\/\/itasavonuusyrityskeskus.fi\/en\/wp-json\/wp\/v2\/users\/3"}],"replies":[{"embeddable":true,"href":"https:\/\/itasavonuusyrityskeskus.fi\/en\/wp-json\/wp\/v2\/comments?post=2478"}],"version-history":[{"count":7,"href":"https:\/\/itasavonuusyrityskeskus.fi\/en\/wp-json\/wp\/v2\/posts\/2478\/revisions"}],"predecessor-version":[{"id":2490,"href":"https:\/\/itasavonuusyrityskeskus.fi\/en\/wp-json\/wp\/v2\/posts\/2478\/revisions\/2490"}],"wp:featuredmedia":[{"embeddable":true,"href":"https:\/\/itasavonuusyrityskeskus.fi\/en\/wp-json\/wp\/v2\/media\/2484"}],"wp:attachment":[{"href":"https:\/\/itasavonuusyrityskeskus.fi\/en\/wp-json\/wp\/v2\/media?parent=2478"}],"wp:term":[{"taxonomy":"category","embeddable":true,"href":"https:\/\/itasavonuusyrityskeskus.fi\/en\/wp-json\/wp\/v2\/categories?post=2478"},{"taxonomy":"post_tag","embeddable":true,"href":"https:\/\/itasavonuusyrityskeskus.fi\/en\/wp-json\/wp\/v2\/tags?post=2478"}],"curies":[{"name":"wp","href":"https:\/\/api.w.org\/{rel}","templated":true}]}}