{"id":3639,"date":"2022-08-09T09:23:24","date_gmt":"2022-08-09T06:23:24","guid":{"rendered":"https:\/\/itasavonuusyrityskeskus.fi\/?p=3639"},"modified":"2022-08-09T09:23:24","modified_gmt":"2022-08-09T06:23:24","slug":"sivutoiminen-yrittajyys-arjen-voimavarana","status":"publish","type":"post","link":"https:\/\/itasavonuusyrityskeskus.fi\/en\/sivutoiminen-yrittajyys-arjen-voimavarana\/","title":{"rendered":"Sivutoiminen yritt\u00e4jyys arjen voimavarana"},"content":{"rendered":"<p>Sivutoiminen yritt\u00e4jyys on ollut kasvussa jo usean vuoden ajan. Sivutoimiyritt\u00e4j\u00e4 on usein palkansaaja, mutta my\u00f6s esimerkiksi el\u00e4kel\u00e4iset ja opiskelijat perustavat sivutoimisia yrityksi\u00e4. El\u00e4kel\u00e4isille se on yksi vaihtoehto jatkaa ty\u00f6ntekoa, saada lis\u00e4tuloa, hy\u00f6dynt\u00e4\u00e4 osaamistaan ja lis\u00e4t\u00e4 kokonaisvaltaista hyvinvointia. Opiskelijat puolestaan voivat perustaa yrityksen opintojen ohessa, usein loppusuoralla opintoja. Se on hyv\u00e4 mahdollisuus saada yritt\u00e4j\u00e4kokemusta ja edist\u00e4\u00e4 ty\u00f6el\u00e4m\u00e4\u00e4n p\u00e4\u00e4sy\u00e4. Osa siirtyykin p\u00e4\u00e4toimiseksi yritt\u00e4j\u00e4ksi opintojen p\u00e4\u00e4tytty\u00e4.<\/p>\n<h2>Sivutoimiyritt\u00e4jyys sopii moneen tilanteeseen<\/h2>\n<p>Sivutoimiyritt\u00e4jyys sopii monenlaisiin tilanteisiin, mutta jokaisen on itse harkittava tarkkaan, onko se paras vaihtoehto kunkin el\u00e4m\u00e4ntilanteeseen. Kun suunnittelet sivutoimista yritt\u00e4jyytt\u00e4, on hyv\u00e4 selvitt\u00e4\u00e4 perusasiat muun muassa verotuksesta, vakuutuksista ja ty\u00f6tt\u00f6myysetuuksista, mit\u00e4 sivutoiminen yritt\u00e4jyys vaatii ja mihin se vaikuttaa. Esimerkiksi\u00a0<a href=\"https:\/\/www.suomi.fi\/ohjeet-ja-tuki\/tuki-ja-neuvonta\/tietoa-yritys-suomi-puhelinpalvelusta\">Yritys-Suomi-puhelinpalvelu<\/a>\u00a0neuvoo n\u00e4iss\u00e4 asioissa puhelimessa ja verkossa. Joskus voi olla parempi l\u00e4hte\u00e4 suoraan p\u00e4\u00e4toimiseksi yritt\u00e4j\u00e4ksi. L\u00e4ht\u00f6kohtana yritt\u00e4jyyteen on kuitenkin aina se, ett\u00e4 sinulla on riitt\u00e4v\u00e4 osaaminen ja tarpeeksi aikaa k\u00e4ytett\u00e4viss\u00e4si.<\/p>\n<p>Palkansaajalle sivutoimisuus sopii, jos haluaa kokeilla yritt\u00e4mist\u00e4 ja saada arvokasta kokemusta sek\u00e4 kokeilla liikeidean toimivuutta. Moni haluaa ainakin aluksi turvata toimeentulon palkkatulon kautta. Huomaa, ett\u00e4 ty\u00f6nantaja voi edellytt\u00e4\u00e4 lupaa tai ilmoitusta sivutoimisesta yritystoiminnastasi. Sivutoiminen yritt\u00e4jyys sopii my\u00f6s, jos teht\u00e4v\u00e4 ty\u00f6 yritt\u00e4j\u00e4n\u00e4 on kausiluontaista tai kyseess\u00e4 on erikoisosaaminen, jota ei juuri palkkaty\u00f6n\u00e4 voi tehd\u00e4. Jos olet ty\u00f6t\u00f6n, vaihtoehtona voi olla my\u00f6s kokeilla yritt\u00e4jyytt\u00e4 4 kuukautta ty\u00f6tt\u00f6myysturvalla. T\u00e4st\u00e4kin lis\u00e4tietoa antaa muun muassa Yritys-Suomi-puhelinpalvelu.<\/p>\n<h2>Tukiverkosto on t\u00e4rke\u00e4 sivutoimiyritt\u00e4j\u00e4llekin<\/h2>\n<p>Itsens\u00e4 johtaminen on avainsana, jotta homma toimii ja sivutoimisuus antaa enemm\u00e4n kuin ottaa. Vaikka sivutoimiyritt\u00e4j\u00e4 toimii yleens\u00e4 yksin, ei pid\u00e4 unohtaa perhett\u00e4 ja l\u00e4heisi\u00e4, sill\u00e4 heid\u00e4n tukensa on t\u00e4rke\u00e4\u00e4. Monesti yritt\u00e4jyys on tavalla tai toisella koko perheen juttu, toimit sitten yritt\u00e4j\u00e4n\u00e4 p\u00e4\u00e4toimisesti tai sivutoimisesti.<\/p>\n<p>T\u00e4ll\u00e4 hetkell\u00e4 toimin itse palkkaty\u00f6ss\u00e4 valtakunnallisessa Yritys-Suomi-puhelinpalvelussa ja samalla sivutoimisena yritt\u00e4j\u00e4. J\u00e4rjest\u00e4n yrityksess\u00e4ni Mets\u00e4mieli-hyvinvointiretki\u00e4 pienryhmille ja osana ty\u00f6yhteis\u00f6jen tyhy-p\u00e4ivi\u00e4. Ratkaisu sopii minulle. Olen aina tyk\u00e4nnyt tehd\u00e4 jotakin muuta ty\u00f6n ohessa, kehitt\u00e4\u00e4 osaamistani ja itse\u00e4ni. Sivutoimisena yritt\u00e4j\u00e4n\u00e4 voin m\u00e4\u00e4ritt\u00e4\u00e4 itse mink\u00e4 verran ja milloin teen t\u00f6it\u00e4, palkkaty\u00f6 on kuitenkin etusijalla. Palkkaty\u00f6ni on puhelimessa ja koneen \u00e4\u00e4ress\u00e4 olevaa neuvontaa. Sivutoimisena yritt\u00e4j\u00e4n\u00e4 saan kohdata erilaisia ihmisi\u00e4 kasvokkain ja olla luonnossa, joka on ehdottomasti voimavara omassa arjessa! Tunnen olevani etuoikeutettu ja kiitollinen, ett\u00e4 voin toimia n\u00e4in.<\/p>\n<p>Kirjoittanut vastaavana yritysneuvojana Yritys-suomi-puhelinpalvelussa toimiva Tuula Kalpa.<\/p>\n<p>Alkuper\u00e4isen tekstin l\u00f6yd\u00e4t tuolta: https:\/\/uusyrityskeskus.fi\/blogi\/sivutoiminen-yrittajyys-arjen-voimavarana\/<\/p>\n","protected":false},"excerpt":{"rendered":"<p>Sivutoiminen yritt\u00e4jyys on ollut kasvussa jo usean vuoden ajan. Sivutoimiyritt\u00e4j\u00e4 on usein palkansaaja, mutta my\u00f6s esimerkiksi el\u00e4kel\u00e4iset ja opiskelijat perustavat sivutoimisia yrityksi\u00e4. El\u00e4kel\u00e4isille&#8230;<\/p>\n","protected":false},"author":3,"featured_media":3640,"comment_status":"closed","ping_status":"closed","sticky":false,"template":"","format":"standard","meta":{"footnotes":""},"categories":[1],"tags":[],"class_list":["post-3639","post","type-post","status-publish","format-standard","has-post-thumbnail","hentry","category-yleinen","dg_entrepreneur_category-yrittajille"],"yoast_head":"<!-- This site is optimized with the Yoast SEO plugin v27.5 - https:\/\/yoast.com\/product\/yoast-seo-wordpress\/ -->\n<title>Sivutoiminen yritt\u00e4jyys arjen voimavarana - It\u00e4-Savon Uusyrityskeskus<\/title>\n<meta name=\"robots\" content=\"index, follow, max-snippet:-1, max-image-preview:large, max-video-preview:-1\" \/>\n<link rel=\"canonical\" href=\"https:\/\/itasavonuusyrityskeskus.fi\/sivutoiminen-yrittajyys-arjen-voimavarana\/\" \/>\n<meta property=\"og:locale\" content=\"en_US\" \/>\n<meta property=\"og:type\" content=\"article\" \/>\n<meta property=\"og:title\" content=\"Sivutoiminen yritt\u00e4jyys arjen voimavarana - It\u00e4-Savon Uusyrityskeskus\" \/>\n<meta property=\"og:description\" content=\"Sivutoiminen yritt\u00e4jyys on ollut kasvussa jo usean vuoden ajan. Sivutoimiyritt\u00e4j\u00e4 on usein palkansaaja, mutta my\u00f6s esimerkiksi el\u00e4kel\u00e4iset ja opiskelijat perustavat sivutoimisia yrityksi\u00e4. El\u00e4kel\u00e4isille...\" \/>\n<meta property=\"og:url\" content=\"https:\/\/itasavonuusyrityskeskus.fi\/sivutoiminen-yrittajyys-arjen-voimavarana\/\" \/>\n<meta property=\"og:site_name\" content=\"It\u00e4-Savon Uusyrityskeskus\" \/>\n<meta property=\"article:publisher\" content=\"https:\/\/www.facebook.com\/isuyk\/\" \/>\n<meta property=\"article:author\" content=\"https:\/\/www.facebook.com\/isuyk\" \/>\n<meta property=\"article:published_time\" content=\"2022-08-09T06:23:24+00:00\" \/>\n<meta property=\"og:image\" content=\"https:\/\/itasavonuusyrityskeskus.fi\/wp-content\/uploads\/2022\/08\/Nimeton-suunn.malli-15.png\" \/>\n\t<meta property=\"og:image:width\" content=\"1920\" \/>\n\t<meta property=\"og:image:height\" content=\"700\" \/>\n\t<meta property=\"og:image:type\" content=\"image\/png\" \/>\n<meta name=\"author\" content=\"It\u00e4-Savon Uusyrityskeskus\" \/>\n<meta name=\"twitter:card\" content=\"summary_large_image\" \/>\n<meta name=\"twitter:label1\" content=\"Written by\" \/>\n\t<meta name=\"twitter:data1\" content=\"It\u00e4-Savon Uusyrityskeskus\" \/>\n\t<meta name=\"twitter:label2\" content=\"Est. reading time\" \/>\n\t<meta name=\"twitter:data2\" content=\"3 minutes\" \/>\n<script type=\"application\/ld+json\" class=\"yoast-schema-graph\">{\"@context\":\"https:\\\/\\\/schema.org\",\"@graph\":[{\"@type\":\"Article\",\"@id\":\"https:\\\/\\\/itasavonuusyrityskeskus.fi\\\/sivutoiminen-yrittajyys-arjen-voimavarana\\\/#article\",\"isPartOf\":{\"@id\":\"https:\\\/\\\/itasavonuusyrityskeskus.fi\\\/sivutoiminen-yrittajyys-arjen-voimavarana\\\/\"},\"author\":{\"name\":\"It\u00e4-Savon Uusyrityskeskus\",\"@id\":\"https:\\\/\\\/itasavonuusyrityskeskus.fi\\\/#\\\/schema\\\/person\\\/cb907743384ed05a34e24507870e18ef\"},\"headline\":\"Sivutoiminen yritt\u00e4jyys arjen voimavarana\",\"datePublished\":\"2022-08-09T06:23:24+00:00\",\"mainEntityOfPage\":{\"@id\":\"https:\\\/\\\/itasavonuusyrityskeskus.fi\\\/sivutoiminen-yrittajyys-arjen-voimavarana\\\/\"},\"wordCount\":451,\"publisher\":{\"@id\":\"https:\\\/\\\/itasavonuusyrityskeskus.fi\\\/#organization\"},\"image\":{\"@id\":\"https:\\\/\\\/itasavonuusyrityskeskus.fi\\\/sivutoiminen-yrittajyys-arjen-voimavarana\\\/#primaryimage\"},\"thumbnailUrl\":\"https:\\\/\\\/itasavonuusyrityskeskus.fi\\\/wp-content\\\/uploads\\\/2022\\\/08\\\/Nimeton-suunn.malli-15.png\",\"articleSection\":[\"Yleinen\"],\"inLanguage\":\"en-US\"},{\"@type\":\"WebPage\",\"@id\":\"https:\\\/\\\/itasavonuusyrityskeskus.fi\\\/sivutoiminen-yrittajyys-arjen-voimavarana\\\/\",\"url\":\"https:\\\/\\\/itasavonuusyrityskeskus.fi\\\/sivutoiminen-yrittajyys-arjen-voimavarana\\\/\",\"name\":\"Sivutoiminen yritt\u00e4jyys arjen voimavarana - It\u00e4-Savon Uusyrityskeskus\",\"isPartOf\":{\"@id\":\"https:\\\/\\\/itasavonuusyrityskeskus.fi\\\/#website\"},\"primaryImageOfPage\":{\"@id\":\"https:\\\/\\\/itasavonuusyrityskeskus.fi\\\/sivutoiminen-yrittajyys-arjen-voimavarana\\\/#primaryimage\"},\"image\":{\"@id\":\"https:\\\/\\\/itasavonuusyrityskeskus.fi\\\/sivutoiminen-yrittajyys-arjen-voimavarana\\\/#primaryimage\"},\"thumbnailUrl\":\"https:\\\/\\\/itasavonuusyrityskeskus.fi\\\/wp-content\\\/uploads\\\/2022\\\/08\\\/Nimeton-suunn.malli-15.png\",\"datePublished\":\"2022-08-09T06:23:24+00:00\",\"inLanguage\":\"en-US\",\"potentialAction\":[{\"@type\":\"ReadAction\",\"target\":[\"https:\\\/\\\/itasavonuusyrityskeskus.fi\\\/sivutoiminen-yrittajyys-arjen-voimavarana\\\/\"]}]},{\"@type\":\"ImageObject\",\"inLanguage\":\"en-US\",\"@id\":\"https:\\\/\\\/itasavonuusyrityskeskus.fi\\\/sivutoiminen-yrittajyys-arjen-voimavarana\\\/#primaryimage\",\"url\":\"https:\\\/\\\/itasavonuusyrityskeskus.fi\\\/wp-content\\\/uploads\\\/2022\\\/08\\\/Nimeton-suunn.malli-15.png\",\"contentUrl\":\"https:\\\/\\\/itasavonuusyrityskeskus.fi\\\/wp-content\\\/uploads\\\/2022\\\/08\\\/Nimeton-suunn.malli-15.png\",\"width\":1920,\"height\":700},{\"@type\":\"WebSite\",\"@id\":\"https:\\\/\\\/itasavonuusyrityskeskus.fi\\\/#website\",\"url\":\"https:\\\/\\\/itasavonuusyrityskeskus.fi\\\/\",\"name\":\"It\u00e4-Savon Uusyrityskeskus\",\"description\":\"Yritt\u00e4jyyden alkutaipaleen neuvontapalvelut Savonlinnan seudulla\",\"publisher\":{\"@id\":\"https:\\\/\\\/itasavonuusyrityskeskus.fi\\\/#organization\"},\"potentialAction\":[{\"@type\":\"SearchAction\",\"target\":{\"@type\":\"EntryPoint\",\"urlTemplate\":\"https:\\\/\\\/itasavonuusyrityskeskus.fi\\\/?s={search_term_string}\"},\"query-input\":{\"@type\":\"PropertyValueSpecification\",\"valueRequired\":true,\"valueName\":\"search_term_string\"}}],\"inLanguage\":\"en-US\"},{\"@type\":\"Organization\",\"@id\":\"https:\\\/\\\/itasavonuusyrityskeskus.fi\\\/#organization\",\"name\":\"It\u00e4-Savon Uusyrityskeskus\",\"url\":\"https:\\\/\\\/itasavonuusyrityskeskus.fi\\\/\",\"logo\":{\"@type\":\"ImageObject\",\"inLanguage\":\"en-US\",\"@id\":\"https:\\\/\\\/itasavonuusyrityskeskus.fi\\\/#\\\/schema\\\/logo\\\/image\\\/\",\"url\":\"https:\\\/\\\/itasavonuusyrityskeskus.fi\\\/wp-content\\\/uploads\\\/2021\\\/09\\\/logo-isuyk.png\",\"contentUrl\":\"https:\\\/\\\/itasavonuusyrityskeskus.fi\\\/wp-content\\\/uploads\\\/2021\\\/09\\\/logo-isuyk.png\",\"width\":400,\"height\":137,\"caption\":\"It\u00e4-Savon Uusyrityskeskus\"},\"image\":{\"@id\":\"https:\\\/\\\/itasavonuusyrityskeskus.fi\\\/#\\\/schema\\\/logo\\\/image\\\/\"},\"sameAs\":[\"https:\\\/\\\/www.facebook.com\\\/isuyk\\\/\"]},{\"@type\":\"Person\",\"@id\":\"https:\\\/\\\/itasavonuusyrityskeskus.fi\\\/#\\\/schema\\\/person\\\/cb907743384ed05a34e24507870e18ef\",\"name\":\"It\u00e4-Savon Uusyrityskeskus\",\"sameAs\":[\"https:\\\/\\\/www.facebook.com\\\/isuyk\",\"https:\\\/\\\/www.instagram.com\\\/itasavonuusyrityskeskus\\\/\",\"https:\\\/\\\/www.linkedin.com\\\/company\\\/it-savon-uusyrityskeskus-ry\\\/\",\"https:\\\/\\\/www.youtube.com\\\/channel\\\/UC2iXSOU7DN9D-DMDfmYN-Yg\"]}]}<\/script>\n<!-- \/ Yoast SEO plugin. -->","yoast_head_json":{"title":"Sivutoiminen yritt\u00e4jyys arjen voimavarana - It\u00e4-Savon Uusyrityskeskus","robots":{"index":"index","follow":"follow","max-snippet":"max-snippet:-1","max-image-preview":"max-image-preview:large","max-video-preview":"max-video-preview:-1"},"canonical":"https:\/\/itasavonuusyrityskeskus.fi\/sivutoiminen-yrittajyys-arjen-voimavarana\/","og_locale":"en_US","og_type":"article","og_title":"Sivutoiminen yritt\u00e4jyys arjen voimavarana - It\u00e4-Savon Uusyrityskeskus","og_description":"Sivutoiminen yritt\u00e4jyys on ollut kasvussa jo usean vuoden ajan. Sivutoimiyritt\u00e4j\u00e4 on usein palkansaaja, mutta my\u00f6s esimerkiksi el\u00e4kel\u00e4iset ja opiskelijat perustavat sivutoimisia yrityksi\u00e4. El\u00e4kel\u00e4isille...","og_url":"https:\/\/itasavonuusyrityskeskus.fi\/sivutoiminen-yrittajyys-arjen-voimavarana\/","og_site_name":"It\u00e4-Savon Uusyrityskeskus","article_publisher":"https:\/\/www.facebook.com\/isuyk\/","article_author":"https:\/\/www.facebook.com\/isuyk","article_published_time":"2022-08-09T06:23:24+00:00","og_image":[{"width":1920,"height":700,"url":"https:\/\/itasavonuusyrityskeskus.fi\/wp-content\/uploads\/2022\/08\/Nimeton-suunn.malli-15.png","type":"image\/png"}],"author":"It\u00e4-Savon Uusyrityskeskus","twitter_card":"summary_large_image","twitter_misc":{"Written by":"It\u00e4-Savon Uusyrityskeskus","Est. reading time":"3 minutes"},"schema":{"@context":"https:\/\/schema.org","@graph":[{"@type":"Article","@id":"https:\/\/itasavonuusyrityskeskus.fi\/sivutoiminen-yrittajyys-arjen-voimavarana\/#article","isPartOf":{"@id":"https:\/\/itasavonuusyrityskeskus.fi\/sivutoiminen-yrittajyys-arjen-voimavarana\/"},"author":{"name":"It\u00e4-Savon Uusyrityskeskus","@id":"https:\/\/itasavonuusyrityskeskus.fi\/#\/schema\/person\/cb907743384ed05a34e24507870e18ef"},"headline":"Sivutoiminen yritt\u00e4jyys arjen voimavarana","datePublished":"2022-08-09T06:23:24+00:00","mainEntityOfPage":{"@id":"https:\/\/itasavonuusyrityskeskus.fi\/sivutoiminen-yrittajyys-arjen-voimavarana\/"},"wordCount":451,"publisher":{"@id":"https:\/\/itasavonuusyrityskeskus.fi\/#organization"},"image":{"@id":"https:\/\/itasavonuusyrityskeskus.fi\/sivutoiminen-yrittajyys-arjen-voimavarana\/#primaryimage"},"thumbnailUrl":"https:\/\/itasavonuusyrityskeskus.fi\/wp-content\/uploads\/2022\/08\/Nimeton-suunn.malli-15.png","articleSection":["Yleinen"],"inLanguage":"en-US"},{"@type":"WebPage","@id":"https:\/\/itasavonuusyrityskeskus.fi\/sivutoiminen-yrittajyys-arjen-voimavarana\/","url":"https:\/\/itasavonuusyrityskeskus.fi\/sivutoiminen-yrittajyys-arjen-voimavarana\/","name":"Sivutoiminen yritt\u00e4jyys arjen voimavarana - It\u00e4-Savon Uusyrityskeskus","isPartOf":{"@id":"https:\/\/itasavonuusyrityskeskus.fi\/#website"},"primaryImageOfPage":{"@id":"https:\/\/itasavonuusyrityskeskus.fi\/sivutoiminen-yrittajyys-arjen-voimavarana\/#primaryimage"},"image":{"@id":"https:\/\/itasavonuusyrityskeskus.fi\/sivutoiminen-yrittajyys-arjen-voimavarana\/#primaryimage"},"thumbnailUrl":"https:\/\/itasavonuusyrityskeskus.fi\/wp-content\/uploads\/2022\/08\/Nimeton-suunn.malli-15.png","datePublished":"2022-08-09T06:23:24+00:00","inLanguage":"en-US","potentialAction":[{"@type":"ReadAction","target":["https:\/\/itasavonuusyrityskeskus.fi\/sivutoiminen-yrittajyys-arjen-voimavarana\/"]}]},{"@type":"ImageObject","inLanguage":"en-US","@id":"https:\/\/itasavonuusyrityskeskus.fi\/sivutoiminen-yrittajyys-arjen-voimavarana\/#primaryimage","url":"https:\/\/itasavonuusyrityskeskus.fi\/wp-content\/uploads\/2022\/08\/Nimeton-suunn.malli-15.png","contentUrl":"https:\/\/itasavonuusyrityskeskus.fi\/wp-content\/uploads\/2022\/08\/Nimeton-suunn.malli-15.png","width":1920,"height":700},{"@type":"WebSite","@id":"https:\/\/itasavonuusyrityskeskus.fi\/#website","url":"https:\/\/itasavonuusyrityskeskus.fi\/","name":"It\u00e4-Savon Uusyrityskeskus","description":"Yritt\u00e4jyyden alkutaipaleen neuvontapalvelut Savonlinnan seudulla","publisher":{"@id":"https:\/\/itasavonuusyrityskeskus.fi\/#organization"},"potentialAction":[{"@type":"SearchAction","target":{"@type":"EntryPoint","urlTemplate":"https:\/\/itasavonuusyrityskeskus.fi\/?s={search_term_string}"},"query-input":{"@type":"PropertyValueSpecification","valueRequired":true,"valueName":"search_term_string"}}],"inLanguage":"en-US"},{"@type":"Organization","@id":"https:\/\/itasavonuusyrityskeskus.fi\/#organization","name":"It\u00e4-Savon Uusyrityskeskus","url":"https:\/\/itasavonuusyrityskeskus.fi\/","logo":{"@type":"ImageObject","inLanguage":"en-US","@id":"https:\/\/itasavonuusyrityskeskus.fi\/#\/schema\/logo\/image\/","url":"https:\/\/itasavonuusyrityskeskus.fi\/wp-content\/uploads\/2021\/09\/logo-isuyk.png","contentUrl":"https:\/\/itasavonuusyrityskeskus.fi\/wp-content\/uploads\/2021\/09\/logo-isuyk.png","width":400,"height":137,"caption":"It\u00e4-Savon Uusyrityskeskus"},"image":{"@id":"https:\/\/itasavonuusyrityskeskus.fi\/#\/schema\/logo\/image\/"},"sameAs":["https:\/\/www.facebook.com\/isuyk\/"]},{"@type":"Person","@id":"https:\/\/itasavonuusyrityskeskus.fi\/#\/schema\/person\/cb907743384ed05a34e24507870e18ef","name":"It\u00e4-Savon Uusyrityskeskus","sameAs":["https:\/\/www.facebook.com\/isuyk","https:\/\/www.instagram.com\/itasavonuusyrityskeskus\/","https:\/\/www.linkedin.com\/company\/it-savon-uusyrityskeskus-ry\/","https:\/\/www.youtube.com\/channel\/UC2iXSOU7DN9D-DMDfmYN-Yg"]}]}},"_links":{"self":[{"href":"https:\/\/itasavonuusyrityskeskus.fi\/en\/wp-json\/wp\/v2\/posts\/3639","targetHints":{"allow":["GET"]}}],"collection":[{"href":"https:\/\/itasavonuusyrityskeskus.fi\/en\/wp-json\/wp\/v2\/posts"}],"about":[{"href":"https:\/\/itasavonuusyrityskeskus.fi\/en\/wp-json\/wp\/v2\/types\/post"}],"author":[{"embeddable":true,"href":"https:\/\/itasavonuusyrityskeskus.fi\/en\/wp-json\/wp\/v2\/users\/3"}],"replies":[{"embeddable":true,"href":"https:\/\/itasavonuusyrityskeskus.fi\/en\/wp-json\/wp\/v2\/comments?post=3639"}],"version-history":[{"count":1,"href":"https:\/\/itasavonuusyrityskeskus.fi\/en\/wp-json\/wp\/v2\/posts\/3639\/revisions"}],"predecessor-version":[{"id":3642,"href":"https:\/\/itasavonuusyrityskeskus.fi\/en\/wp-json\/wp\/v2\/posts\/3639\/revisions\/3642"}],"wp:featuredmedia":[{"embeddable":true,"href":"https:\/\/itasavonuusyrityskeskus.fi\/en\/wp-json\/wp\/v2\/media\/3640"}],"wp:attachment":[{"href":"https:\/\/itasavonuusyrityskeskus.fi\/en\/wp-json\/wp\/v2\/media?parent=3639"}],"wp:term":[{"taxonomy":"category","embeddable":true,"href":"https:\/\/itasavonuusyrityskeskus.fi\/en\/wp-json\/wp\/v2\/categories?post=3639"},{"taxonomy":"post_tag","embeddable":true,"href":"https:\/\/itasavonuusyrityskeskus.fi\/en\/wp-json\/wp\/v2\/tags?post=3639"}],"curies":[{"name":"wp","href":"https:\/\/api.w.org\/{rel}","templated":true}]}}