{"id":3710,"date":"2022-08-24T11:14:53","date_gmt":"2022-08-24T08:14:53","guid":{"rendered":"https:\/\/itasavonuusyrityskeskus.fi\/?p=3710"},"modified":"2022-08-24T11:17:09","modified_gmt":"2022-08-24T08:17:09","slug":"uusyrityskeskusvertailu-1-6-2022","status":"publish","type":"post","link":"https:\/\/itasavonuusyrityskeskus.fi\/en\/uusyrityskeskusvertailu-1-6-2022\/","title":{"rendered":"Uusyrityskeskusvertailu, 1-6\/2022"},"content":{"rendered":"<p class=\"title\">It\u00e4-Savon Uusyrityskeskuksen toiminta-alueella (Savonlinna, Enonkoski ja Sulkava) neuvontapalveluitamme k\u00e4ytt\u00e4neit\u00e4 uusia yrityksi\u00e4 perustettiin t\u00e4n\u00e4 vuonna l\u00e4hes sama m\u00e4\u00e4r\u00e4 kuin vuosi sitten (yksi enemm\u00e4n kuin vuonna 2022 eli 51\/50). Huomioitavaa on, ett\u00e4 luvussa ei ole mukana kevytyritt\u00e4j\u00e4t, joilla ei omaa y-tunnusta. Kevytyritt\u00e4jien m\u00e4\u00e4r\u00e4 on ollut viime vuosina voimakkaassa kasvussa, valtakunnallinen arvio on yli 217 000 kevytyritt\u00e4j\u00e4st\u00e4. L\u00e4hde:\u00a0<a style=\"background-color: #ffffff;\" href=\"http:\/\/www.uusityo.fi\/kevytyrittajyys\">www.uusityo.fi\/kevytyrittajyys<\/a><\/p>\n<div class=\"entry-content\">\n<p>Alueella uusia\/perustettuja, kaupparekisteriin merkittyj\u00e4 yrityksi\u00e4 oli yhteens\u00e4 95.<\/p>\n<p>Uusien asiakkaiden m\u00e4\u00e4r\u00e4 hieman v\u00e4heni (-17 %) mutta asiakasneuvontatapahtumia ajalla 1-6\/22 oli yli nelj\u00e4sataa. Joten henkil\u00f6- ja yrityskohtaiselle neuvonnalle on kysynt\u00e4\u00e4. Asiakkaitamme ovat yritt\u00e4jyytt\u00e4 suunnittelevat henkil\u00f6t, yritt\u00e4jyyden alkumetreill\u00e4 olevat yritykset sek\u00e4 yrityksen omistajanvaihdosta suunnittelevat yritykset ja yritt\u00e4j\u00e4t. Maksutonta ja luottamuksellista yritysneuvontaa jo 25 vuoden ajan Savonlinnan alueella \u2013 It\u00e4-Savon Uusyrityskeskus ry.<\/p>\n<p>Alueelliset lis\u00e4tiedot:<\/p>\n<p>Toimitusjohtaja ja yritysvalmentaja Katja Remes, puh. 044 417 4960 \/ katja.remes@savonlinna.fi<\/p>\n<p><a href=\"https:\/\/itasavonuusyrityskeskus.fi\/wp-content\/uploads\/2022\/08\/Uusyrityskeskusvertailu_1-6_2022.pdf\">Uusyrityskeskusvertailu 1-6_2022<\/a><\/p>\n<\/div>\n","protected":false},"excerpt":{"rendered":"<p>It\u00e4-Savon Uusyrityskeskuksen toiminta-alueella (Savonlinna, Enonkoski ja Sulkava) neuvontapalveluitamme k\u00e4ytt\u00e4neit\u00e4 uusia yrityksi\u00e4 perustettiin t\u00e4n\u00e4 vuonna l\u00e4hes sama m\u00e4\u00e4r\u00e4 kuin vuosi sitten (yksi enemm\u00e4n kuin&#8230;<\/p>\n","protected":false},"author":3,"featured_media":0,"comment_status":"closed","ping_status":"closed","sticky":false,"template":"","format":"standard","meta":{"footnotes":""},"categories":[1],"tags":[],"class_list":["post-3710","post","type-post","status-publish","format-standard","hentry","category-yleinen","dg_entrepreneur_category-yrittajille"],"yoast_head":"<!-- This site is optimized with the Yoast SEO plugin v27.5 - https:\/\/yoast.com\/product\/yoast-seo-wordpress\/ -->\n<title>Uusyrityskeskusvertailu, 1-6\/2022 - It\u00e4-Savon Uusyrityskeskus<\/title>\n<meta name=\"robots\" content=\"index, follow, max-snippet:-1, max-image-preview:large, max-video-preview:-1\" \/>\n<link rel=\"canonical\" href=\"https:\/\/itasavonuusyrityskeskus.fi\/uusyrityskeskusvertailu-1-6-2022\/\" \/>\n<meta property=\"og:locale\" content=\"en_US\" \/>\n<meta property=\"og:type\" content=\"article\" \/>\n<meta property=\"og:title\" content=\"Uusyrityskeskusvertailu, 1-6\/2022 - It\u00e4-Savon Uusyrityskeskus\" \/>\n<meta property=\"og:description\" content=\"It\u00e4-Savon Uusyrityskeskuksen toiminta-alueella (Savonlinna, Enonkoski ja Sulkava) neuvontapalveluitamme k\u00e4ytt\u00e4neit\u00e4 uusia yrityksi\u00e4 perustettiin t\u00e4n\u00e4 vuonna l\u00e4hes sama m\u00e4\u00e4r\u00e4 kuin vuosi sitten (yksi enemm\u00e4n kuin...\" \/>\n<meta property=\"og:url\" content=\"https:\/\/itasavonuusyrityskeskus.fi\/uusyrityskeskusvertailu-1-6-2022\/\" \/>\n<meta property=\"og:site_name\" content=\"It\u00e4-Savon Uusyrityskeskus\" \/>\n<meta property=\"article:publisher\" content=\"https:\/\/www.facebook.com\/isuyk\/\" \/>\n<meta property=\"article:author\" content=\"https:\/\/www.facebook.com\/isuyk\" \/>\n<meta property=\"article:published_time\" content=\"2022-08-24T08:14:53+00:00\" \/>\n<meta property=\"article:modified_time\" content=\"2022-08-24T08:17:09+00:00\" \/>\n<meta property=\"og:image\" content=\"https:\/\/itasavonuusyrityskeskus.fi\/wp-content\/uploads\/2022\/02\/og.jpg\" \/>\n\t<meta property=\"og:image:width\" content=\"1200\" \/>\n\t<meta property=\"og:image:height\" content=\"630\" \/>\n\t<meta property=\"og:image:type\" content=\"image\/jpeg\" \/>\n<meta name=\"author\" content=\"It\u00e4-Savon Uusyrityskeskus\" \/>\n<meta name=\"twitter:card\" content=\"summary_large_image\" \/>\n<meta name=\"twitter:label1\" content=\"Written by\" \/>\n\t<meta name=\"twitter:data1\" content=\"It\u00e4-Savon Uusyrityskeskus\" \/>\n\t<meta name=\"twitter:label2\" content=\"Est. reading time\" \/>\n\t<meta name=\"twitter:data2\" content=\"1 minute\" \/>\n<script type=\"application\/ld+json\" class=\"yoast-schema-graph\">{\"@context\":\"https:\\\/\\\/schema.org\",\"@graph\":[{\"@type\":\"Article\",\"@id\":\"https:\\\/\\\/itasavonuusyrityskeskus.fi\\\/uusyrityskeskusvertailu-1-6-2022\\\/#article\",\"isPartOf\":{\"@id\":\"https:\\\/\\\/itasavonuusyrityskeskus.fi\\\/uusyrityskeskusvertailu-1-6-2022\\\/\"},\"author\":{\"name\":\"It\u00e4-Savon Uusyrityskeskus\",\"@id\":\"https:\\\/\\\/itasavonuusyrityskeskus.fi\\\/#\\\/schema\\\/person\\\/cb907743384ed05a34e24507870e18ef\"},\"headline\":\"Uusyrityskeskusvertailu, 1-6\\\/2022\",\"datePublished\":\"2022-08-24T08:14:53+00:00\",\"dateModified\":\"2022-08-24T08:17:09+00:00\",\"mainEntityOfPage\":{\"@id\":\"https:\\\/\\\/itasavonuusyrityskeskus.fi\\\/uusyrityskeskusvertailu-1-6-2022\\\/\"},\"wordCount\":152,\"publisher\":{\"@id\":\"https:\\\/\\\/itasavonuusyrityskeskus.fi\\\/#organization\"},\"articleSection\":[\"Yleinen\"],\"inLanguage\":\"en-US\"},{\"@type\":\"WebPage\",\"@id\":\"https:\\\/\\\/itasavonuusyrityskeskus.fi\\\/uusyrityskeskusvertailu-1-6-2022\\\/\",\"url\":\"https:\\\/\\\/itasavonuusyrityskeskus.fi\\\/uusyrityskeskusvertailu-1-6-2022\\\/\",\"name\":\"Uusyrityskeskusvertailu, 1-6\\\/2022 - It\u00e4-Savon Uusyrityskeskus\",\"isPartOf\":{\"@id\":\"https:\\\/\\\/itasavonuusyrityskeskus.fi\\\/#website\"},\"datePublished\":\"2022-08-24T08:14:53+00:00\",\"dateModified\":\"2022-08-24T08:17:09+00:00\",\"inLanguage\":\"en-US\",\"potentialAction\":[{\"@type\":\"ReadAction\",\"target\":[\"https:\\\/\\\/itasavonuusyrityskeskus.fi\\\/uusyrityskeskusvertailu-1-6-2022\\\/\"]}]},{\"@type\":\"WebSite\",\"@id\":\"https:\\\/\\\/itasavonuusyrityskeskus.fi\\\/#website\",\"url\":\"https:\\\/\\\/itasavonuusyrityskeskus.fi\\\/\",\"name\":\"It\u00e4-Savon Uusyrityskeskus\",\"description\":\"Yritt\u00e4jyyden alkutaipaleen neuvontapalvelut Savonlinnan seudulla\",\"publisher\":{\"@id\":\"https:\\\/\\\/itasavonuusyrityskeskus.fi\\\/#organization\"},\"potentialAction\":[{\"@type\":\"SearchAction\",\"target\":{\"@type\":\"EntryPoint\",\"urlTemplate\":\"https:\\\/\\\/itasavonuusyrityskeskus.fi\\\/?s={search_term_string}\"},\"query-input\":{\"@type\":\"PropertyValueSpecification\",\"valueRequired\":true,\"valueName\":\"search_term_string\"}}],\"inLanguage\":\"en-US\"},{\"@type\":\"Organization\",\"@id\":\"https:\\\/\\\/itasavonuusyrityskeskus.fi\\\/#organization\",\"name\":\"It\u00e4-Savon Uusyrityskeskus\",\"url\":\"https:\\\/\\\/itasavonuusyrityskeskus.fi\\\/\",\"logo\":{\"@type\":\"ImageObject\",\"inLanguage\":\"en-US\",\"@id\":\"https:\\\/\\\/itasavonuusyrityskeskus.fi\\\/#\\\/schema\\\/logo\\\/image\\\/\",\"url\":\"https:\\\/\\\/itasavonuusyrityskeskus.fi\\\/wp-content\\\/uploads\\\/2021\\\/09\\\/logo-isuyk.png\",\"contentUrl\":\"https:\\\/\\\/itasavonuusyrityskeskus.fi\\\/wp-content\\\/uploads\\\/2021\\\/09\\\/logo-isuyk.png\",\"width\":400,\"height\":137,\"caption\":\"It\u00e4-Savon Uusyrityskeskus\"},\"image\":{\"@id\":\"https:\\\/\\\/itasavonuusyrityskeskus.fi\\\/#\\\/schema\\\/logo\\\/image\\\/\"},\"sameAs\":[\"https:\\\/\\\/www.facebook.com\\\/isuyk\\\/\"]},{\"@type\":\"Person\",\"@id\":\"https:\\\/\\\/itasavonuusyrityskeskus.fi\\\/#\\\/schema\\\/person\\\/cb907743384ed05a34e24507870e18ef\",\"name\":\"It\u00e4-Savon Uusyrityskeskus\",\"sameAs\":[\"https:\\\/\\\/www.facebook.com\\\/isuyk\",\"https:\\\/\\\/www.instagram.com\\\/itasavonuusyrityskeskus\\\/\",\"https:\\\/\\\/www.linkedin.com\\\/company\\\/it-savon-uusyrityskeskus-ry\\\/\",\"https:\\\/\\\/www.youtube.com\\\/channel\\\/UC2iXSOU7DN9D-DMDfmYN-Yg\"]}]}<\/script>\n<!-- \/ Yoast SEO plugin. -->","yoast_head_json":{"title":"Uusyrityskeskusvertailu, 1-6\/2022 - It\u00e4-Savon Uusyrityskeskus","robots":{"index":"index","follow":"follow","max-snippet":"max-snippet:-1","max-image-preview":"max-image-preview:large","max-video-preview":"max-video-preview:-1"},"canonical":"https:\/\/itasavonuusyrityskeskus.fi\/uusyrityskeskusvertailu-1-6-2022\/","og_locale":"en_US","og_type":"article","og_title":"Uusyrityskeskusvertailu, 1-6\/2022 - It\u00e4-Savon Uusyrityskeskus","og_description":"It\u00e4-Savon Uusyrityskeskuksen toiminta-alueella (Savonlinna, Enonkoski ja Sulkava) neuvontapalveluitamme k\u00e4ytt\u00e4neit\u00e4 uusia yrityksi\u00e4 perustettiin t\u00e4n\u00e4 vuonna l\u00e4hes sama m\u00e4\u00e4r\u00e4 kuin vuosi sitten (yksi enemm\u00e4n kuin...","og_url":"https:\/\/itasavonuusyrityskeskus.fi\/uusyrityskeskusvertailu-1-6-2022\/","og_site_name":"It\u00e4-Savon Uusyrityskeskus","article_publisher":"https:\/\/www.facebook.com\/isuyk\/","article_author":"https:\/\/www.facebook.com\/isuyk","article_published_time":"2022-08-24T08:14:53+00:00","article_modified_time":"2022-08-24T08:17:09+00:00","og_image":[{"width":1200,"height":630,"url":"https:\/\/itasavonuusyrityskeskus.fi\/wp-content\/uploads\/2022\/02\/og.jpg","type":"image\/jpeg"}],"author":"It\u00e4-Savon Uusyrityskeskus","twitter_card":"summary_large_image","twitter_misc":{"Written by":"It\u00e4-Savon Uusyrityskeskus","Est. reading time":"1 minute"},"schema":{"@context":"https:\/\/schema.org","@graph":[{"@type":"Article","@id":"https:\/\/itasavonuusyrityskeskus.fi\/uusyrityskeskusvertailu-1-6-2022\/#article","isPartOf":{"@id":"https:\/\/itasavonuusyrityskeskus.fi\/uusyrityskeskusvertailu-1-6-2022\/"},"author":{"name":"It\u00e4-Savon Uusyrityskeskus","@id":"https:\/\/itasavonuusyrityskeskus.fi\/#\/schema\/person\/cb907743384ed05a34e24507870e18ef"},"headline":"Uusyrityskeskusvertailu, 1-6\/2022","datePublished":"2022-08-24T08:14:53+00:00","dateModified":"2022-08-24T08:17:09+00:00","mainEntityOfPage":{"@id":"https:\/\/itasavonuusyrityskeskus.fi\/uusyrityskeskusvertailu-1-6-2022\/"},"wordCount":152,"publisher":{"@id":"https:\/\/itasavonuusyrityskeskus.fi\/#organization"},"articleSection":["Yleinen"],"inLanguage":"en-US"},{"@type":"WebPage","@id":"https:\/\/itasavonuusyrityskeskus.fi\/uusyrityskeskusvertailu-1-6-2022\/","url":"https:\/\/itasavonuusyrityskeskus.fi\/uusyrityskeskusvertailu-1-6-2022\/","name":"Uusyrityskeskusvertailu, 1-6\/2022 - It\u00e4-Savon Uusyrityskeskus","isPartOf":{"@id":"https:\/\/itasavonuusyrityskeskus.fi\/#website"},"datePublished":"2022-08-24T08:14:53+00:00","dateModified":"2022-08-24T08:17:09+00:00","inLanguage":"en-US","potentialAction":[{"@type":"ReadAction","target":["https:\/\/itasavonuusyrityskeskus.fi\/uusyrityskeskusvertailu-1-6-2022\/"]}]},{"@type":"WebSite","@id":"https:\/\/itasavonuusyrityskeskus.fi\/#website","url":"https:\/\/itasavonuusyrityskeskus.fi\/","name":"It\u00e4-Savon Uusyrityskeskus","description":"Yritt\u00e4jyyden alkutaipaleen neuvontapalvelut Savonlinnan seudulla","publisher":{"@id":"https:\/\/itasavonuusyrityskeskus.fi\/#organization"},"potentialAction":[{"@type":"SearchAction","target":{"@type":"EntryPoint","urlTemplate":"https:\/\/itasavonuusyrityskeskus.fi\/?s={search_term_string}"},"query-input":{"@type":"PropertyValueSpecification","valueRequired":true,"valueName":"search_term_string"}}],"inLanguage":"en-US"},{"@type":"Organization","@id":"https:\/\/itasavonuusyrityskeskus.fi\/#organization","name":"It\u00e4-Savon Uusyrityskeskus","url":"https:\/\/itasavonuusyrityskeskus.fi\/","logo":{"@type":"ImageObject","inLanguage":"en-US","@id":"https:\/\/itasavonuusyrityskeskus.fi\/#\/schema\/logo\/image\/","url":"https:\/\/itasavonuusyrityskeskus.fi\/wp-content\/uploads\/2021\/09\/logo-isuyk.png","contentUrl":"https:\/\/itasavonuusyrityskeskus.fi\/wp-content\/uploads\/2021\/09\/logo-isuyk.png","width":400,"height":137,"caption":"It\u00e4-Savon Uusyrityskeskus"},"image":{"@id":"https:\/\/itasavonuusyrityskeskus.fi\/#\/schema\/logo\/image\/"},"sameAs":["https:\/\/www.facebook.com\/isuyk\/"]},{"@type":"Person","@id":"https:\/\/itasavonuusyrityskeskus.fi\/#\/schema\/person\/cb907743384ed05a34e24507870e18ef","name":"It\u00e4-Savon Uusyrityskeskus","sameAs":["https:\/\/www.facebook.com\/isuyk","https:\/\/www.instagram.com\/itasavonuusyrityskeskus\/","https:\/\/www.linkedin.com\/company\/it-savon-uusyrityskeskus-ry\/","https:\/\/www.youtube.com\/channel\/UC2iXSOU7DN9D-DMDfmYN-Yg"]}]}},"_links":{"self":[{"href":"https:\/\/itasavonuusyrityskeskus.fi\/en\/wp-json\/wp\/v2\/posts\/3710","targetHints":{"allow":["GET"]}}],"collection":[{"href":"https:\/\/itasavonuusyrityskeskus.fi\/en\/wp-json\/wp\/v2\/posts"}],"about":[{"href":"https:\/\/itasavonuusyrityskeskus.fi\/en\/wp-json\/wp\/v2\/types\/post"}],"author":[{"embeddable":true,"href":"https:\/\/itasavonuusyrityskeskus.fi\/en\/wp-json\/wp\/v2\/users\/3"}],"replies":[{"embeddable":true,"href":"https:\/\/itasavonuusyrityskeskus.fi\/en\/wp-json\/wp\/v2\/comments?post=3710"}],"version-history":[{"count":3,"href":"https:\/\/itasavonuusyrityskeskus.fi\/en\/wp-json\/wp\/v2\/posts\/3710\/revisions"}],"predecessor-version":[{"id":3713,"href":"https:\/\/itasavonuusyrityskeskus.fi\/en\/wp-json\/wp\/v2\/posts\/3710\/revisions\/3713"}],"wp:attachment":[{"href":"https:\/\/itasavonuusyrityskeskus.fi\/en\/wp-json\/wp\/v2\/media?parent=3710"}],"wp:term":[{"taxonomy":"category","embeddable":true,"href":"https:\/\/itasavonuusyrityskeskus.fi\/en\/wp-json\/wp\/v2\/categories?post=3710"},{"taxonomy":"post_tag","embeddable":true,"href":"https:\/\/itasavonuusyrityskeskus.fi\/en\/wp-json\/wp\/v2\/tags?post=3710"}],"curies":[{"name":"wp","href":"https:\/\/api.w.org\/{rel}","templated":true}]}}