{"id":3869,"date":"2022-12-14T12:41:59","date_gmt":"2022-12-14T10:41:59","guid":{"rendered":"https:\/\/itasavonuusyrityskeskus.fi\/?p=3869"},"modified":"2022-12-14T12:41:59","modified_gmt":"2022-12-14T10:41:59","slug":"muista-ilmoittaa-kaupparekisteriin-ainakin-nama","status":"publish","type":"post","link":"https:\/\/itasavonuusyrityskeskus.fi\/en\/muista-ilmoittaa-kaupparekisteriin-ainakin-nama\/","title":{"rendered":"Muista ilmoittaa kaupparekisteriin ainakin n\u00e4m\u00e4!"},"content":{"rendered":"<p>Kun yritys on perustettu ja aloittanut toimintansa, on hyv\u00e4 muistaa, ett\u00e4 kaupparekisteriss\u00e4 olevat yrityksesi tiedot pit\u00e4\u00e4 ja kannattaakin pit\u00e4\u00e4 ajan tasalla.<\/p>\n<h2>Kaupparekisterilaki uudistuu \u2013 toimi nyt<\/h2>\n<p>Uuden kaupparekisterilain lakiehdotus on parhaillaan eduskunnan k\u00e4sitelt\u00e4v\u00e4n\u00e4. Lakiuudistus tarjoaa rekisteriviranomaiselle j\u00e4re\u00e4t keinot puuttuvien tietojen saamiseksi ja vanhentuneiden tietojen ajantasaistamiseksi. Yrityksesi kaupparekisteritiedot onkin viimeist\u00e4\u00e4n nyt syyt\u00e4 p\u00e4ivitt\u00e4\u00e4.<\/p>\n<h2>Tosiasiallisten edunsaajien ilmoittaminen teht\u00e4v\u00e4 heti<\/h2>\n<p>Nyt on korkea aika ilmoittaa yrityksen tosiasialliset edunsaajat kaupparekisteriin ilman pelkoa rekisterist\u00e4 poistosta. Kun uusi kaupparekisterilaki tulee voimaan, edunsaajatietonsa ilmoittamatta j\u00e4tt\u00e4nyt yritys voidaan poistaa kaupparekisterist\u00e4 ilman mahdollisuutta rekisteriin palauttamiselle.<\/p>\n<p>Edunsaajilla tarkoitetaan useimmiten yritysten omistajia, joilla on yli 25 prosentin omistusosuus tai yli 25 prosentin osuus yrityksen \u00e4\u00e4nim\u00e4\u00e4r\u00e4st\u00e4.<\/p>\n<p>Edunsaajatiedot piti ilmoittaa Patentti- ja rekisterihallitukseen (PRH) jo vuoden 2020 hein\u00e4kuun alkuun menness\u00e4. Kuitenkin vain noin 66 prosenttia ilmoitusvelvollisista yrityksist\u00e4 on t\u00e4h\u00e4n menness\u00e4 hoitanut velvoitteensa.<\/p>\n<p>Edunsaajatietojen rekister\u00f6innin tavoitteena on est\u00e4\u00e4 rahanpesua ja terrorismin rahoittamista, edist\u00e4\u00e4 rahanpesun paljastamista ja selvitt\u00e4mist\u00e4 sek\u00e4 tehostaa rikoksen tuottaman hy\u00f6dyn j\u00e4ljitt\u00e4mist\u00e4 ja takaisinsaantia. Velvollisuus koskee kaikkia EU:n j\u00e4senmaita.<\/p>\n<h2>Vastuuhenkil\u00f6iden muutokset v\u00e4litt\u00f6m\u00e4sti kaupparekisteriin<\/h2>\n<p>Yrityksen vastuuhenkil\u00f6iden muutokset on ilmoitettava kaupparekisteriin viivytyksett\u00e4. Muistathan, ett\u00e4 rekisteriin j\u00e4\u00e4neet vanhentuneet vastuuhenkil\u00f6tiedot saattavat aiheuttaa mittavia vahinkoja: entiset vastuuhenkil\u00f6t voisivat halutessaan edelleen toimia yrityksesi nimiss\u00e4, sill\u00e4 viranomaiset ja yksityiset palveluntarjoajat tarkistavat yrityksesi vastuuhenkil\u00f6tiedot kaupparekisteriotteesta.<\/p>\n<p>Etenkin monissa asunto-osakeyhti\u00f6iss\u00e4 on jopa vuosikymmeni\u00e4 vanhoja hallitusmerkint\u00f6j\u00e4. N\u00e4m\u00e4 tapaukset hankaloittavat yhti\u00f6n toimintaa esimerkiksi pankin kanssa. Ja vaikka ikivanhat merkinn\u00e4t pit\u00e4isiv\u00e4tkin viel\u00e4 paikkansa, esimerkiksi s\u00e4hk\u00f6inen asiointi ei onnistu, jos hallitukseen merkityill\u00e4 henkil\u00f6ill\u00e4 ei ole henkil\u00f6tunnuksia kaupparekisteriss\u00e4.<\/p>\n<p>Jos huomaat, ett\u00e4 vastuuteht\u00e4v\u00e4si p\u00e4\u00e4ttymisen j\u00e4lkeen yritys ei ole poistanut tietojasi kaupparekisterimerkinn\u00f6ist\u00e4\u00e4n, voit itse tehd\u00e4 kaupparekisteriin maksuttoman nk. oman eron ilmoituksen.<\/p>\n<p>HUOM! Yrityksen osoite on aina julkinen ja siit\u00e4 voi joissakin tapauksissa p\u00e4\u00e4tell\u00e4 henkil\u00f6n asuinpaikan. Tietojen julkisuus tulee osalle yll\u00e4tyksen\u00e4 nimenomaan asunto-osakeyhti\u00f6n hallituksen j\u00e4senyyden my\u00f6t\u00e4.<\/p>\n<h2>Osoite- ja yhteystietojen muutoksia ei kannata viivytt\u00e4\u00e4<\/h2>\n<p>Yrityksen osoite- ja yhteystiedot ovat julkisia ja n\u00e4kyv\u00e4t YTJ-yrityshaussa. Mik\u00e4li tiedot ovat vanhentuneet, riskin\u00e4 on yrityksen kirjeiden ja sit\u00e4 kautta tietojen p\u00e4\u00e4tyminen v\u00e4\u00e4riin k\u00e4siin.<\/p>\n<p>Suosittelemme my\u00f6s yrityksen s\u00e4hk\u00f6postiosoitteen ilmoittamista kaupparekisteriin. T\u00e4m\u00e4 toimii suojauskeinona mahdollisia huijauksia vastaan. Saat nimitt\u00e4in ilmoituksen vireille tulleista muutosilmoituksista automaattisesti s\u00e4hk\u00f6postiisi, jos yrityksell\u00e4si on toimiva s\u00e4hk\u00f6postiosoite kaupparekisteriss\u00e4.<\/p>\n<h2>Tilinp\u00e4\u00e4t\u00f6kset ilmoitettava vuosittain<\/h2>\n<p>Tilinp\u00e4\u00e4t\u00f6ksen ilmoittaminen on lakis\u00e4\u00e4teist\u00e4. Useimpien yritysten t\u00e4ytyy ilmoittaa tilinp\u00e4\u00e4t\u00f6ksens\u00e4 kaupparekisteriin, ja tilinp\u00e4\u00e4t\u00f6s on ilmoitettava, vaikka yritys ei olisi toiminnassa.<\/p>\n<p>Asunto-osakeyhti\u00f6t, asumisoikeusyhdistykset, asunto-osuuskunnat ja keskin\u00e4iset kiinteist\u00f6osakeyhti\u00f6t eiv\u00e4t ilmoita tilinp\u00e4\u00e4t\u00f6st\u00e4\u00e4n. My\u00f6sk\u00e4\u00e4n toiminimiyritt\u00e4j\u00e4n ei yleens\u00e4 tarvitse ilmoittaa tilinp\u00e4\u00e4t\u00f6st\u00e4\u00e4n.<\/p>\n<p>Tilinp\u00e4\u00e4t\u00f6stiedot voi ilmoittaa maksutta kahdeksan kuukautta tilikauden p\u00e4\u00e4ttymisen j\u00e4lkeen. T\u00e4m\u00e4n j\u00e4lkeen tietojen ilmoittaminen muuttuu maksulliseksi.<\/p>\n<p>Tilinp\u00e4\u00e4t\u00f6ksen my\u00f6h\u00e4ss\u00e4 toimittamisesta voi seurata yrityksen vastuuhenkil\u00f6ihin kohdistuva uhkasakko tai yrityksen poistaminen kaupparekisterist\u00e4.<\/p>\n<p>Lis\u00e4tietoja n\u00e4ist\u00e4 ja useista muista t\u00e4rkeist\u00e4 ilmoituksista l\u00f6yd\u00e4t verkkosivuiltamme osoitteesta\u00a0<a href=\"http:\/\/www.prh.fi\/\">www.prh.fi<\/a><\/p>\n<p>Kirjoittanut: Lari Ahonen, lakimies Patentti- ja rekisterihallituksesta<\/p>\n<p>Alkuper\u00e4isen tekstin l\u00f6yd\u00e4t: <a href=\"https:\/\/uusyrityskeskus.fi\/blogi\/muista-ilmoittaa-kaupparekisteriin-ainakin-nama\/\">Uusyrityskeskus\/muista ilmoittaa kaupparekisteriin ainakin n\u00e4m\u00e4<\/a><\/p>\n","protected":false},"excerpt":{"rendered":"<p>Kun yritys on perustettu ja aloittanut toimintansa, on hyv\u00e4 muistaa, ett\u00e4 kaupparekisteriss\u00e4 olevat yrityksesi tiedot pit\u00e4\u00e4 ja kannattaakin pit\u00e4\u00e4 ajan tasalla. Kaupparekisterilaki uudistuu&#8230;<\/p>\n","protected":false},"author":3,"featured_media":3870,"comment_status":"closed","ping_status":"closed","sticky":false,"template":"","format":"standard","meta":{"footnotes":""},"categories":[28],"tags":[],"class_list":["post-3869","post","type-post","status-publish","format-standard","has-post-thumbnail","hentry","category-all","dg_entrepreneur_category-yrittajille","dg_entrepreneur_category-yrityksen-perustamista-harkitseville","dg_entrepreneur_category-yrityksesta-luopuvat"],"yoast_head":"<!-- This site is optimized with the Yoast SEO plugin v27.4 - https:\/\/yoast.com\/product\/yoast-seo-wordpress\/ -->\n<title>Muista ilmoittaa kaupparekisteriin ainakin n\u00e4m\u00e4! - It\u00e4-Savon Uusyrityskeskus<\/title>\n<meta name=\"robots\" content=\"index, follow, max-snippet:-1, max-image-preview:large, max-video-preview:-1\" \/>\n<link rel=\"canonical\" href=\"https:\/\/itasavonuusyrityskeskus.fi\/muista-ilmoittaa-kaupparekisteriin-ainakin-nama\/\" \/>\n<meta property=\"og:locale\" content=\"en_US\" \/>\n<meta property=\"og:type\" content=\"article\" \/>\n<meta property=\"og:title\" content=\"Muista ilmoittaa kaupparekisteriin ainakin n\u00e4m\u00e4! - It\u00e4-Savon Uusyrityskeskus\" \/>\n<meta property=\"og:description\" content=\"Kun yritys on perustettu ja aloittanut toimintansa, on hyv\u00e4 muistaa, ett\u00e4 kaupparekisteriss\u00e4 olevat yrityksesi tiedot pit\u00e4\u00e4 ja kannattaakin pit\u00e4\u00e4 ajan tasalla. Kaupparekisterilaki uudistuu...\" \/>\n<meta property=\"og:url\" content=\"https:\/\/itasavonuusyrityskeskus.fi\/muista-ilmoittaa-kaupparekisteriin-ainakin-nama\/\" \/>\n<meta property=\"og:site_name\" content=\"It\u00e4-Savon Uusyrityskeskus\" \/>\n<meta property=\"article:publisher\" content=\"https:\/\/www.facebook.com\/isuyk\/\" \/>\n<meta property=\"article:author\" content=\"https:\/\/www.facebook.com\/isuyk\" \/>\n<meta property=\"article:published_time\" content=\"2022-12-14T10:41:59+00:00\" \/>\n<meta property=\"og:image\" content=\"https:\/\/itasavonuusyrityskeskus.fi\/wp-content\/uploads\/2022\/12\/nettisivuille-kansikuvia-15.png\" \/>\n\t<meta property=\"og:image:width\" content=\"1920\" \/>\n\t<meta property=\"og:image:height\" content=\"700\" \/>\n\t<meta property=\"og:image:type\" content=\"image\/png\" \/>\n<meta name=\"author\" content=\"It\u00e4-Savon Uusyrityskeskus\" \/>\n<meta name=\"twitter:card\" content=\"summary_large_image\" \/>\n<meta name=\"twitter:label1\" content=\"Written by\" \/>\n\t<meta name=\"twitter:data1\" content=\"It\u00e4-Savon Uusyrityskeskus\" \/>\n\t<meta name=\"twitter:label2\" content=\"Est. reading time\" \/>\n\t<meta name=\"twitter:data2\" content=\"3 minutes\" \/>\n<script type=\"application\/ld+json\" class=\"yoast-schema-graph\">{\"@context\":\"https:\\\/\\\/schema.org\",\"@graph\":[{\"@type\":\"Article\",\"@id\":\"https:\\\/\\\/itasavonuusyrityskeskus.fi\\\/muista-ilmoittaa-kaupparekisteriin-ainakin-nama\\\/#article\",\"isPartOf\":{\"@id\":\"https:\\\/\\\/itasavonuusyrityskeskus.fi\\\/muista-ilmoittaa-kaupparekisteriin-ainakin-nama\\\/\"},\"author\":{\"name\":\"It\u00e4-Savon Uusyrityskeskus\",\"@id\":\"https:\\\/\\\/itasavonuusyrityskeskus.fi\\\/#\\\/schema\\\/person\\\/cb907743384ed05a34e24507870e18ef\"},\"headline\":\"Muista ilmoittaa kaupparekisteriin ainakin n\u00e4m\u00e4!\",\"datePublished\":\"2022-12-14T10:41:59+00:00\",\"mainEntityOfPage\":{\"@id\":\"https:\\\/\\\/itasavonuusyrityskeskus.fi\\\/muista-ilmoittaa-kaupparekisteriin-ainakin-nama\\\/\"},\"wordCount\":544,\"publisher\":{\"@id\":\"https:\\\/\\\/itasavonuusyrityskeskus.fi\\\/#organization\"},\"image\":{\"@id\":\"https:\\\/\\\/itasavonuusyrityskeskus.fi\\\/muista-ilmoittaa-kaupparekisteriin-ainakin-nama\\\/#primaryimage\"},\"thumbnailUrl\":\"https:\\\/\\\/itasavonuusyrityskeskus.fi\\\/wp-content\\\/uploads\\\/2022\\\/12\\\/nettisivuille-kansikuvia-15.png\",\"articleSection\":[\"All\"],\"inLanguage\":\"en-US\"},{\"@type\":\"WebPage\",\"@id\":\"https:\\\/\\\/itasavonuusyrityskeskus.fi\\\/muista-ilmoittaa-kaupparekisteriin-ainakin-nama\\\/\",\"url\":\"https:\\\/\\\/itasavonuusyrityskeskus.fi\\\/muista-ilmoittaa-kaupparekisteriin-ainakin-nama\\\/\",\"name\":\"Muista ilmoittaa kaupparekisteriin ainakin n\u00e4m\u00e4! - It\u00e4-Savon Uusyrityskeskus\",\"isPartOf\":{\"@id\":\"https:\\\/\\\/itasavonuusyrityskeskus.fi\\\/#website\"},\"primaryImageOfPage\":{\"@id\":\"https:\\\/\\\/itasavonuusyrityskeskus.fi\\\/muista-ilmoittaa-kaupparekisteriin-ainakin-nama\\\/#primaryimage\"},\"image\":{\"@id\":\"https:\\\/\\\/itasavonuusyrityskeskus.fi\\\/muista-ilmoittaa-kaupparekisteriin-ainakin-nama\\\/#primaryimage\"},\"thumbnailUrl\":\"https:\\\/\\\/itasavonuusyrityskeskus.fi\\\/wp-content\\\/uploads\\\/2022\\\/12\\\/nettisivuille-kansikuvia-15.png\",\"datePublished\":\"2022-12-14T10:41:59+00:00\",\"inLanguage\":\"en-US\",\"potentialAction\":[{\"@type\":\"ReadAction\",\"target\":[\"https:\\\/\\\/itasavonuusyrityskeskus.fi\\\/muista-ilmoittaa-kaupparekisteriin-ainakin-nama\\\/\"]}]},{\"@type\":\"ImageObject\",\"inLanguage\":\"en-US\",\"@id\":\"https:\\\/\\\/itasavonuusyrityskeskus.fi\\\/muista-ilmoittaa-kaupparekisteriin-ainakin-nama\\\/#primaryimage\",\"url\":\"https:\\\/\\\/itasavonuusyrityskeskus.fi\\\/wp-content\\\/uploads\\\/2022\\\/12\\\/nettisivuille-kansikuvia-15.png\",\"contentUrl\":\"https:\\\/\\\/itasavonuusyrityskeskus.fi\\\/wp-content\\\/uploads\\\/2022\\\/12\\\/nettisivuille-kansikuvia-15.png\",\"width\":1920,\"height\":700},{\"@type\":\"WebSite\",\"@id\":\"https:\\\/\\\/itasavonuusyrityskeskus.fi\\\/#website\",\"url\":\"https:\\\/\\\/itasavonuusyrityskeskus.fi\\\/\",\"name\":\"It\u00e4-Savon Uusyrityskeskus\",\"description\":\"Yritt\u00e4jyyden alkutaipaleen neuvontapalvelut Savonlinnan seudulla\",\"publisher\":{\"@id\":\"https:\\\/\\\/itasavonuusyrityskeskus.fi\\\/#organization\"},\"potentialAction\":[{\"@type\":\"SearchAction\",\"target\":{\"@type\":\"EntryPoint\",\"urlTemplate\":\"https:\\\/\\\/itasavonuusyrityskeskus.fi\\\/?s={search_term_string}\"},\"query-input\":{\"@type\":\"PropertyValueSpecification\",\"valueRequired\":true,\"valueName\":\"search_term_string\"}}],\"inLanguage\":\"en-US\"},{\"@type\":\"Organization\",\"@id\":\"https:\\\/\\\/itasavonuusyrityskeskus.fi\\\/#organization\",\"name\":\"It\u00e4-Savon Uusyrityskeskus\",\"url\":\"https:\\\/\\\/itasavonuusyrityskeskus.fi\\\/\",\"logo\":{\"@type\":\"ImageObject\",\"inLanguage\":\"en-US\",\"@id\":\"https:\\\/\\\/itasavonuusyrityskeskus.fi\\\/#\\\/schema\\\/logo\\\/image\\\/\",\"url\":\"https:\\\/\\\/itasavonuusyrityskeskus.fi\\\/wp-content\\\/uploads\\\/2021\\\/09\\\/logo-isuyk.png\",\"contentUrl\":\"https:\\\/\\\/itasavonuusyrityskeskus.fi\\\/wp-content\\\/uploads\\\/2021\\\/09\\\/logo-isuyk.png\",\"width\":400,\"height\":137,\"caption\":\"It\u00e4-Savon Uusyrityskeskus\"},\"image\":{\"@id\":\"https:\\\/\\\/itasavonuusyrityskeskus.fi\\\/#\\\/schema\\\/logo\\\/image\\\/\"},\"sameAs\":[\"https:\\\/\\\/www.facebook.com\\\/isuyk\\\/\"]},{\"@type\":\"Person\",\"@id\":\"https:\\\/\\\/itasavonuusyrityskeskus.fi\\\/#\\\/schema\\\/person\\\/cb907743384ed05a34e24507870e18ef\",\"name\":\"It\u00e4-Savon Uusyrityskeskus\",\"sameAs\":[\"https:\\\/\\\/www.facebook.com\\\/isuyk\",\"https:\\\/\\\/www.instagram.com\\\/itasavonuusyrityskeskus\\\/\",\"https:\\\/\\\/www.linkedin.com\\\/company\\\/it-savon-uusyrityskeskus-ry\\\/\",\"https:\\\/\\\/www.youtube.com\\\/channel\\\/UC2iXSOU7DN9D-DMDfmYN-Yg\"]}]}<\/script>\n<!-- \/ Yoast SEO plugin. -->","yoast_head_json":{"title":"Muista ilmoittaa kaupparekisteriin ainakin n\u00e4m\u00e4! - It\u00e4-Savon Uusyrityskeskus","robots":{"index":"index","follow":"follow","max-snippet":"max-snippet:-1","max-image-preview":"max-image-preview:large","max-video-preview":"max-video-preview:-1"},"canonical":"https:\/\/itasavonuusyrityskeskus.fi\/muista-ilmoittaa-kaupparekisteriin-ainakin-nama\/","og_locale":"en_US","og_type":"article","og_title":"Muista ilmoittaa kaupparekisteriin ainakin n\u00e4m\u00e4! - It\u00e4-Savon Uusyrityskeskus","og_description":"Kun yritys on perustettu ja aloittanut toimintansa, on hyv\u00e4 muistaa, ett\u00e4 kaupparekisteriss\u00e4 olevat yrityksesi tiedot pit\u00e4\u00e4 ja kannattaakin pit\u00e4\u00e4 ajan tasalla. Kaupparekisterilaki uudistuu...","og_url":"https:\/\/itasavonuusyrityskeskus.fi\/muista-ilmoittaa-kaupparekisteriin-ainakin-nama\/","og_site_name":"It\u00e4-Savon Uusyrityskeskus","article_publisher":"https:\/\/www.facebook.com\/isuyk\/","article_author":"https:\/\/www.facebook.com\/isuyk","article_published_time":"2022-12-14T10:41:59+00:00","og_image":[{"width":1920,"height":700,"url":"https:\/\/itasavonuusyrityskeskus.fi\/wp-content\/uploads\/2022\/12\/nettisivuille-kansikuvia-15.png","type":"image\/png"}],"author":"It\u00e4-Savon Uusyrityskeskus","twitter_card":"summary_large_image","twitter_misc":{"Written by":"It\u00e4-Savon Uusyrityskeskus","Est. reading time":"3 minutes"},"schema":{"@context":"https:\/\/schema.org","@graph":[{"@type":"Article","@id":"https:\/\/itasavonuusyrityskeskus.fi\/muista-ilmoittaa-kaupparekisteriin-ainakin-nama\/#article","isPartOf":{"@id":"https:\/\/itasavonuusyrityskeskus.fi\/muista-ilmoittaa-kaupparekisteriin-ainakin-nama\/"},"author":{"name":"It\u00e4-Savon Uusyrityskeskus","@id":"https:\/\/itasavonuusyrityskeskus.fi\/#\/schema\/person\/cb907743384ed05a34e24507870e18ef"},"headline":"Muista ilmoittaa kaupparekisteriin ainakin n\u00e4m\u00e4!","datePublished":"2022-12-14T10:41:59+00:00","mainEntityOfPage":{"@id":"https:\/\/itasavonuusyrityskeskus.fi\/muista-ilmoittaa-kaupparekisteriin-ainakin-nama\/"},"wordCount":544,"publisher":{"@id":"https:\/\/itasavonuusyrityskeskus.fi\/#organization"},"image":{"@id":"https:\/\/itasavonuusyrityskeskus.fi\/muista-ilmoittaa-kaupparekisteriin-ainakin-nama\/#primaryimage"},"thumbnailUrl":"https:\/\/itasavonuusyrityskeskus.fi\/wp-content\/uploads\/2022\/12\/nettisivuille-kansikuvia-15.png","articleSection":["All"],"inLanguage":"en-US"},{"@type":"WebPage","@id":"https:\/\/itasavonuusyrityskeskus.fi\/muista-ilmoittaa-kaupparekisteriin-ainakin-nama\/","url":"https:\/\/itasavonuusyrityskeskus.fi\/muista-ilmoittaa-kaupparekisteriin-ainakin-nama\/","name":"Muista ilmoittaa kaupparekisteriin ainakin n\u00e4m\u00e4! - It\u00e4-Savon Uusyrityskeskus","isPartOf":{"@id":"https:\/\/itasavonuusyrityskeskus.fi\/#website"},"primaryImageOfPage":{"@id":"https:\/\/itasavonuusyrityskeskus.fi\/muista-ilmoittaa-kaupparekisteriin-ainakin-nama\/#primaryimage"},"image":{"@id":"https:\/\/itasavonuusyrityskeskus.fi\/muista-ilmoittaa-kaupparekisteriin-ainakin-nama\/#primaryimage"},"thumbnailUrl":"https:\/\/itasavonuusyrityskeskus.fi\/wp-content\/uploads\/2022\/12\/nettisivuille-kansikuvia-15.png","datePublished":"2022-12-14T10:41:59+00:00","inLanguage":"en-US","potentialAction":[{"@type":"ReadAction","target":["https:\/\/itasavonuusyrityskeskus.fi\/muista-ilmoittaa-kaupparekisteriin-ainakin-nama\/"]}]},{"@type":"ImageObject","inLanguage":"en-US","@id":"https:\/\/itasavonuusyrityskeskus.fi\/muista-ilmoittaa-kaupparekisteriin-ainakin-nama\/#primaryimage","url":"https:\/\/itasavonuusyrityskeskus.fi\/wp-content\/uploads\/2022\/12\/nettisivuille-kansikuvia-15.png","contentUrl":"https:\/\/itasavonuusyrityskeskus.fi\/wp-content\/uploads\/2022\/12\/nettisivuille-kansikuvia-15.png","width":1920,"height":700},{"@type":"WebSite","@id":"https:\/\/itasavonuusyrityskeskus.fi\/#website","url":"https:\/\/itasavonuusyrityskeskus.fi\/","name":"It\u00e4-Savon Uusyrityskeskus","description":"Yritt\u00e4jyyden alkutaipaleen neuvontapalvelut Savonlinnan seudulla","publisher":{"@id":"https:\/\/itasavonuusyrityskeskus.fi\/#organization"},"potentialAction":[{"@type":"SearchAction","target":{"@type":"EntryPoint","urlTemplate":"https:\/\/itasavonuusyrityskeskus.fi\/?s={search_term_string}"},"query-input":{"@type":"PropertyValueSpecification","valueRequired":true,"valueName":"search_term_string"}}],"inLanguage":"en-US"},{"@type":"Organization","@id":"https:\/\/itasavonuusyrityskeskus.fi\/#organization","name":"It\u00e4-Savon Uusyrityskeskus","url":"https:\/\/itasavonuusyrityskeskus.fi\/","logo":{"@type":"ImageObject","inLanguage":"en-US","@id":"https:\/\/itasavonuusyrityskeskus.fi\/#\/schema\/logo\/image\/","url":"https:\/\/itasavonuusyrityskeskus.fi\/wp-content\/uploads\/2021\/09\/logo-isuyk.png","contentUrl":"https:\/\/itasavonuusyrityskeskus.fi\/wp-content\/uploads\/2021\/09\/logo-isuyk.png","width":400,"height":137,"caption":"It\u00e4-Savon Uusyrityskeskus"},"image":{"@id":"https:\/\/itasavonuusyrityskeskus.fi\/#\/schema\/logo\/image\/"},"sameAs":["https:\/\/www.facebook.com\/isuyk\/"]},{"@type":"Person","@id":"https:\/\/itasavonuusyrityskeskus.fi\/#\/schema\/person\/cb907743384ed05a34e24507870e18ef","name":"It\u00e4-Savon Uusyrityskeskus","sameAs":["https:\/\/www.facebook.com\/isuyk","https:\/\/www.instagram.com\/itasavonuusyrityskeskus\/","https:\/\/www.linkedin.com\/company\/it-savon-uusyrityskeskus-ry\/","https:\/\/www.youtube.com\/channel\/UC2iXSOU7DN9D-DMDfmYN-Yg"]}]}},"_links":{"self":[{"href":"https:\/\/itasavonuusyrityskeskus.fi\/en\/wp-json\/wp\/v2\/posts\/3869","targetHints":{"allow":["GET"]}}],"collection":[{"href":"https:\/\/itasavonuusyrityskeskus.fi\/en\/wp-json\/wp\/v2\/posts"}],"about":[{"href":"https:\/\/itasavonuusyrityskeskus.fi\/en\/wp-json\/wp\/v2\/types\/post"}],"author":[{"embeddable":true,"href":"https:\/\/itasavonuusyrityskeskus.fi\/en\/wp-json\/wp\/v2\/users\/3"}],"replies":[{"embeddable":true,"href":"https:\/\/itasavonuusyrityskeskus.fi\/en\/wp-json\/wp\/v2\/comments?post=3869"}],"version-history":[{"count":1,"href":"https:\/\/itasavonuusyrityskeskus.fi\/en\/wp-json\/wp\/v2\/posts\/3869\/revisions"}],"predecessor-version":[{"id":3872,"href":"https:\/\/itasavonuusyrityskeskus.fi\/en\/wp-json\/wp\/v2\/posts\/3869\/revisions\/3872"}],"wp:featuredmedia":[{"embeddable":true,"href":"https:\/\/itasavonuusyrityskeskus.fi\/en\/wp-json\/wp\/v2\/media\/3870"}],"wp:attachment":[{"href":"https:\/\/itasavonuusyrityskeskus.fi\/en\/wp-json\/wp\/v2\/media?parent=3869"}],"wp:term":[{"taxonomy":"category","embeddable":true,"href":"https:\/\/itasavonuusyrityskeskus.fi\/en\/wp-json\/wp\/v2\/categories?post=3869"},{"taxonomy":"post_tag","embeddable":true,"href":"https:\/\/itasavonuusyrityskeskus.fi\/en\/wp-json\/wp\/v2\/tags?post=3869"}],"curies":[{"name":"wp","href":"https:\/\/api.w.org\/{rel}","templated":true}]}}