{"id":4183,"date":"2023-03-01T10:58:58","date_gmt":"2023-03-01T08:58:58","guid":{"rendered":"https:\/\/itasavonuusyrityskeskus.fi\/?p=4183"},"modified":"2023-03-01T10:58:58","modified_gmt":"2023-03-01T08:58:58","slug":"poikkeuksellinen-vuosi-sai-yritysten-perustajat-kaipaamaan-tukea","status":"publish","type":"post","link":"https:\/\/itasavonuusyrityskeskus.fi\/en\/poikkeuksellinen-vuosi-sai-yritysten-perustajat-kaipaamaan-tukea\/","title":{"rendered":"Poikkeuksellinen vuosi sai yritysten perustajat kaipaamaan tukea"},"content":{"rendered":"<p><strong>Uusyrityskeskusten tarjoaman henkil\u00f6kohtaisen ja maksuttoman neuvonnan avulla perustettiin vuoden 2022 aikana l\u00e4hes 6200 uutta yrityst\u00e4. Neuvontatapahtumien m\u00e4\u00e4r\u00e4 sek\u00e4 pituudet kasvoivat suhteessa perustettujen yritysten m\u00e4\u00e4r\u00e4\u00e4n. Poikkeuksellinen vuosi sai yritysten perustajat varovaisiksi.<\/strong><\/p>\n<p>Vuosi 2022 oli ep\u00e4varmuuden vuosi: niin Ukrainan sota, inflaatio kuin korkeat korot heijastuivat my\u00f6s Uusyrityskeskusten asiakaskuntaan. Yrityst\u00e4 perustavat olivat huomattavasti aiempaa varovaisempia ja k\u00e4viv\u00e4t yritysneuvojan puheilla useamman kerran ennen kuin tekiv\u00e4t p\u00e4\u00e4t\u00f6ksens\u00e4. My\u00f6s neuvontak\u00e4yntien pituudet ovat kasvaneet. Tuoreesta\u00a0<a href=\"https:\/\/uusyrityskeskus.fi\/wp-content\/uploads\/2023\/02\/Uusyrittajyyskatsaus_2022.pdf\" target=\"_blank\" rel=\"noreferrer noopener\">Uusyritt\u00e4jyyskatsauksesta<\/a>\u00a0selvi\u00e4\u00e4 tarkemmin esimerkiksi se, ketk\u00e4 yrityksi\u00e4 perustivat ja mitk\u00e4 olivat suosituimmat toimialat.<\/p>\n<h2>Varsinaisten yritysten perustamism\u00e4\u00e4r\u00e4 laskussa, sivutoiminen yritt\u00e4jyys aiempaa suositumpaa<\/h2>\n<p>Uusyrityskeskusten kautta perustettujen yritysten m\u00e4\u00e4r\u00e4 j\u00e4i edellisvuodesta 11 prosenttia. Kaupparekisteriin merkittyj\u00e4 yrityksi\u00e4 on valtakunnallisestikin perustettu aiempaa v\u00e4hemm\u00e4n, joten Uusyrityskeskusten perustamism\u00e4\u00e4r\u00e4t seuraavat kokonaiskehityst\u00e4. Sivutoimisen yritt\u00e4jyyden osuus on kasvanut viime vuosina merkitt\u00e4v\u00e4sti, samoin kevytyritt\u00e4jyys on yh\u00e4 suositumpaa \u2013 kevytyritt\u00e4jyys ei n\u00e4y tilastoissa uusina yrityksin\u00e4, vaikka hekin k\u00e4ytt\u00e4v\u00e4t yritysten neuvontapalveluita.<\/p>\n<p>\u2013 Korkean ty\u00f6llisyyden aikana yritysten perustamisaktiivisuus laskee, kun ty\u00f6markkinat vet\u00e4v\u00e4t hyvin. Neuvonnassa n\u00e4kyy, ett\u00e4 alkavat yritt\u00e4j\u00e4t kaipaavat nyt aiempaa enemm\u00e4n tukea yritt\u00e4jyyden alkutaipaleella. Autamme tietysti kaikkia asiakkaita yritysmuodosta huolimatta, sanoo Suomen Uusyrityskeskukset ry:n toimitusjohtaja\u00a0<strong>Piia Malmberg<\/strong>.<\/p>\n<p>\u2013 Yritt\u00e4jyys on kasvun, investointien ja hyvinvoinnin ydin. Uusyrityskeskustoiminnan avulla perustetaan elinvoimaisempia yrityksi\u00e4, joten toiminnalla on suuri yhteiskunnallinen merkitys. Tarvitsemme erilaisia yrityspalveluita jo alkuvaiheesta l\u00e4htien sek\u00e4 my\u00f6s lupauksen yritt\u00e4jille siit\u00e4, ett\u00e4 yhteiskunnassa tehd\u00e4\u00e4n ennakoitavia ja johdonmukaisia p\u00e4\u00e4t\u00f6ksi\u00e4, painottaa Suomen Yritt\u00e4jien johtaja\u00a0<strong>Harri Jaskari<\/strong>.<\/p>\n<p>\u2013 Erityisesti ep\u00e4varmoina aikoina yrityksille vakaa toimintaymp\u00e4rist\u00f6 korostuu. Kannustava verotus on yritysten ja ty\u00f6paikkojen syntymiselle t\u00e4rke\u00e4\u00e4. Kaikkien eri osa-alueiden lains\u00e4\u00e4d\u00e4nn\u00f6n tasolta kuntien toimenpiteisiin tulee toimia, jotta yhteiskunta on yritysmy\u00f6nteinen: Yhteiskunnan teht\u00e4v\u00e4n\u00e4 on mahdollistaa yritt\u00e4jyys \u2013 ei haitata tai est\u00e4\u00e4 sit\u00e4, muistuttaa Suomen Uusyrityskeskusten Uusyritt\u00e4j\u00e4n yst\u00e4v\u00e4n aamiaisitilaisuudessa 14.2.2023 vieraillut kansanedustaja\u00a0<strong>Sari Multala<\/strong>\u00a0(kok.).<\/p>\n<h2>Uusia yrityksi\u00e4 syntyy my\u00f6s omistajanvaihdosten kautta<\/h2>\n<p>Jo olemassa oleva yritys tilastoidaan uudeksi yritykseksi, kun se saa uuden omistajan yrityskaupalla tai sukupolvenvaihdoksessa. Uusyrityskeskusten valtakunnallisena tavoitteena on nostaa toimivan yrityksen ostaminen nykyist\u00e4 vahvemmin esiin yhten\u00e4 tapana aloittaa yritt\u00e4jyys.<\/p>\n<p>Yritysostolla yritt\u00e4j\u00e4ksi l\u00e4htev\u00e4 saa asiakkuudet ja toimivat k\u00e4yt\u00e4nn\u00f6t valmiina sen sijaan, ett\u00e4 aloittaisi kaiken tyhj\u00e4st\u00e4.<\/p>\n<p>\u2013Suomessa kymmenet tuhannet yritykset ovat vaarana j\u00e4\u00e4d\u00e4 ilman jatkajaa, ja samalla katoaa iso m\u00e4\u00e4r\u00e4 osaamista ja ty\u00f6paikkoja. T\u00e4m\u00e4 on valtakunnallinen haaste, jota Uusyrityskeskusverkosto on osaltaan ratkaisemassa, sanoo Suomen Uusyrityskeskusten hallituksen varapuheenjohtaja, Elinkeinoel\u00e4m\u00e4n keskusliiton johtava asiantuntija\u00a0<strong>Jari Huovinen<\/strong>.<\/p>\n<p>Uusyrityskeskusten alkavien yritt\u00e4jien neuvontapalveluissa nostetaankin yritysoston mahdollisuus esiin tasavertaisena mahdollisuutena aloittaa yritt\u00e4jyys. Suomen Uusyrityskeskukset ovat my\u00f6s mukana valtakunnallisessa\u00a0<a href=\"https:\/\/ov-foorumi.fi\/maaseutuyritykset\/\" target=\"_blank\" rel=\"noreferrer noopener\">Maaseutuyritysten omistajanvaihdospalvelut -hankkeessa<\/a>.<\/p>\n<h2>Uusyrityskeskusten tarjoama apu on tutkitusti hy\u00f6dyllist\u00e4<\/h2>\n<p>Suomen Uusyrityskeskukset ry on kattoj\u00e4rjest\u00f6 30 paikalliselle ja alueelliselle Uusyrityskeskukselle, joissa tarjotaan maksutonta ja ammattitaitoista yritysneuvontaa kaikille yritt\u00e4jyydest\u00e4 kiinnostuneille. Uusyrityskeskusten teht\u00e4v\u00e4n\u00e4 on edesauttaa mahdollisimman kannattavan yritt\u00e4jyyden syntymist\u00e4 Suomeen.<\/p>\n<p>Vaikuttavuustutkimuksen mukaan Uusyrityskeskusten kautta perustettujen yritysten eloonj\u00e4\u00e4misprosentti on merkitt\u00e4v\u00e4: 80 % Uusyrityskeskusten kautta perustetuista yrityksist\u00e4 on toiminnassa viel\u00e4 viiden vuoden p\u00e4\u00e4st\u00e4 perustamisesta. Uusyrityskeskukset saavat my\u00f6s eritt\u00e4in hyv\u00e4\u00e4 palautetta neuvonnastaan ja keskusten yhteinen NPS-luku eli suositusindeksi on 86.<\/p>\n<p>Lis\u00e4tietoja:<br \/>\nSuomen Uusyrityskeskukset ry, toimitusjohtaja Piia Malmberg<br \/>\n<a href=\"mailto:piia.malmberg@uusyrityskeskus.fi\" target=\"_blank\" rel=\"noreferrer noopener\">piia.malmberg@uusyrityskeskus.fi<\/a>, puh. 044 0309 850<\/p>\n<p>Alkuper\u00e4isen tekstin l\u00f6yd\u00e4t: <a href=\"https:\/\/uusyrityskeskus.fi\/uutinen\/poikkeuksellinen-vuosi-sai-yritysten-perustajat-kaipaamaan-tukea\/\">uusyrityskeskus.fi \/ poikkeuksellinen vuosi sai yritysten perustajat kaipaamaan tukea<\/a><\/p>\n","protected":false},"excerpt":{"rendered":"<p>Uusyrityskeskusten tarjoaman henkil\u00f6kohtaisen ja maksuttoman neuvonnan avulla perustettiin vuoden 2022 aikana l\u00e4hes 6200 uutta yrityst\u00e4. Neuvontatapahtumien m\u00e4\u00e4r\u00e4 sek\u00e4 pituudet kasvoivat suhteessa perustettujen yritysten&#8230;<\/p>\n","protected":false},"author":3,"featured_media":4185,"comment_status":"closed","ping_status":"closed","sticky":false,"template":"","format":"standard","meta":{"footnotes":""},"categories":[1],"tags":[],"class_list":["post-4183","post","type-post","status-publish","format-standard","has-post-thumbnail","hentry","category-yleinen","dg_entrepreneur_category-yrittajille","dg_entrepreneur_category-yrityksen-ostajalle","dg_entrepreneur_category-yrityksen-perustamista-harkitseville","dg_entrepreneur_category-yrityksesta-luopuvat"],"yoast_head":"<!-- This site is optimized with the Yoast SEO plugin v27.5 - https:\/\/yoast.com\/product\/yoast-seo-wordpress\/ -->\n<title>Poikkeuksellinen vuosi sai yritysten perustajat kaipaamaan tukea - It\u00e4-Savon Uusyrityskeskus<\/title>\n<meta name=\"robots\" content=\"index, follow, max-snippet:-1, max-image-preview:large, max-video-preview:-1\" \/>\n<link rel=\"canonical\" href=\"https:\/\/itasavonuusyrityskeskus.fi\/poikkeuksellinen-vuosi-sai-yritysten-perustajat-kaipaamaan-tukea\/\" \/>\n<meta property=\"og:locale\" content=\"en_US\" \/>\n<meta property=\"og:type\" content=\"article\" \/>\n<meta property=\"og:title\" content=\"Poikkeuksellinen vuosi sai yritysten perustajat kaipaamaan tukea - It\u00e4-Savon Uusyrityskeskus\" \/>\n<meta property=\"og:description\" content=\"Uusyrityskeskusten tarjoaman henkil\u00f6kohtaisen ja maksuttoman neuvonnan avulla perustettiin vuoden 2022 aikana l\u00e4hes 6200 uutta yrityst\u00e4. Neuvontatapahtumien m\u00e4\u00e4r\u00e4 sek\u00e4 pituudet kasvoivat suhteessa perustettujen yritysten...\" \/>\n<meta property=\"og:url\" content=\"https:\/\/itasavonuusyrityskeskus.fi\/poikkeuksellinen-vuosi-sai-yritysten-perustajat-kaipaamaan-tukea\/\" \/>\n<meta property=\"og:site_name\" content=\"It\u00e4-Savon Uusyrityskeskus\" \/>\n<meta property=\"article:publisher\" content=\"https:\/\/www.facebook.com\/isuyk\/\" \/>\n<meta property=\"article:author\" content=\"https:\/\/www.facebook.com\/isuyk\" \/>\n<meta property=\"article:published_time\" content=\"2023-03-01T08:58:58+00:00\" \/>\n<meta property=\"og:image\" content=\"https:\/\/itasavonuusyrityskeskus.fi\/wp-content\/uploads\/2023\/03\/nettisivuille-kansikuvia-45.png\" \/>\n\t<meta property=\"og:image:width\" content=\"1920\" \/>\n\t<meta property=\"og:image:height\" content=\"700\" \/>\n\t<meta property=\"og:image:type\" content=\"image\/png\" \/>\n<meta name=\"author\" content=\"It\u00e4-Savon Uusyrityskeskus\" \/>\n<meta name=\"twitter:card\" content=\"summary_large_image\" \/>\n<meta name=\"twitter:label1\" content=\"Written by\" \/>\n\t<meta name=\"twitter:data1\" content=\"It\u00e4-Savon Uusyrityskeskus\" \/>\n\t<meta name=\"twitter:label2\" content=\"Est. reading time\" \/>\n\t<meta name=\"twitter:data2\" content=\"3 minutes\" \/>\n<script type=\"application\/ld+json\" class=\"yoast-schema-graph\">{\"@context\":\"https:\\\/\\\/schema.org\",\"@graph\":[{\"@type\":\"Article\",\"@id\":\"https:\\\/\\\/itasavonuusyrityskeskus.fi\\\/poikkeuksellinen-vuosi-sai-yritysten-perustajat-kaipaamaan-tukea\\\/#article\",\"isPartOf\":{\"@id\":\"https:\\\/\\\/itasavonuusyrityskeskus.fi\\\/poikkeuksellinen-vuosi-sai-yritysten-perustajat-kaipaamaan-tukea\\\/\"},\"author\":{\"name\":\"It\u00e4-Savon Uusyrityskeskus\",\"@id\":\"https:\\\/\\\/itasavonuusyrityskeskus.fi\\\/#\\\/schema\\\/person\\\/cb907743384ed05a34e24507870e18ef\"},\"headline\":\"Poikkeuksellinen vuosi sai yritysten perustajat kaipaamaan tukea\",\"datePublished\":\"2023-03-01T08:58:58+00:00\",\"mainEntityOfPage\":{\"@id\":\"https:\\\/\\\/itasavonuusyrityskeskus.fi\\\/poikkeuksellinen-vuosi-sai-yritysten-perustajat-kaipaamaan-tukea\\\/\"},\"wordCount\":562,\"publisher\":{\"@id\":\"https:\\\/\\\/itasavonuusyrityskeskus.fi\\\/#organization\"},\"image\":{\"@id\":\"https:\\\/\\\/itasavonuusyrityskeskus.fi\\\/poikkeuksellinen-vuosi-sai-yritysten-perustajat-kaipaamaan-tukea\\\/#primaryimage\"},\"thumbnailUrl\":\"https:\\\/\\\/itasavonuusyrityskeskus.fi\\\/wp-content\\\/uploads\\\/2023\\\/03\\\/nettisivuille-kansikuvia-45.png\",\"articleSection\":[\"Yleinen\"],\"inLanguage\":\"en-US\"},{\"@type\":\"WebPage\",\"@id\":\"https:\\\/\\\/itasavonuusyrityskeskus.fi\\\/poikkeuksellinen-vuosi-sai-yritysten-perustajat-kaipaamaan-tukea\\\/\",\"url\":\"https:\\\/\\\/itasavonuusyrityskeskus.fi\\\/poikkeuksellinen-vuosi-sai-yritysten-perustajat-kaipaamaan-tukea\\\/\",\"name\":\"Poikkeuksellinen vuosi sai yritysten perustajat kaipaamaan tukea - It\u00e4-Savon Uusyrityskeskus\",\"isPartOf\":{\"@id\":\"https:\\\/\\\/itasavonuusyrityskeskus.fi\\\/#website\"},\"primaryImageOfPage\":{\"@id\":\"https:\\\/\\\/itasavonuusyrityskeskus.fi\\\/poikkeuksellinen-vuosi-sai-yritysten-perustajat-kaipaamaan-tukea\\\/#primaryimage\"},\"image\":{\"@id\":\"https:\\\/\\\/itasavonuusyrityskeskus.fi\\\/poikkeuksellinen-vuosi-sai-yritysten-perustajat-kaipaamaan-tukea\\\/#primaryimage\"},\"thumbnailUrl\":\"https:\\\/\\\/itasavonuusyrityskeskus.fi\\\/wp-content\\\/uploads\\\/2023\\\/03\\\/nettisivuille-kansikuvia-45.png\",\"datePublished\":\"2023-03-01T08:58:58+00:00\",\"inLanguage\":\"en-US\",\"potentialAction\":[{\"@type\":\"ReadAction\",\"target\":[\"https:\\\/\\\/itasavonuusyrityskeskus.fi\\\/poikkeuksellinen-vuosi-sai-yritysten-perustajat-kaipaamaan-tukea\\\/\"]}]},{\"@type\":\"ImageObject\",\"inLanguage\":\"en-US\",\"@id\":\"https:\\\/\\\/itasavonuusyrityskeskus.fi\\\/poikkeuksellinen-vuosi-sai-yritysten-perustajat-kaipaamaan-tukea\\\/#primaryimage\",\"url\":\"https:\\\/\\\/itasavonuusyrityskeskus.fi\\\/wp-content\\\/uploads\\\/2023\\\/03\\\/nettisivuille-kansikuvia-45.png\",\"contentUrl\":\"https:\\\/\\\/itasavonuusyrityskeskus.fi\\\/wp-content\\\/uploads\\\/2023\\\/03\\\/nettisivuille-kansikuvia-45.png\",\"width\":1920,\"height\":700},{\"@type\":\"WebSite\",\"@id\":\"https:\\\/\\\/itasavonuusyrityskeskus.fi\\\/#website\",\"url\":\"https:\\\/\\\/itasavonuusyrityskeskus.fi\\\/\",\"name\":\"It\u00e4-Savon Uusyrityskeskus\",\"description\":\"Yritt\u00e4jyyden alkutaipaleen neuvontapalvelut Savonlinnan seudulla\",\"publisher\":{\"@id\":\"https:\\\/\\\/itasavonuusyrityskeskus.fi\\\/#organization\"},\"potentialAction\":[{\"@type\":\"SearchAction\",\"target\":{\"@type\":\"EntryPoint\",\"urlTemplate\":\"https:\\\/\\\/itasavonuusyrityskeskus.fi\\\/?s={search_term_string}\"},\"query-input\":{\"@type\":\"PropertyValueSpecification\",\"valueRequired\":true,\"valueName\":\"search_term_string\"}}],\"inLanguage\":\"en-US\"},{\"@type\":\"Organization\",\"@id\":\"https:\\\/\\\/itasavonuusyrityskeskus.fi\\\/#organization\",\"name\":\"It\u00e4-Savon Uusyrityskeskus\",\"url\":\"https:\\\/\\\/itasavonuusyrityskeskus.fi\\\/\",\"logo\":{\"@type\":\"ImageObject\",\"inLanguage\":\"en-US\",\"@id\":\"https:\\\/\\\/itasavonuusyrityskeskus.fi\\\/#\\\/schema\\\/logo\\\/image\\\/\",\"url\":\"https:\\\/\\\/itasavonuusyrityskeskus.fi\\\/wp-content\\\/uploads\\\/2021\\\/09\\\/logo-isuyk.png\",\"contentUrl\":\"https:\\\/\\\/itasavonuusyrityskeskus.fi\\\/wp-content\\\/uploads\\\/2021\\\/09\\\/logo-isuyk.png\",\"width\":400,\"height\":137,\"caption\":\"It\u00e4-Savon Uusyrityskeskus\"},\"image\":{\"@id\":\"https:\\\/\\\/itasavonuusyrityskeskus.fi\\\/#\\\/schema\\\/logo\\\/image\\\/\"},\"sameAs\":[\"https:\\\/\\\/www.facebook.com\\\/isuyk\\\/\"]},{\"@type\":\"Person\",\"@id\":\"https:\\\/\\\/itasavonuusyrityskeskus.fi\\\/#\\\/schema\\\/person\\\/cb907743384ed05a34e24507870e18ef\",\"name\":\"It\u00e4-Savon Uusyrityskeskus\",\"sameAs\":[\"https:\\\/\\\/www.facebook.com\\\/isuyk\",\"https:\\\/\\\/www.instagram.com\\\/itasavonuusyrityskeskus\\\/\",\"https:\\\/\\\/www.linkedin.com\\\/company\\\/it-savon-uusyrityskeskus-ry\\\/\",\"https:\\\/\\\/www.youtube.com\\\/channel\\\/UC2iXSOU7DN9D-DMDfmYN-Yg\"]}]}<\/script>\n<!-- \/ Yoast SEO plugin. -->","yoast_head_json":{"title":"Poikkeuksellinen vuosi sai yritysten perustajat kaipaamaan tukea - It\u00e4-Savon Uusyrityskeskus","robots":{"index":"index","follow":"follow","max-snippet":"max-snippet:-1","max-image-preview":"max-image-preview:large","max-video-preview":"max-video-preview:-1"},"canonical":"https:\/\/itasavonuusyrityskeskus.fi\/poikkeuksellinen-vuosi-sai-yritysten-perustajat-kaipaamaan-tukea\/","og_locale":"en_US","og_type":"article","og_title":"Poikkeuksellinen vuosi sai yritysten perustajat kaipaamaan tukea - It\u00e4-Savon Uusyrityskeskus","og_description":"Uusyrityskeskusten tarjoaman henkil\u00f6kohtaisen ja maksuttoman neuvonnan avulla perustettiin vuoden 2022 aikana l\u00e4hes 6200 uutta yrityst\u00e4. Neuvontatapahtumien m\u00e4\u00e4r\u00e4 sek\u00e4 pituudet kasvoivat suhteessa perustettujen yritysten...","og_url":"https:\/\/itasavonuusyrityskeskus.fi\/poikkeuksellinen-vuosi-sai-yritysten-perustajat-kaipaamaan-tukea\/","og_site_name":"It\u00e4-Savon Uusyrityskeskus","article_publisher":"https:\/\/www.facebook.com\/isuyk\/","article_author":"https:\/\/www.facebook.com\/isuyk","article_published_time":"2023-03-01T08:58:58+00:00","og_image":[{"width":1920,"height":700,"url":"https:\/\/itasavonuusyrityskeskus.fi\/wp-content\/uploads\/2023\/03\/nettisivuille-kansikuvia-45.png","type":"image\/png"}],"author":"It\u00e4-Savon Uusyrityskeskus","twitter_card":"summary_large_image","twitter_misc":{"Written by":"It\u00e4-Savon Uusyrityskeskus","Est. reading time":"3 minutes"},"schema":{"@context":"https:\/\/schema.org","@graph":[{"@type":"Article","@id":"https:\/\/itasavonuusyrityskeskus.fi\/poikkeuksellinen-vuosi-sai-yritysten-perustajat-kaipaamaan-tukea\/#article","isPartOf":{"@id":"https:\/\/itasavonuusyrityskeskus.fi\/poikkeuksellinen-vuosi-sai-yritysten-perustajat-kaipaamaan-tukea\/"},"author":{"name":"It\u00e4-Savon Uusyrityskeskus","@id":"https:\/\/itasavonuusyrityskeskus.fi\/#\/schema\/person\/cb907743384ed05a34e24507870e18ef"},"headline":"Poikkeuksellinen vuosi sai yritysten perustajat kaipaamaan tukea","datePublished":"2023-03-01T08:58:58+00:00","mainEntityOfPage":{"@id":"https:\/\/itasavonuusyrityskeskus.fi\/poikkeuksellinen-vuosi-sai-yritysten-perustajat-kaipaamaan-tukea\/"},"wordCount":562,"publisher":{"@id":"https:\/\/itasavonuusyrityskeskus.fi\/#organization"},"image":{"@id":"https:\/\/itasavonuusyrityskeskus.fi\/poikkeuksellinen-vuosi-sai-yritysten-perustajat-kaipaamaan-tukea\/#primaryimage"},"thumbnailUrl":"https:\/\/itasavonuusyrityskeskus.fi\/wp-content\/uploads\/2023\/03\/nettisivuille-kansikuvia-45.png","articleSection":["Yleinen"],"inLanguage":"en-US"},{"@type":"WebPage","@id":"https:\/\/itasavonuusyrityskeskus.fi\/poikkeuksellinen-vuosi-sai-yritysten-perustajat-kaipaamaan-tukea\/","url":"https:\/\/itasavonuusyrityskeskus.fi\/poikkeuksellinen-vuosi-sai-yritysten-perustajat-kaipaamaan-tukea\/","name":"Poikkeuksellinen vuosi sai yritysten perustajat kaipaamaan tukea - It\u00e4-Savon Uusyrityskeskus","isPartOf":{"@id":"https:\/\/itasavonuusyrityskeskus.fi\/#website"},"primaryImageOfPage":{"@id":"https:\/\/itasavonuusyrityskeskus.fi\/poikkeuksellinen-vuosi-sai-yritysten-perustajat-kaipaamaan-tukea\/#primaryimage"},"image":{"@id":"https:\/\/itasavonuusyrityskeskus.fi\/poikkeuksellinen-vuosi-sai-yritysten-perustajat-kaipaamaan-tukea\/#primaryimage"},"thumbnailUrl":"https:\/\/itasavonuusyrityskeskus.fi\/wp-content\/uploads\/2023\/03\/nettisivuille-kansikuvia-45.png","datePublished":"2023-03-01T08:58:58+00:00","inLanguage":"en-US","potentialAction":[{"@type":"ReadAction","target":["https:\/\/itasavonuusyrityskeskus.fi\/poikkeuksellinen-vuosi-sai-yritysten-perustajat-kaipaamaan-tukea\/"]}]},{"@type":"ImageObject","inLanguage":"en-US","@id":"https:\/\/itasavonuusyrityskeskus.fi\/poikkeuksellinen-vuosi-sai-yritysten-perustajat-kaipaamaan-tukea\/#primaryimage","url":"https:\/\/itasavonuusyrityskeskus.fi\/wp-content\/uploads\/2023\/03\/nettisivuille-kansikuvia-45.png","contentUrl":"https:\/\/itasavonuusyrityskeskus.fi\/wp-content\/uploads\/2023\/03\/nettisivuille-kansikuvia-45.png","width":1920,"height":700},{"@type":"WebSite","@id":"https:\/\/itasavonuusyrityskeskus.fi\/#website","url":"https:\/\/itasavonuusyrityskeskus.fi\/","name":"It\u00e4-Savon Uusyrityskeskus","description":"Yritt\u00e4jyyden alkutaipaleen neuvontapalvelut Savonlinnan seudulla","publisher":{"@id":"https:\/\/itasavonuusyrityskeskus.fi\/#organization"},"potentialAction":[{"@type":"SearchAction","target":{"@type":"EntryPoint","urlTemplate":"https:\/\/itasavonuusyrityskeskus.fi\/?s={search_term_string}"},"query-input":{"@type":"PropertyValueSpecification","valueRequired":true,"valueName":"search_term_string"}}],"inLanguage":"en-US"},{"@type":"Organization","@id":"https:\/\/itasavonuusyrityskeskus.fi\/#organization","name":"It\u00e4-Savon Uusyrityskeskus","url":"https:\/\/itasavonuusyrityskeskus.fi\/","logo":{"@type":"ImageObject","inLanguage":"en-US","@id":"https:\/\/itasavonuusyrityskeskus.fi\/#\/schema\/logo\/image\/","url":"https:\/\/itasavonuusyrityskeskus.fi\/wp-content\/uploads\/2021\/09\/logo-isuyk.png","contentUrl":"https:\/\/itasavonuusyrityskeskus.fi\/wp-content\/uploads\/2021\/09\/logo-isuyk.png","width":400,"height":137,"caption":"It\u00e4-Savon Uusyrityskeskus"},"image":{"@id":"https:\/\/itasavonuusyrityskeskus.fi\/#\/schema\/logo\/image\/"},"sameAs":["https:\/\/www.facebook.com\/isuyk\/"]},{"@type":"Person","@id":"https:\/\/itasavonuusyrityskeskus.fi\/#\/schema\/person\/cb907743384ed05a34e24507870e18ef","name":"It\u00e4-Savon Uusyrityskeskus","sameAs":["https:\/\/www.facebook.com\/isuyk","https:\/\/www.instagram.com\/itasavonuusyrityskeskus\/","https:\/\/www.linkedin.com\/company\/it-savon-uusyrityskeskus-ry\/","https:\/\/www.youtube.com\/channel\/UC2iXSOU7DN9D-DMDfmYN-Yg"]}]}},"_links":{"self":[{"href":"https:\/\/itasavonuusyrityskeskus.fi\/en\/wp-json\/wp\/v2\/posts\/4183","targetHints":{"allow":["GET"]}}],"collection":[{"href":"https:\/\/itasavonuusyrityskeskus.fi\/en\/wp-json\/wp\/v2\/posts"}],"about":[{"href":"https:\/\/itasavonuusyrityskeskus.fi\/en\/wp-json\/wp\/v2\/types\/post"}],"author":[{"embeddable":true,"href":"https:\/\/itasavonuusyrityskeskus.fi\/en\/wp-json\/wp\/v2\/users\/3"}],"replies":[{"embeddable":true,"href":"https:\/\/itasavonuusyrityskeskus.fi\/en\/wp-json\/wp\/v2\/comments?post=4183"}],"version-history":[{"count":1,"href":"https:\/\/itasavonuusyrityskeskus.fi\/en\/wp-json\/wp\/v2\/posts\/4183\/revisions"}],"predecessor-version":[{"id":4188,"href":"https:\/\/itasavonuusyrityskeskus.fi\/en\/wp-json\/wp\/v2\/posts\/4183\/revisions\/4188"}],"wp:featuredmedia":[{"embeddable":true,"href":"https:\/\/itasavonuusyrityskeskus.fi\/en\/wp-json\/wp\/v2\/media\/4185"}],"wp:attachment":[{"href":"https:\/\/itasavonuusyrityskeskus.fi\/en\/wp-json\/wp\/v2\/media?parent=4183"}],"wp:term":[{"taxonomy":"category","embeddable":true,"href":"https:\/\/itasavonuusyrityskeskus.fi\/en\/wp-json\/wp\/v2\/categories?post=4183"},{"taxonomy":"post_tag","embeddable":true,"href":"https:\/\/itasavonuusyrityskeskus.fi\/en\/wp-json\/wp\/v2\/tags?post=4183"}],"curies":[{"name":"wp","href":"https:\/\/api.w.org\/{rel}","templated":true}]}}