{"id":4704,"date":"2023-06-20T13:25:10","date_gmt":"2023-06-20T10:25:10","guid":{"rendered":"https:\/\/itasavonuusyrityskeskus.fi\/?p=4704"},"modified":"2023-06-20T13:26:38","modified_gmt":"2023-06-20T10:26:38","slug":"kysyva-ei-tielta-eksy","status":"publish","type":"post","link":"https:\/\/itasavonuusyrityskeskus.fi\/en\/kysyva-ei-tielta-eksy\/","title":{"rendered":"Kysyv\u00e4 ei tielt\u00e4 eksy"},"content":{"rendered":"<p>Kun t\u00e4m\u00e4n p\u00e4iv\u00e4n yritt\u00e4j\u00e4\u00e4 ajatellaan, her\u00e4\u00e4 usein kysymys, miten h\u00e4n p\u00e4rj\u00e4\u00e4 arjessa. Se, miten yritt\u00e4jyyteen p\u00e4\u00e4dyt\u00e4\u00e4n, vaikuttaa oleellisesti siihen, miten yritys menestyy ja kehittyy.<\/p>\n<p>Yritt\u00e4jyyteen voi johtaa kutsumus, oma intressi, sukupolven vaihdos tai ty\u00f6tilanteen muutos, jolloin yritt\u00e4j\u00e4ksi ryhdyt\u00e4\u00e4n irtisanomisen kautta. Kaikissa n\u00e4iss\u00e4 tapauksissa on yritt\u00e4j\u00e4n suhtautumistapa ratkaiseva: se miten h\u00e4n kokee yritt\u00e4jyyden, ohjaako sit\u00e4 palava into ja onko yritt\u00e4j\u00e4 valmis ottamaan vastaan toisten neuvoja. Kaiken takana tulee olla tahtotila, joka vie eteenp\u00e4in ja takaa yritt\u00e4j\u00e4lle elannon.<\/p>\n<h2>Yritt\u00e4j\u00e4 on vastuussa yrityksens\u00e4 kehittymisest\u00e4<\/h2>\n<p>Kun yritys aloittaa toimintansa, on sille teht\u00e4v\u00e4 liiketoimintasuunnitelma ja siihen liittyv\u00e4 budjetti. Meille jokaiselle raha-asiat ovat hyvin henkil\u00f6kohtaisia asioita eik\u00e4 niist\u00e4 keskusteleminen ole aina helppoa. On silti ensiarvoisen t\u00e4rke\u00e4t\u00e4, ett\u00e4 voi jakaa jonkun kanssa my\u00f6s tilinp\u00e4\u00e4t\u00f6stiedot ja tutkiskella eri syit\u00e4 yrityksen taloudellisen tilanteen arvioimiseksi. T\u00e4llainen ulkopuolinen taloudellisen tilanteen l\u00e4pik\u00e4ynti toisen henkil\u00f6n kanssa voi tuoda yrityksen toiminnalle jatkuvuutta ja n\u00e4kemyst\u00e4 eri rahoitusvaihtoehdoista. Usein kun kertoo ongelmasta jollekin, niin siin\u00e4 keskusteltaessa asia avautuu uudella lailla my\u00f6s itselle.<\/p>\n<p>Jokainen yritt\u00e4j\u00e4 on lis\u00e4ksi vastuussa oman yrityksens\u00e4 kehittymisest\u00e4, johtamisesta. Johtaminen on kuitenkin monelle pienyritt\u00e4j\u00e4lle vieraalta tuntuva sana. Mutta ilman johtajuutta yritys ajautuu karikolle. Ei riit\u00e4, ett\u00e4 yritt\u00e4j\u00e4 kehitt\u00e4\u00e4 vain oman alansa taitoja, on my\u00f6s osattava kuunnella asiakasta: millaisia kokemuksia asiakkailla on yrityksen toiminnasta ja yrityksest\u00e4. N\u00e4ill\u00e4 asiakaskokemuksilla on valtava merkitys t\u00e4m\u00e4n p\u00e4iv\u00e4n yritysmaailmassa, koska tarjonta, alalla kuin alalla, lis\u00e4\u00e4ntyy ja asiakkaan k\u00e4ytt\u00f6tottumukset muuttuvat. Asiakask\u00e4ytt\u00e4ytymisest\u00e4kin on hyv\u00e4 luottamuksella keskustella jonkun toisen kanssa, saada vahvistusta siihen, mitk\u00e4 kaikki asiat ovat vaikuttaneet saatuun palautteeseen ja onko palaute oikeudenmukaista.<\/p>\n<h2>Yksinyritt\u00e4j\u00e4nk\u00e4\u00e4n ei tarvitse j\u00e4\u00e4d\u00e4 yksin<\/h2>\n<p>Suurin osa mikroyrityksist\u00e4 on yhden hengen yrityksi\u00e4 ja samalla yritt\u00e4j\u00e4t kokevat olevansa yksin\u00e4isi\u00e4. Ei v\u00e4ltt\u00e4m\u00e4tt\u00e4 ole hallitusta, joka patistaisi tekem\u00e4\u00e4n vuosisuunnitelmaa tai edes kunnon budjettiseurantaa. On ehk\u00e4 eletty k\u00e4dest\u00e4 suuhun -systeemill\u00e4 ja yrityksen kehitt\u00e4minenkin on saattanut j\u00e4\u00e4d\u00e4. Asioita ei kuitenkaan tarvitse hautoa yksin eik\u00e4 neuvojen kysymist\u00e4 kannata lyk\u00e4t\u00e4 liian pitk\u00e4lle. On hyv\u00e4 saada apua jo ennen kuin tili on tyhj\u00e4 tai itse sairastuu. Toisaalta my\u00f6s hyvin menestyv\u00e4 yritt\u00e4j\u00e4 voi kaivata vertaistukea tekemiselleen.<\/p>\n<p>Apua ja tukea saa esimerkiksi\u00a0<a href=\"https:\/\/www.yrityskummit.fi\/fi\/etusivu\" target=\"_blank\" rel=\"noreferrer noopener\">Suomen yrityskummeilta<\/a>. Yrityskummit ovat kokeneita yritt\u00e4j\u00e4henkisi\u00e4 ihmisi\u00e4, joilla on halu kehitt\u00e4\u00e4 yrityksen liiketoimintaa sek\u00e4 tukea yritt\u00e4j\u00e4\u00e4 p\u00e4\u00e4t\u00f6ksenteossa. T\u00e4ysin luottamuksella ja maksuttomasti. Apua kannattaa pyyt\u00e4\u00e4 \u2013 kysyv\u00e4 ei tielt\u00e4 eksy.<\/p>\n<p>Kirjoittanut: yrityskummi ja Suomen Yrityskummit ry:n hallituksen j\u00e4sen, <strong>Timo Rajakaltio<\/strong><strong>.<\/strong><br \/>\nAlkuper\u00e4isen tekstin l\u00f6yd\u00e4t:\u00a0<a href=\"https:\/\/uusyrityskeskus.fi\/blogi\/kysyja-ei-tielta-eksy\/\">Uusyrityskeskus \/ kysyj\u00e4 ei tielt\u00e4 eksy<\/a><\/p>\n","protected":false},"excerpt":{"rendered":"<p>Kun t\u00e4m\u00e4n p\u00e4iv\u00e4n yritt\u00e4j\u00e4\u00e4 ajatellaan, her\u00e4\u00e4 usein kysymys, miten h\u00e4n p\u00e4rj\u00e4\u00e4 arjessa. Se, miten yritt\u00e4jyyteen p\u00e4\u00e4dyt\u00e4\u00e4n, vaikuttaa oleellisesti siihen, miten yritys menestyy ja&#8230;<\/p>\n","protected":false},"author":3,"featured_media":4714,"comment_status":"closed","ping_status":"closed","sticky":false,"template":"","format":"standard","meta":{"footnotes":""},"categories":[28],"tags":[],"class_list":["post-4704","post","type-post","status-publish","format-standard","has-post-thumbnail","hentry","category-all","dg_entrepreneur_category-yrittajille","dg_entrepreneur_category-yrityksen-perustamista-harkitseville","dg_entrepreneur_category-yrityksesta-luopuvat"],"yoast_head":"<!-- This site is optimized with the Yoast SEO plugin v27.5 - https:\/\/yoast.com\/product\/yoast-seo-wordpress\/ -->\n<title>Kysyv\u00e4 ei tielt\u00e4 eksy - It\u00e4-Savon Uusyrityskeskus<\/title>\n<meta name=\"robots\" content=\"index, follow, max-snippet:-1, max-image-preview:large, max-video-preview:-1\" \/>\n<link rel=\"canonical\" href=\"https:\/\/itasavonuusyrityskeskus.fi\/kysyva-ei-tielta-eksy\/\" \/>\n<meta property=\"og:locale\" content=\"en_US\" \/>\n<meta property=\"og:type\" content=\"article\" \/>\n<meta property=\"og:title\" content=\"Kysyv\u00e4 ei tielt\u00e4 eksy - It\u00e4-Savon Uusyrityskeskus\" \/>\n<meta property=\"og:description\" content=\"Kun t\u00e4m\u00e4n p\u00e4iv\u00e4n yritt\u00e4j\u00e4\u00e4 ajatellaan, her\u00e4\u00e4 usein kysymys, miten h\u00e4n p\u00e4rj\u00e4\u00e4 arjessa. Se, miten yritt\u00e4jyyteen p\u00e4\u00e4dyt\u00e4\u00e4n, vaikuttaa oleellisesti siihen, miten yritys menestyy ja...\" \/>\n<meta property=\"og:url\" content=\"https:\/\/itasavonuusyrityskeskus.fi\/kysyva-ei-tielta-eksy\/\" \/>\n<meta property=\"og:site_name\" content=\"It\u00e4-Savon Uusyrityskeskus\" \/>\n<meta property=\"article:publisher\" content=\"https:\/\/www.facebook.com\/isuyk\/\" \/>\n<meta property=\"article:author\" content=\"https:\/\/www.facebook.com\/isuyk\" \/>\n<meta property=\"article:published_time\" content=\"2023-06-20T10:25:10+00:00\" \/>\n<meta property=\"article:modified_time\" content=\"2023-06-20T10:26:38+00:00\" \/>\n<meta property=\"og:image\" content=\"https:\/\/itasavonuusyrityskeskus.fi\/wp-content\/uploads\/2023\/06\/nettisivuille-kansikuvia-68.png\" \/>\n\t<meta property=\"og:image:width\" content=\"1920\" \/>\n\t<meta property=\"og:image:height\" content=\"700\" \/>\n\t<meta property=\"og:image:type\" content=\"image\/png\" \/>\n<meta name=\"author\" content=\"It\u00e4-Savon Uusyrityskeskus\" \/>\n<meta name=\"twitter:card\" content=\"summary_large_image\" \/>\n<meta name=\"twitter:label1\" content=\"Written by\" \/>\n\t<meta name=\"twitter:data1\" content=\"It\u00e4-Savon Uusyrityskeskus\" \/>\n\t<meta name=\"twitter:label2\" content=\"Est. reading time\" \/>\n\t<meta name=\"twitter:data2\" content=\"3 minutes\" \/>\n<script type=\"application\/ld+json\" class=\"yoast-schema-graph\">{\"@context\":\"https:\\\/\\\/schema.org\",\"@graph\":[{\"@type\":\"Article\",\"@id\":\"https:\\\/\\\/itasavonuusyrityskeskus.fi\\\/kysyva-ei-tielta-eksy\\\/#article\",\"isPartOf\":{\"@id\":\"https:\\\/\\\/itasavonuusyrityskeskus.fi\\\/kysyva-ei-tielta-eksy\\\/\"},\"author\":{\"name\":\"It\u00e4-Savon Uusyrityskeskus\",\"@id\":\"https:\\\/\\\/itasavonuusyrityskeskus.fi\\\/#\\\/schema\\\/person\\\/cb907743384ed05a34e24507870e18ef\"},\"headline\":\"Kysyv\u00e4 ei tielt\u00e4 eksy\",\"datePublished\":\"2023-06-20T10:25:10+00:00\",\"dateModified\":\"2023-06-20T10:26:38+00:00\",\"mainEntityOfPage\":{\"@id\":\"https:\\\/\\\/itasavonuusyrityskeskus.fi\\\/kysyva-ei-tielta-eksy\\\/\"},\"wordCount\":457,\"publisher\":{\"@id\":\"https:\\\/\\\/itasavonuusyrityskeskus.fi\\\/#organization\"},\"image\":{\"@id\":\"https:\\\/\\\/itasavonuusyrityskeskus.fi\\\/kysyva-ei-tielta-eksy\\\/#primaryimage\"},\"thumbnailUrl\":\"https:\\\/\\\/itasavonuusyrityskeskus.fi\\\/wp-content\\\/uploads\\\/2023\\\/06\\\/nettisivuille-kansikuvia-68.png\",\"articleSection\":[\"All\"],\"inLanguage\":\"en-US\"},{\"@type\":\"WebPage\",\"@id\":\"https:\\\/\\\/itasavonuusyrityskeskus.fi\\\/kysyva-ei-tielta-eksy\\\/\",\"url\":\"https:\\\/\\\/itasavonuusyrityskeskus.fi\\\/kysyva-ei-tielta-eksy\\\/\",\"name\":\"Kysyv\u00e4 ei tielt\u00e4 eksy - It\u00e4-Savon Uusyrityskeskus\",\"isPartOf\":{\"@id\":\"https:\\\/\\\/itasavonuusyrityskeskus.fi\\\/#website\"},\"primaryImageOfPage\":{\"@id\":\"https:\\\/\\\/itasavonuusyrityskeskus.fi\\\/kysyva-ei-tielta-eksy\\\/#primaryimage\"},\"image\":{\"@id\":\"https:\\\/\\\/itasavonuusyrityskeskus.fi\\\/kysyva-ei-tielta-eksy\\\/#primaryimage\"},\"thumbnailUrl\":\"https:\\\/\\\/itasavonuusyrityskeskus.fi\\\/wp-content\\\/uploads\\\/2023\\\/06\\\/nettisivuille-kansikuvia-68.png\",\"datePublished\":\"2023-06-20T10:25:10+00:00\",\"dateModified\":\"2023-06-20T10:26:38+00:00\",\"inLanguage\":\"en-US\",\"potentialAction\":[{\"@type\":\"ReadAction\",\"target\":[\"https:\\\/\\\/itasavonuusyrityskeskus.fi\\\/kysyva-ei-tielta-eksy\\\/\"]}]},{\"@type\":\"ImageObject\",\"inLanguage\":\"en-US\",\"@id\":\"https:\\\/\\\/itasavonuusyrityskeskus.fi\\\/kysyva-ei-tielta-eksy\\\/#primaryimage\",\"url\":\"https:\\\/\\\/itasavonuusyrityskeskus.fi\\\/wp-content\\\/uploads\\\/2023\\\/06\\\/nettisivuille-kansikuvia-68.png\",\"contentUrl\":\"https:\\\/\\\/itasavonuusyrityskeskus.fi\\\/wp-content\\\/uploads\\\/2023\\\/06\\\/nettisivuille-kansikuvia-68.png\",\"width\":1920,\"height\":700},{\"@type\":\"WebSite\",\"@id\":\"https:\\\/\\\/itasavonuusyrityskeskus.fi\\\/#website\",\"url\":\"https:\\\/\\\/itasavonuusyrityskeskus.fi\\\/\",\"name\":\"It\u00e4-Savon Uusyrityskeskus\",\"description\":\"Yritt\u00e4jyyden alkutaipaleen neuvontapalvelut Savonlinnan seudulla\",\"publisher\":{\"@id\":\"https:\\\/\\\/itasavonuusyrityskeskus.fi\\\/#organization\"},\"potentialAction\":[{\"@type\":\"SearchAction\",\"target\":{\"@type\":\"EntryPoint\",\"urlTemplate\":\"https:\\\/\\\/itasavonuusyrityskeskus.fi\\\/?s={search_term_string}\"},\"query-input\":{\"@type\":\"PropertyValueSpecification\",\"valueRequired\":true,\"valueName\":\"search_term_string\"}}],\"inLanguage\":\"en-US\"},{\"@type\":\"Organization\",\"@id\":\"https:\\\/\\\/itasavonuusyrityskeskus.fi\\\/#organization\",\"name\":\"It\u00e4-Savon Uusyrityskeskus\",\"url\":\"https:\\\/\\\/itasavonuusyrityskeskus.fi\\\/\",\"logo\":{\"@type\":\"ImageObject\",\"inLanguage\":\"en-US\",\"@id\":\"https:\\\/\\\/itasavonuusyrityskeskus.fi\\\/#\\\/schema\\\/logo\\\/image\\\/\",\"url\":\"https:\\\/\\\/itasavonuusyrityskeskus.fi\\\/wp-content\\\/uploads\\\/2021\\\/09\\\/logo-isuyk.png\",\"contentUrl\":\"https:\\\/\\\/itasavonuusyrityskeskus.fi\\\/wp-content\\\/uploads\\\/2021\\\/09\\\/logo-isuyk.png\",\"width\":400,\"height\":137,\"caption\":\"It\u00e4-Savon Uusyrityskeskus\"},\"image\":{\"@id\":\"https:\\\/\\\/itasavonuusyrityskeskus.fi\\\/#\\\/schema\\\/logo\\\/image\\\/\"},\"sameAs\":[\"https:\\\/\\\/www.facebook.com\\\/isuyk\\\/\"]},{\"@type\":\"Person\",\"@id\":\"https:\\\/\\\/itasavonuusyrityskeskus.fi\\\/#\\\/schema\\\/person\\\/cb907743384ed05a34e24507870e18ef\",\"name\":\"It\u00e4-Savon Uusyrityskeskus\",\"sameAs\":[\"https:\\\/\\\/www.facebook.com\\\/isuyk\",\"https:\\\/\\\/www.instagram.com\\\/itasavonuusyrityskeskus\\\/\",\"https:\\\/\\\/www.linkedin.com\\\/company\\\/it-savon-uusyrityskeskus-ry\\\/\",\"https:\\\/\\\/www.youtube.com\\\/channel\\\/UC2iXSOU7DN9D-DMDfmYN-Yg\"]}]}<\/script>\n<!-- \/ Yoast SEO plugin. -->","yoast_head_json":{"title":"Kysyv\u00e4 ei tielt\u00e4 eksy - It\u00e4-Savon Uusyrityskeskus","robots":{"index":"index","follow":"follow","max-snippet":"max-snippet:-1","max-image-preview":"max-image-preview:large","max-video-preview":"max-video-preview:-1"},"canonical":"https:\/\/itasavonuusyrityskeskus.fi\/kysyva-ei-tielta-eksy\/","og_locale":"en_US","og_type":"article","og_title":"Kysyv\u00e4 ei tielt\u00e4 eksy - It\u00e4-Savon Uusyrityskeskus","og_description":"Kun t\u00e4m\u00e4n p\u00e4iv\u00e4n yritt\u00e4j\u00e4\u00e4 ajatellaan, her\u00e4\u00e4 usein kysymys, miten h\u00e4n p\u00e4rj\u00e4\u00e4 arjessa. Se, miten yritt\u00e4jyyteen p\u00e4\u00e4dyt\u00e4\u00e4n, vaikuttaa oleellisesti siihen, miten yritys menestyy ja...","og_url":"https:\/\/itasavonuusyrityskeskus.fi\/kysyva-ei-tielta-eksy\/","og_site_name":"It\u00e4-Savon Uusyrityskeskus","article_publisher":"https:\/\/www.facebook.com\/isuyk\/","article_author":"https:\/\/www.facebook.com\/isuyk","article_published_time":"2023-06-20T10:25:10+00:00","article_modified_time":"2023-06-20T10:26:38+00:00","og_image":[{"width":1920,"height":700,"url":"https:\/\/itasavonuusyrityskeskus.fi\/wp-content\/uploads\/2023\/06\/nettisivuille-kansikuvia-68.png","type":"image\/png"}],"author":"It\u00e4-Savon Uusyrityskeskus","twitter_card":"summary_large_image","twitter_misc":{"Written by":"It\u00e4-Savon Uusyrityskeskus","Est. reading time":"3 minutes"},"schema":{"@context":"https:\/\/schema.org","@graph":[{"@type":"Article","@id":"https:\/\/itasavonuusyrityskeskus.fi\/kysyva-ei-tielta-eksy\/#article","isPartOf":{"@id":"https:\/\/itasavonuusyrityskeskus.fi\/kysyva-ei-tielta-eksy\/"},"author":{"name":"It\u00e4-Savon Uusyrityskeskus","@id":"https:\/\/itasavonuusyrityskeskus.fi\/#\/schema\/person\/cb907743384ed05a34e24507870e18ef"},"headline":"Kysyv\u00e4 ei tielt\u00e4 eksy","datePublished":"2023-06-20T10:25:10+00:00","dateModified":"2023-06-20T10:26:38+00:00","mainEntityOfPage":{"@id":"https:\/\/itasavonuusyrityskeskus.fi\/kysyva-ei-tielta-eksy\/"},"wordCount":457,"publisher":{"@id":"https:\/\/itasavonuusyrityskeskus.fi\/#organization"},"image":{"@id":"https:\/\/itasavonuusyrityskeskus.fi\/kysyva-ei-tielta-eksy\/#primaryimage"},"thumbnailUrl":"https:\/\/itasavonuusyrityskeskus.fi\/wp-content\/uploads\/2023\/06\/nettisivuille-kansikuvia-68.png","articleSection":["All"],"inLanguage":"en-US"},{"@type":"WebPage","@id":"https:\/\/itasavonuusyrityskeskus.fi\/kysyva-ei-tielta-eksy\/","url":"https:\/\/itasavonuusyrityskeskus.fi\/kysyva-ei-tielta-eksy\/","name":"Kysyv\u00e4 ei tielt\u00e4 eksy - It\u00e4-Savon Uusyrityskeskus","isPartOf":{"@id":"https:\/\/itasavonuusyrityskeskus.fi\/#website"},"primaryImageOfPage":{"@id":"https:\/\/itasavonuusyrityskeskus.fi\/kysyva-ei-tielta-eksy\/#primaryimage"},"image":{"@id":"https:\/\/itasavonuusyrityskeskus.fi\/kysyva-ei-tielta-eksy\/#primaryimage"},"thumbnailUrl":"https:\/\/itasavonuusyrityskeskus.fi\/wp-content\/uploads\/2023\/06\/nettisivuille-kansikuvia-68.png","datePublished":"2023-06-20T10:25:10+00:00","dateModified":"2023-06-20T10:26:38+00:00","inLanguage":"en-US","potentialAction":[{"@type":"ReadAction","target":["https:\/\/itasavonuusyrityskeskus.fi\/kysyva-ei-tielta-eksy\/"]}]},{"@type":"ImageObject","inLanguage":"en-US","@id":"https:\/\/itasavonuusyrityskeskus.fi\/kysyva-ei-tielta-eksy\/#primaryimage","url":"https:\/\/itasavonuusyrityskeskus.fi\/wp-content\/uploads\/2023\/06\/nettisivuille-kansikuvia-68.png","contentUrl":"https:\/\/itasavonuusyrityskeskus.fi\/wp-content\/uploads\/2023\/06\/nettisivuille-kansikuvia-68.png","width":1920,"height":700},{"@type":"WebSite","@id":"https:\/\/itasavonuusyrityskeskus.fi\/#website","url":"https:\/\/itasavonuusyrityskeskus.fi\/","name":"It\u00e4-Savon Uusyrityskeskus","description":"Yritt\u00e4jyyden alkutaipaleen neuvontapalvelut Savonlinnan seudulla","publisher":{"@id":"https:\/\/itasavonuusyrityskeskus.fi\/#organization"},"potentialAction":[{"@type":"SearchAction","target":{"@type":"EntryPoint","urlTemplate":"https:\/\/itasavonuusyrityskeskus.fi\/?s={search_term_string}"},"query-input":{"@type":"PropertyValueSpecification","valueRequired":true,"valueName":"search_term_string"}}],"inLanguage":"en-US"},{"@type":"Organization","@id":"https:\/\/itasavonuusyrityskeskus.fi\/#organization","name":"It\u00e4-Savon Uusyrityskeskus","url":"https:\/\/itasavonuusyrityskeskus.fi\/","logo":{"@type":"ImageObject","inLanguage":"en-US","@id":"https:\/\/itasavonuusyrityskeskus.fi\/#\/schema\/logo\/image\/","url":"https:\/\/itasavonuusyrityskeskus.fi\/wp-content\/uploads\/2021\/09\/logo-isuyk.png","contentUrl":"https:\/\/itasavonuusyrityskeskus.fi\/wp-content\/uploads\/2021\/09\/logo-isuyk.png","width":400,"height":137,"caption":"It\u00e4-Savon Uusyrityskeskus"},"image":{"@id":"https:\/\/itasavonuusyrityskeskus.fi\/#\/schema\/logo\/image\/"},"sameAs":["https:\/\/www.facebook.com\/isuyk\/"]},{"@type":"Person","@id":"https:\/\/itasavonuusyrityskeskus.fi\/#\/schema\/person\/cb907743384ed05a34e24507870e18ef","name":"It\u00e4-Savon Uusyrityskeskus","sameAs":["https:\/\/www.facebook.com\/isuyk","https:\/\/www.instagram.com\/itasavonuusyrityskeskus\/","https:\/\/www.linkedin.com\/company\/it-savon-uusyrityskeskus-ry\/","https:\/\/www.youtube.com\/channel\/UC2iXSOU7DN9D-DMDfmYN-Yg"]}]}},"_links":{"self":[{"href":"https:\/\/itasavonuusyrityskeskus.fi\/en\/wp-json\/wp\/v2\/posts\/4704","targetHints":{"allow":["GET"]}}],"collection":[{"href":"https:\/\/itasavonuusyrityskeskus.fi\/en\/wp-json\/wp\/v2\/posts"}],"about":[{"href":"https:\/\/itasavonuusyrityskeskus.fi\/en\/wp-json\/wp\/v2\/types\/post"}],"author":[{"embeddable":true,"href":"https:\/\/itasavonuusyrityskeskus.fi\/en\/wp-json\/wp\/v2\/users\/3"}],"replies":[{"embeddable":true,"href":"https:\/\/itasavonuusyrityskeskus.fi\/en\/wp-json\/wp\/v2\/comments?post=4704"}],"version-history":[{"count":1,"href":"https:\/\/itasavonuusyrityskeskus.fi\/en\/wp-json\/wp\/v2\/posts\/4704\/revisions"}],"predecessor-version":[{"id":4713,"href":"https:\/\/itasavonuusyrityskeskus.fi\/en\/wp-json\/wp\/v2\/posts\/4704\/revisions\/4713"}],"wp:featuredmedia":[{"embeddable":true,"href":"https:\/\/itasavonuusyrityskeskus.fi\/en\/wp-json\/wp\/v2\/media\/4714"}],"wp:attachment":[{"href":"https:\/\/itasavonuusyrityskeskus.fi\/en\/wp-json\/wp\/v2\/media?parent=4704"}],"wp:term":[{"taxonomy":"category","embeddable":true,"href":"https:\/\/itasavonuusyrityskeskus.fi\/en\/wp-json\/wp\/v2\/categories?post=4704"},{"taxonomy":"post_tag","embeddable":true,"href":"https:\/\/itasavonuusyrityskeskus.fi\/en\/wp-json\/wp\/v2\/tags?post=4704"}],"curies":[{"name":"wp","href":"https:\/\/api.w.org\/{rel}","templated":true}]}}