{"id":4795,"date":"2023-08-10T09:12:50","date_gmt":"2023-08-10T06:12:50","guid":{"rendered":"https:\/\/itasavonuusyrityskeskus.fi\/?p=4795"},"modified":"2023-08-10T09:12:50","modified_gmt":"2023-08-10T06:12:50","slug":"tekoaly-voi-vieda-kohti-unelmiesi-yritysta","status":"publish","type":"post","link":"https:\/\/itasavonuusyrityskeskus.fi\/en\/tekoaly-voi-vieda-kohti-unelmiesi-yritysta\/","title":{"rendered":"Teko\u00e4ly voi vied\u00e4 kohti unelmiesi yrityst\u00e4"},"content":{"rendered":"<p><strong>Teko\u00e4ly on jo t\u00e4\u00e4ll\u00e4, halusimmepa tai emme. Koska teko\u00e4ly on joka tapauksessa l\u00e4sn\u00e4, kannattaa siit\u00e4 ottaa kaikki hy\u00f6ty irti. On silti syyt\u00e4 muistaa vanha sananlasku \u201dTuli on hyv\u00e4 renki, mutta huono is\u00e4nt\u00e4\u201d \u2013 teko\u00e4lyyn p\u00e4tee sama viisaus. \u00c4l\u00e4 ulkoista teko\u00e4lylle koko ajatteluasi, mutta anna sen olla avuksi ja nouki siit\u00e4 parhaat palat.<\/strong><\/p>\n<p>My\u00f6s yrityst\u00e4 perustaessasi voit valjastaa teko\u00e4lyn k\u00e4ytt\u00f6\u00f6si. Mieti kuitenkin ensin itse mik\u00e4 on liikeideasi: mit\u00e4 yrityksesi tekee, mit\u00e4 myyt ja ketk\u00e4 ovat asiakkaitasi. Kirjaa asioita yl\u00f6s vaikkapa ranskalaisin viivoin. Jos koet niin sanottua tyhj\u00e4n paperin kammoa ja varsinaisen liiketoimintasuunnitelman pukeminen kirjalliseen muotoon tuntuu ylitsep\u00e4\u00e4sem\u00e4tt\u00f6m\u00e4n vaikealta, teko\u00e4ly (esim. ChatGPT) voi auttaa sinut alkuun.<\/p>\n<h2 class=\"wp-block-heading\">Jalosta teko\u00e4lyn aikaansaannosta ja tarkista faktat<\/h2>\n<p>Kerro teko\u00e4lyohjelmalle liikeideastasi ja kas, tuota pikaa sinulla on raakile liiketoimintasuunnitelmasta, jota voit ryhty\u00e4 jalostamaan eteenp\u00e4in. \u00c4l\u00e4 k\u00e4yt\u00e4 teko\u00e4lyn tuottamaa teksti\u00e4 sellaisenaan, vaan muokkaa siit\u00e4 oma versiosi yksityiskohtia tarkentamalla ja lis\u00e4\u00e4m\u00e4ll\u00e4. Tarkista faktat my\u00f6s muista l\u00e4hteist\u00e4. Valmista ei tarvitse tulla kerralla, vaan voit palata suunnitelmaasi my\u00f6hemmin ja t\u00e4ydent\u00e4\u00e4 sit\u00e4 tarpeen mukaan.<\/p>\n<p>Liiketoimintasuunnitelman tulisi sis\u00e4lt\u00e4\u00e4 seuraavat osa-alueet:<\/p>\n<ul>\n<li>yrityksen perustiedot<\/li>\n<li>liikeidean kuvaus<\/li>\n<li>osaaminen<\/li>\n<li>SWOT-analyysi<\/li>\n<li>tuotteet ja palvelut<\/li>\n<li>asiakkaat<\/li>\n<li>markkinat ja kilpailijat<\/li>\n<li>myynti ja markkinointi<\/li>\n<li>liiketoiminnan tavoitteet<\/li>\n<li>riskien hallinta<\/li>\n<li>oma yrityksesi<\/li>\n<li>taloushallinto ja sopimukset<\/li>\n<\/ul>\n<p>Liiketoimintasuunnitelman yhteyteen liitet\u00e4\u00e4n lis\u00e4ksi ainakin\u00a0<a href=\"https:\/\/uusyrityskeskus.fi\/yrityksen-suunnittelu\/kannattavuuslaskelmat\/\">rahoitus-, kannattavuus- ja myyntilaskelmat<\/a>. Hyv\u00e4 liiketoimintasuunnitelma toimii paitsi tiekarttana yritystoiminnan aloittamiseen, my\u00f6s ty\u00f6kaluna liiketoiminnan kehitt\u00e4miseen. Tarvitset sit\u00e4 my\u00f6s rahoittajia ja liiketoimintakumppaneita varten.<\/p>\n<h2 class=\"wp-block-heading\">Lis\u00e4\u00e4 sparrausta ja apua saat uusyrityskeskuksesta<\/h2>\n<p>Kun liiketoimintasuunnitelmasi on tehtyn\u00e4 \u2013 joko teko\u00e4lyn avustamana tai ilman \u2013 ota yhteytt\u00e4\u00a0<a href=\"https:\/\/uusyrityskeskus.fi\/apua-yrittajyyteen\/alueelliset-keskukset\/\">oman alueesi uusyrityskeskukseen<\/a>. Uusyrityskeskuksen tarjoama palvelu on sinulle maksutonta. Asiantunteva yritysneuvoja k\u00e4y kanssasi l\u00e4pi suunnitelman ja siihen liittyv\u00e4t laskelmat. Saat neuvoja, sparrausta ja tarvittaessa ohjauksen edelleen esimerkiksi tilitoimiston tai lakimiehen juttusille. Jos liikeideasi kantaa, unelmasi on jo piirun verran l\u00e4hemp\u00e4n\u00e4 toteutumistaan.<\/p>\n<p>Kirjoittanut: verkostokoordinaattori Suomen Uusyrityskeskukset ry:st\u00e4, <strong>Anna Laaksonen.<\/strong><br \/>\nAlkuper\u00e4isen tekstin l\u00f6yd\u00e4t:\u00a0<a href=\"https:\/\/uusyrityskeskus.fi\/blogi\/tekoaly-voi-vieda-kohti-unelmiesi-yritysta\/\">Uusyrityskeskus \/ teko\u00e4ly voi vied\u00e4 kohti unelmiesi yrityst\u00e4<\/a><\/p>\n","protected":false},"excerpt":{"rendered":"<p>Teko\u00e4ly on jo t\u00e4\u00e4ll\u00e4, halusimmepa tai emme. Koska teko\u00e4ly on joka tapauksessa l\u00e4sn\u00e4, kannattaa siit\u00e4 ottaa kaikki hy\u00f6ty irti. On silti syyt\u00e4 muistaa&#8230;<\/p>\n","protected":false},"author":3,"featured_media":4796,"comment_status":"closed","ping_status":"closed","sticky":false,"template":"","format":"standard","meta":{"footnotes":""},"categories":[1],"tags":[],"class_list":["post-4795","post","type-post","status-publish","format-standard","has-post-thumbnail","hentry","category-yleinen","dg_entrepreneur_category-yrittajille"],"yoast_head":"<!-- This site is optimized with the Yoast SEO plugin v27.5 - https:\/\/yoast.com\/product\/yoast-seo-wordpress\/ -->\n<title>Teko\u00e4ly voi vied\u00e4 kohti unelmiesi yrityst\u00e4 - It\u00e4-Savon Uusyrityskeskus<\/title>\n<meta name=\"robots\" content=\"index, follow, max-snippet:-1, max-image-preview:large, max-video-preview:-1\" \/>\n<link rel=\"canonical\" href=\"https:\/\/itasavonuusyrityskeskus.fi\/tekoaly-voi-vieda-kohti-unelmiesi-yritysta\/\" \/>\n<meta property=\"og:locale\" content=\"en_US\" \/>\n<meta property=\"og:type\" content=\"article\" \/>\n<meta property=\"og:title\" content=\"Teko\u00e4ly voi vied\u00e4 kohti unelmiesi yrityst\u00e4 - It\u00e4-Savon Uusyrityskeskus\" \/>\n<meta property=\"og:description\" content=\"Teko\u00e4ly on jo t\u00e4\u00e4ll\u00e4, halusimmepa tai emme. Koska teko\u00e4ly on joka tapauksessa l\u00e4sn\u00e4, kannattaa siit\u00e4 ottaa kaikki hy\u00f6ty irti. On silti syyt\u00e4 muistaa...\" \/>\n<meta property=\"og:url\" content=\"https:\/\/itasavonuusyrityskeskus.fi\/tekoaly-voi-vieda-kohti-unelmiesi-yritysta\/\" \/>\n<meta property=\"og:site_name\" content=\"It\u00e4-Savon Uusyrityskeskus\" \/>\n<meta property=\"article:publisher\" content=\"https:\/\/www.facebook.com\/isuyk\/\" \/>\n<meta property=\"article:author\" content=\"https:\/\/www.facebook.com\/isuyk\" \/>\n<meta property=\"article:published_time\" content=\"2023-08-10T06:12:50+00:00\" \/>\n<meta property=\"og:image\" content=\"https:\/\/itasavonuusyrityskeskus.fi\/wp-content\/uploads\/2023\/08\/nettisivuille-kansikuvia-79-1024x373.png\" \/>\n\t<meta property=\"og:image:width\" content=\"1024\" \/>\n\t<meta property=\"og:image:height\" content=\"373\" \/>\n\t<meta property=\"og:image:type\" content=\"image\/png\" \/>\n<meta name=\"author\" content=\"It\u00e4-Savon Uusyrityskeskus\" \/>\n<meta name=\"twitter:card\" content=\"summary_large_image\" \/>\n<meta name=\"twitter:label1\" content=\"Written by\" \/>\n\t<meta name=\"twitter:data1\" content=\"It\u00e4-Savon Uusyrityskeskus\" \/>\n\t<meta name=\"twitter:label2\" content=\"Est. reading time\" \/>\n\t<meta name=\"twitter:data2\" content=\"2 minutes\" \/>\n<script type=\"application\/ld+json\" class=\"yoast-schema-graph\">{\"@context\":\"https:\\\/\\\/schema.org\",\"@graph\":[{\"@type\":\"Article\",\"@id\":\"https:\\\/\\\/itasavonuusyrityskeskus.fi\\\/tekoaly-voi-vieda-kohti-unelmiesi-yritysta\\\/#article\",\"isPartOf\":{\"@id\":\"https:\\\/\\\/itasavonuusyrityskeskus.fi\\\/tekoaly-voi-vieda-kohti-unelmiesi-yritysta\\\/\"},\"author\":{\"name\":\"It\u00e4-Savon Uusyrityskeskus\",\"@id\":\"https:\\\/\\\/itasavonuusyrityskeskus.fi\\\/#\\\/schema\\\/person\\\/cb907743384ed05a34e24507870e18ef\"},\"headline\":\"Teko\u00e4ly voi vied\u00e4 kohti unelmiesi yrityst\u00e4\",\"datePublished\":\"2023-08-10T06:12:50+00:00\",\"mainEntityOfPage\":{\"@id\":\"https:\\\/\\\/itasavonuusyrityskeskus.fi\\\/tekoaly-voi-vieda-kohti-unelmiesi-yritysta\\\/\"},\"wordCount\":348,\"publisher\":{\"@id\":\"https:\\\/\\\/itasavonuusyrityskeskus.fi\\\/#organization\"},\"image\":{\"@id\":\"https:\\\/\\\/itasavonuusyrityskeskus.fi\\\/tekoaly-voi-vieda-kohti-unelmiesi-yritysta\\\/#primaryimage\"},\"thumbnailUrl\":\"https:\\\/\\\/itasavonuusyrityskeskus.fi\\\/wp-content\\\/uploads\\\/2023\\\/08\\\/nettisivuille-kansikuvia-79.png\",\"articleSection\":[\"Yleinen\"],\"inLanguage\":\"en-US\"},{\"@type\":\"WebPage\",\"@id\":\"https:\\\/\\\/itasavonuusyrityskeskus.fi\\\/tekoaly-voi-vieda-kohti-unelmiesi-yritysta\\\/\",\"url\":\"https:\\\/\\\/itasavonuusyrityskeskus.fi\\\/tekoaly-voi-vieda-kohti-unelmiesi-yritysta\\\/\",\"name\":\"Teko\u00e4ly voi vied\u00e4 kohti unelmiesi yrityst\u00e4 - It\u00e4-Savon Uusyrityskeskus\",\"isPartOf\":{\"@id\":\"https:\\\/\\\/itasavonuusyrityskeskus.fi\\\/#website\"},\"primaryImageOfPage\":{\"@id\":\"https:\\\/\\\/itasavonuusyrityskeskus.fi\\\/tekoaly-voi-vieda-kohti-unelmiesi-yritysta\\\/#primaryimage\"},\"image\":{\"@id\":\"https:\\\/\\\/itasavonuusyrityskeskus.fi\\\/tekoaly-voi-vieda-kohti-unelmiesi-yritysta\\\/#primaryimage\"},\"thumbnailUrl\":\"https:\\\/\\\/itasavonuusyrityskeskus.fi\\\/wp-content\\\/uploads\\\/2023\\\/08\\\/nettisivuille-kansikuvia-79.png\",\"datePublished\":\"2023-08-10T06:12:50+00:00\",\"inLanguage\":\"en-US\",\"potentialAction\":[{\"@type\":\"ReadAction\",\"target\":[\"https:\\\/\\\/itasavonuusyrityskeskus.fi\\\/tekoaly-voi-vieda-kohti-unelmiesi-yritysta\\\/\"]}]},{\"@type\":\"ImageObject\",\"inLanguage\":\"en-US\",\"@id\":\"https:\\\/\\\/itasavonuusyrityskeskus.fi\\\/tekoaly-voi-vieda-kohti-unelmiesi-yritysta\\\/#primaryimage\",\"url\":\"https:\\\/\\\/itasavonuusyrityskeskus.fi\\\/wp-content\\\/uploads\\\/2023\\\/08\\\/nettisivuille-kansikuvia-79.png\",\"contentUrl\":\"https:\\\/\\\/itasavonuusyrityskeskus.fi\\\/wp-content\\\/uploads\\\/2023\\\/08\\\/nettisivuille-kansikuvia-79.png\",\"width\":1920,\"height\":700},{\"@type\":\"WebSite\",\"@id\":\"https:\\\/\\\/itasavonuusyrityskeskus.fi\\\/#website\",\"url\":\"https:\\\/\\\/itasavonuusyrityskeskus.fi\\\/\",\"name\":\"It\u00e4-Savon Uusyrityskeskus\",\"description\":\"Yritt\u00e4jyyden alkutaipaleen neuvontapalvelut Savonlinnan seudulla\",\"publisher\":{\"@id\":\"https:\\\/\\\/itasavonuusyrityskeskus.fi\\\/#organization\"},\"potentialAction\":[{\"@type\":\"SearchAction\",\"target\":{\"@type\":\"EntryPoint\",\"urlTemplate\":\"https:\\\/\\\/itasavonuusyrityskeskus.fi\\\/?s={search_term_string}\"},\"query-input\":{\"@type\":\"PropertyValueSpecification\",\"valueRequired\":true,\"valueName\":\"search_term_string\"}}],\"inLanguage\":\"en-US\"},{\"@type\":\"Organization\",\"@id\":\"https:\\\/\\\/itasavonuusyrityskeskus.fi\\\/#organization\",\"name\":\"It\u00e4-Savon Uusyrityskeskus\",\"url\":\"https:\\\/\\\/itasavonuusyrityskeskus.fi\\\/\",\"logo\":{\"@type\":\"ImageObject\",\"inLanguage\":\"en-US\",\"@id\":\"https:\\\/\\\/itasavonuusyrityskeskus.fi\\\/#\\\/schema\\\/logo\\\/image\\\/\",\"url\":\"https:\\\/\\\/itasavonuusyrityskeskus.fi\\\/wp-content\\\/uploads\\\/2021\\\/09\\\/logo-isuyk.png\",\"contentUrl\":\"https:\\\/\\\/itasavonuusyrityskeskus.fi\\\/wp-content\\\/uploads\\\/2021\\\/09\\\/logo-isuyk.png\",\"width\":400,\"height\":137,\"caption\":\"It\u00e4-Savon Uusyrityskeskus\"},\"image\":{\"@id\":\"https:\\\/\\\/itasavonuusyrityskeskus.fi\\\/#\\\/schema\\\/logo\\\/image\\\/\"},\"sameAs\":[\"https:\\\/\\\/www.facebook.com\\\/isuyk\\\/\"]},{\"@type\":\"Person\",\"@id\":\"https:\\\/\\\/itasavonuusyrityskeskus.fi\\\/#\\\/schema\\\/person\\\/cb907743384ed05a34e24507870e18ef\",\"name\":\"It\u00e4-Savon Uusyrityskeskus\",\"sameAs\":[\"https:\\\/\\\/www.facebook.com\\\/isuyk\",\"https:\\\/\\\/www.instagram.com\\\/itasavonuusyrityskeskus\\\/\",\"https:\\\/\\\/www.linkedin.com\\\/company\\\/it-savon-uusyrityskeskus-ry\\\/\",\"https:\\\/\\\/www.youtube.com\\\/channel\\\/UC2iXSOU7DN9D-DMDfmYN-Yg\"]}]}<\/script>\n<!-- \/ Yoast SEO plugin. -->","yoast_head_json":{"title":"Teko\u00e4ly voi vied\u00e4 kohti unelmiesi yrityst\u00e4 - It\u00e4-Savon Uusyrityskeskus","robots":{"index":"index","follow":"follow","max-snippet":"max-snippet:-1","max-image-preview":"max-image-preview:large","max-video-preview":"max-video-preview:-1"},"canonical":"https:\/\/itasavonuusyrityskeskus.fi\/tekoaly-voi-vieda-kohti-unelmiesi-yritysta\/","og_locale":"en_US","og_type":"article","og_title":"Teko\u00e4ly voi vied\u00e4 kohti unelmiesi yrityst\u00e4 - It\u00e4-Savon Uusyrityskeskus","og_description":"Teko\u00e4ly on jo t\u00e4\u00e4ll\u00e4, halusimmepa tai emme. Koska teko\u00e4ly on joka tapauksessa l\u00e4sn\u00e4, kannattaa siit\u00e4 ottaa kaikki hy\u00f6ty irti. On silti syyt\u00e4 muistaa...","og_url":"https:\/\/itasavonuusyrityskeskus.fi\/tekoaly-voi-vieda-kohti-unelmiesi-yritysta\/","og_site_name":"It\u00e4-Savon Uusyrityskeskus","article_publisher":"https:\/\/www.facebook.com\/isuyk\/","article_author":"https:\/\/www.facebook.com\/isuyk","article_published_time":"2023-08-10T06:12:50+00:00","og_image":[{"width":1024,"height":373,"url":"https:\/\/itasavonuusyrityskeskus.fi\/wp-content\/uploads\/2023\/08\/nettisivuille-kansikuvia-79-1024x373.png","type":"image\/png"}],"author":"It\u00e4-Savon Uusyrityskeskus","twitter_card":"summary_large_image","twitter_misc":{"Written by":"It\u00e4-Savon Uusyrityskeskus","Est. reading time":"2 minutes"},"schema":{"@context":"https:\/\/schema.org","@graph":[{"@type":"Article","@id":"https:\/\/itasavonuusyrityskeskus.fi\/tekoaly-voi-vieda-kohti-unelmiesi-yritysta\/#article","isPartOf":{"@id":"https:\/\/itasavonuusyrityskeskus.fi\/tekoaly-voi-vieda-kohti-unelmiesi-yritysta\/"},"author":{"name":"It\u00e4-Savon Uusyrityskeskus","@id":"https:\/\/itasavonuusyrityskeskus.fi\/#\/schema\/person\/cb907743384ed05a34e24507870e18ef"},"headline":"Teko\u00e4ly voi vied\u00e4 kohti unelmiesi yrityst\u00e4","datePublished":"2023-08-10T06:12:50+00:00","mainEntityOfPage":{"@id":"https:\/\/itasavonuusyrityskeskus.fi\/tekoaly-voi-vieda-kohti-unelmiesi-yritysta\/"},"wordCount":348,"publisher":{"@id":"https:\/\/itasavonuusyrityskeskus.fi\/#organization"},"image":{"@id":"https:\/\/itasavonuusyrityskeskus.fi\/tekoaly-voi-vieda-kohti-unelmiesi-yritysta\/#primaryimage"},"thumbnailUrl":"https:\/\/itasavonuusyrityskeskus.fi\/wp-content\/uploads\/2023\/08\/nettisivuille-kansikuvia-79.png","articleSection":["Yleinen"],"inLanguage":"en-US"},{"@type":"WebPage","@id":"https:\/\/itasavonuusyrityskeskus.fi\/tekoaly-voi-vieda-kohti-unelmiesi-yritysta\/","url":"https:\/\/itasavonuusyrityskeskus.fi\/tekoaly-voi-vieda-kohti-unelmiesi-yritysta\/","name":"Teko\u00e4ly voi vied\u00e4 kohti unelmiesi yrityst\u00e4 - It\u00e4-Savon Uusyrityskeskus","isPartOf":{"@id":"https:\/\/itasavonuusyrityskeskus.fi\/#website"},"primaryImageOfPage":{"@id":"https:\/\/itasavonuusyrityskeskus.fi\/tekoaly-voi-vieda-kohti-unelmiesi-yritysta\/#primaryimage"},"image":{"@id":"https:\/\/itasavonuusyrityskeskus.fi\/tekoaly-voi-vieda-kohti-unelmiesi-yritysta\/#primaryimage"},"thumbnailUrl":"https:\/\/itasavonuusyrityskeskus.fi\/wp-content\/uploads\/2023\/08\/nettisivuille-kansikuvia-79.png","datePublished":"2023-08-10T06:12:50+00:00","inLanguage":"en-US","potentialAction":[{"@type":"ReadAction","target":["https:\/\/itasavonuusyrityskeskus.fi\/tekoaly-voi-vieda-kohti-unelmiesi-yritysta\/"]}]},{"@type":"ImageObject","inLanguage":"en-US","@id":"https:\/\/itasavonuusyrityskeskus.fi\/tekoaly-voi-vieda-kohti-unelmiesi-yritysta\/#primaryimage","url":"https:\/\/itasavonuusyrityskeskus.fi\/wp-content\/uploads\/2023\/08\/nettisivuille-kansikuvia-79.png","contentUrl":"https:\/\/itasavonuusyrityskeskus.fi\/wp-content\/uploads\/2023\/08\/nettisivuille-kansikuvia-79.png","width":1920,"height":700},{"@type":"WebSite","@id":"https:\/\/itasavonuusyrityskeskus.fi\/#website","url":"https:\/\/itasavonuusyrityskeskus.fi\/","name":"It\u00e4-Savon Uusyrityskeskus","description":"Yritt\u00e4jyyden alkutaipaleen neuvontapalvelut Savonlinnan seudulla","publisher":{"@id":"https:\/\/itasavonuusyrityskeskus.fi\/#organization"},"potentialAction":[{"@type":"SearchAction","target":{"@type":"EntryPoint","urlTemplate":"https:\/\/itasavonuusyrityskeskus.fi\/?s={search_term_string}"},"query-input":{"@type":"PropertyValueSpecification","valueRequired":true,"valueName":"search_term_string"}}],"inLanguage":"en-US"},{"@type":"Organization","@id":"https:\/\/itasavonuusyrityskeskus.fi\/#organization","name":"It\u00e4-Savon Uusyrityskeskus","url":"https:\/\/itasavonuusyrityskeskus.fi\/","logo":{"@type":"ImageObject","inLanguage":"en-US","@id":"https:\/\/itasavonuusyrityskeskus.fi\/#\/schema\/logo\/image\/","url":"https:\/\/itasavonuusyrityskeskus.fi\/wp-content\/uploads\/2021\/09\/logo-isuyk.png","contentUrl":"https:\/\/itasavonuusyrityskeskus.fi\/wp-content\/uploads\/2021\/09\/logo-isuyk.png","width":400,"height":137,"caption":"It\u00e4-Savon Uusyrityskeskus"},"image":{"@id":"https:\/\/itasavonuusyrityskeskus.fi\/#\/schema\/logo\/image\/"},"sameAs":["https:\/\/www.facebook.com\/isuyk\/"]},{"@type":"Person","@id":"https:\/\/itasavonuusyrityskeskus.fi\/#\/schema\/person\/cb907743384ed05a34e24507870e18ef","name":"It\u00e4-Savon Uusyrityskeskus","sameAs":["https:\/\/www.facebook.com\/isuyk","https:\/\/www.instagram.com\/itasavonuusyrityskeskus\/","https:\/\/www.linkedin.com\/company\/it-savon-uusyrityskeskus-ry\/","https:\/\/www.youtube.com\/channel\/UC2iXSOU7DN9D-DMDfmYN-Yg"]}]}},"_links":{"self":[{"href":"https:\/\/itasavonuusyrityskeskus.fi\/en\/wp-json\/wp\/v2\/posts\/4795","targetHints":{"allow":["GET"]}}],"collection":[{"href":"https:\/\/itasavonuusyrityskeskus.fi\/en\/wp-json\/wp\/v2\/posts"}],"about":[{"href":"https:\/\/itasavonuusyrityskeskus.fi\/en\/wp-json\/wp\/v2\/types\/post"}],"author":[{"embeddable":true,"href":"https:\/\/itasavonuusyrityskeskus.fi\/en\/wp-json\/wp\/v2\/users\/3"}],"replies":[{"embeddable":true,"href":"https:\/\/itasavonuusyrityskeskus.fi\/en\/wp-json\/wp\/v2\/comments?post=4795"}],"version-history":[{"count":1,"href":"https:\/\/itasavonuusyrityskeskus.fi\/en\/wp-json\/wp\/v2\/posts\/4795\/revisions"}],"predecessor-version":[{"id":4798,"href":"https:\/\/itasavonuusyrityskeskus.fi\/en\/wp-json\/wp\/v2\/posts\/4795\/revisions\/4798"}],"wp:featuredmedia":[{"embeddable":true,"href":"https:\/\/itasavonuusyrityskeskus.fi\/en\/wp-json\/wp\/v2\/media\/4796"}],"wp:attachment":[{"href":"https:\/\/itasavonuusyrityskeskus.fi\/en\/wp-json\/wp\/v2\/media?parent=4795"}],"wp:term":[{"taxonomy":"category","embeddable":true,"href":"https:\/\/itasavonuusyrityskeskus.fi\/en\/wp-json\/wp\/v2\/categories?post=4795"},{"taxonomy":"post_tag","embeddable":true,"href":"https:\/\/itasavonuusyrityskeskus.fi\/en\/wp-json\/wp\/v2\/tags?post=4795"}],"curies":[{"name":"wp","href":"https:\/\/api.w.org\/{rel}","templated":true}]}}