{"id":5592,"date":"2024-01-19T11:33:15","date_gmt":"2024-01-19T09:33:15","guid":{"rendered":"https:\/\/itasavonuusyrityskeskus.fi\/?p=5592"},"modified":"2024-01-19T11:33:15","modified_gmt":"2024-01-19T09:33:15","slug":"uusien-yritysten-perustannasta-ja-omistajanvaihdoksista-vuonna-2023-savonlinnan-alueella","status":"publish","type":"post","link":"https:\/\/itasavonuusyrityskeskus.fi\/en\/uusien-yritysten-perustannasta-ja-omistajanvaihdoksista-vuonna-2023-savonlinnan-alueella\/","title":{"rendered":"Uusien yritysten perustannasta ja omistajanvaihdoksista vuonna 2023 Savonlinnan alueella"},"content":{"rendered":"<h2>Vuoden 2023 toimintamme tuloksia &#8211; aloittavien yritt\u00e4jien, p\u00e4\u00e4toimisen liiketoiminnan k\u00e4ynnistysvaiheessa sek\u00e4 omistajanvaihdostilanteissa olevien yritysten osalta on koottu t\u00e4h\u00e4n tiedotteeseen.<\/h2>\n<h3><strong>K\u00e4ynnistysvaiheessa olevien yritt\u00e4jien\/yritysten neuvonta<\/strong><\/h3>\n<p>Vuonna 2023 aloittavien yritt\u00e4jien ja k\u00e4ynnist\u00e4misvaiheessa olevien yritysten valmennusta sai kauttamme 214 asiakasta. M\u00e4\u00e4r\u00e4 on l\u00e4hes kaksinkertainen, liki sata asiakasta enemm\u00e4n, edelliseen vuoteen verrattuna. Henkil\u00f6- ja yrityskohtaisia neuvontatapahtumia oli 733 ja n\u00e4iden lis\u00e4ksi tulee k\u00e4ynnist\u00e4misvaiheessa olevien (0-2 v.) yritysten kontaktoinnit. Nousua on edist\u00e4nyt panostuksemme k\u00e4ynnist\u00e4misvaiheessa olevien yritysten tavoittamiseksi ja yleisen kiinnostuksen lis\u00e4\u00e4ntyminen yritt\u00e4jyytt\u00e4 kohtaan (ep\u00e4varma talous- ja ty\u00f6llisyystilanne lis\u00e4\u00e4v\u00e4t yritt\u00e4jyyden vetovoimaa).<\/p>\n<p><em>\u201dAsiakasm\u00e4\u00e4r\u00e4mme kasvoi viime vuonna reilulla kolmanneksella ja tavoitimme paljon uusia asiakkaita kaikissa asiakasryhmiss\u00e4mme. Neuvonnan tarve luonnollisesti lis\u00e4\u00e4ntyy haastavina aikoina; punnitaan pidemp\u00e4\u00e4n liikeideaa ja sen kannattavuutta, tehd\u00e4\u00e4n tarkemmat suunnitelmat ja varasuunnitelmat, kartoitetaan eri rahoitusvaihtoehtoja ja niiden yhdistelmi\u00e4, ker\u00e4t\u00e4\u00e4n henkil\u00f6kohtaista rohkeutta ja riskisietokyky\u00e4 sek\u00e4 pyrit\u00e4\u00e4n ker\u00e4\u00e4m\u00e4\u00e4n heikkojakin signaaleja ymp\u00e4rist\u00f6st\u00e4 tulevaisuuden n\u00e4kymien kartoittamiseksi. Mm. n\u00e4iss\u00e4 asioissa olemme voineet olla asiakkaidemme apuna yli 700 kertaa viime vuoden aikana\u201d. Kertoo toimitusjohtaja-yritysvalmentaja Katja Remes.<\/em><\/p>\n<p>Toiminta-alueellamme (Savonlinna, Sulkava, Enonkoski) rekisterintiin kaupparekisteriin 163 uutta yrityst\u00e4 (pl. alkutuotanto, yhti\u00f6muodon vaihdokset, kiinteist\u00f6osakeyhti\u00f6t).<strong> M\u00e4\u00e4r\u00e4 on liki 11 % enemm\u00e4n kuin vuonna 2022.<\/strong> (Vrt. Koko vuodelta ei valtakunnallisia tilastoja ole viel\u00e4 k\u00e4ytett\u00e4viss\u00e4, mutta alkuvuonna perustettujen m\u00e4\u00e4r\u00e4 oli n. 4 % laskussa koko maata tarkasteltaessa.) ISUYK:n asiakkaita perustaneista oli 69 (42 %). Havaintona n\u00e4ist\u00e4 muutoin perustetuista yrityksist\u00e4 nostan esille vahvan sarjayritt\u00e4jyyden kasvun. Moni n\u00e4ist\u00e4 yrityksist\u00e4 oli perustettu jo yritt\u00e4j\u00e4n\u00e4 toimivien tahojen toimesta. T\u00e4m\u00e4 ilmi\u00f6 kannattaa huomioida my\u00f6s siin\u00e4 mieless\u00e4, ett\u00e4 yrityksen kasvu ei v\u00e4ltt\u00e4m\u00e4tt\u00e4 tapahdu yhden y-tunnuksen sis\u00e4ll\u00e4 vaan toiminnan laajentumista varten perustetaan uusia yrityksi\u00e4.<\/p>\n<p>Uusiin yrityksiin arvioidaan syntyneen yhteens\u00e4 reilut 200 uutta ty\u00f6paikka (yritt\u00e4j\u00e4\/yritt\u00e4j\u00e4t mukaan lukien), mist\u00e4 noin puolet ISUYK:n asiakkaiden perustamiin yrityksiin. Asiakasyritystemme k\u00e4ynnist\u00e4misvaiheen investointien m\u00e4\u00e4r\u00e4ksi on arvoitu 1,8 milj. euroa.<\/p>\n<h3><strong>Kevytyritt\u00e4jyys<\/strong><\/h3>\n<p>Kaupparekisteriin rekister\u00f6ityjen yritysten lis\u00e4ksi useat henkil\u00f6t toimivat ns. kevytyritt\u00e4jin\u00e4. Uusia y-tunnuksellisia kevytyritt\u00e4ji\u00e4 on tullut 39 ja ilman omaa y-tunnusta eli laskutusfirmojen y-tunnuksella operoivien m\u00e4\u00e4r\u00e4 on edelleen lis\u00e4\u00e4ntynyt arviomme mukaan useilla kymmenill\u00e4. Yritt\u00e4jyyden uudet muodot ovat suosittuja ja sivutoiminen yritt\u00e4jyys on kasvanut kaikissa ik\u00e4ryhmiss\u00e4 ja erilaisissa el\u00e4m\u00e4ntilanteissa.<\/p>\n<h3><strong>Yritysten omistajanvaihdokset<\/strong><\/h3>\n<p><strong>Vuonna 2023 olimme mukana 19:ss\u00e4 yrityksen omistajanvaihdoksessa<\/strong>. M\u00e4\u00e4r\u00e4 on hieman matalampi pariin edelliseen vuoteen verrattuna. Omistajanvaihdosprosesseissa\/-neuvonnassa mukana oli kuitenkin sama m\u00e4\u00e4r\u00e4 yrityksi\u00e4 kuin aikaisempina vuosina (n. 100 yrityst\u00e4 vuosittain). Pienempi osuus prosesseista vain p\u00e4\u00e4tyi omistajanvaihdokseen vuonna 2023 ja suuremman osan kanssa jatkamme edelleen ty\u00f6t\u00e4 vaihdoksen onnistumiseksi.<\/p>\n<p><strong>Toteutuneiden omistajanvaihdosten my\u00f6t\u00e4 alueella on arvioitu s\u00e4ilyneen 60 ty\u00f6paikkaa ja niihin kytkeytyneen investointeja 2,1 miljoonan euron arvosta.<\/strong><\/p>\n<p>Omistajanvaihdosneuvonnan tarve ei ole v\u00e4hentynyt vaan p\u00e4invastoin, haastavina aikoina onnistuneiden omistajavaihdosten eteen on tarvittu ja tarvitaan entist\u00e4 enemm\u00e4n panostuksia. Omistajanvaihdosten toteutuminen on alueellemme jatkossakin merkitt\u00e4v\u00e4 tekij\u00e4 mm. verokertym\u00e4n, investointien, ty\u00f6llisyyden kun palvelutarjonnan s\u00e4ilymisen n\u00e4k\u00f6kulmista.<\/p>\n<p><em>\u201dKiinnostuksen lis\u00e4\u00e4ntymisest\u00e4 ostettavia yrityksi\u00e4\/liiketoimintoja kohtaan on hiljaisemman loppuvuoden j\u00e4lkeen n\u00e4ht\u00e4viss\u00e4, joten myynti\u00e4 pohtivien yritt\u00e4jien kannattaa nyt edist\u00e4\u00e4 asiaa \u2013 omistajanvaihdokset ovat joka tapauksessa melko pitki\u00e4 prosesseja.\u201d<\/em> sanoo Remes.<\/p>\n<h3><strong>Muuta toiminnastamme<\/strong><\/h3>\n<p>Asiakkailtamme saatu palaute on ollut p\u00e4\u00e4asiassa positiivista; arvosana 4,84 (asteikolla 1\u20135) sek\u00e4 suositteluindeksi NPS 94,7.<\/p>\n<p>Seuraavista viestint\u00e4kanavistamme l\u00f6yd\u00e4t lis\u00e4tietoja meist\u00e4 ja palveluistamme:<\/p>\n<p>Kotisivut: <a href=\"https:\/\/itasavonuusyrityskeskus.fi\/\">https:\/\/itasavonuusyrityskeskus.fi\/<\/a><br \/>\nInstagram: <a href=\"https:\/\/www.instagram.com\/itasavonuusyrityskeskus\/\">https:\/\/www.instagram.com\/itasavonuusyrityskeskus\/<\/a><br \/>\nFacebook: <a href=\"https:\/\/www.facebook.com\/isuyk\">https:\/\/www.facebook.com\/isuyk<\/a><br \/>\nLinkedin: <a href=\"https:\/\/www.linkedin.com\/company\/80074929\/admin\/feed\/posts\/\">It\u00e4-Savon Uusyrityskeskus ry: Company Page Admin | LinkedIn<\/a><br \/>\nYoutube: <a href=\"https:\/\/www.youtube.com\/channel\/UC2iXSOU7DN9D-DMDfmYN-Yg\">It\u00e4-Savon Uusyrityskeskus &#8211; YouTube<\/a><\/p>\n<p><strong>It\u00e4-Savon Uusyrityskeskus ry:n palvelut ovat my\u00f6s vuonna 2024 k\u00e4ytett\u00e4viss\u00e4 savonlinnalaisille, enonkoskelaisille ja sulkavalaisille yritt\u00e4jyytt\u00e4 suunnitteleville henkil\u00f6ille sek\u00e4 yritt\u00e4jyyden k\u00e4ynnistys- ja omistajanvaihdostilanteissa oleville yritt\u00e4jille maksutta, luottamuksellisena ja asiantuntevien yritysneuvojiemme tuottamana. <\/strong><\/p>\n<p><em>Kirjoittanut:\u00a0Katja Remes, It\u00e4-Savon Uusyrityskeskus ry:n toimitusjohtaja-yritysvalmentaja<\/em><\/p>\n","protected":false},"excerpt":{"rendered":"<p>Vuoden 2023 toimintamme tuloksia &#8211; aloittavien yritt\u00e4jien, p\u00e4\u00e4toimisen liiketoiminnan k\u00e4ynnistysvaiheessa sek\u00e4 omistajanvaihdostilanteissa olevien yritysten osalta on koottu t\u00e4h\u00e4n tiedotteeseen. K\u00e4ynnistysvaiheessa olevien yritt\u00e4jien\/yritysten neuvonta&#8230;<\/p>\n","protected":false},"author":3,"featured_media":5594,"comment_status":"closed","ping_status":"closed","sticky":false,"template":"","format":"standard","meta":{"footnotes":""},"categories":[28],"tags":[],"class_list":["post-5592","post","type-post","status-publish","format-standard","has-post-thumbnail","hentry","category-all","dg_entrepreneur_category-yrittajille","dg_entrepreneur_category-yrityksen-perustamista-harkitseville"],"yoast_head":"<!-- This site is optimized with the Yoast SEO plugin v27.5 - https:\/\/yoast.com\/product\/yoast-seo-wordpress\/ -->\n<title>Uusien yritysten perustannasta ja omistajanvaihdoksista vuonna 2023 Savonlinnan alueella - It\u00e4-Savon Uusyrityskeskus<\/title>\n<meta name=\"robots\" content=\"index, follow, max-snippet:-1, max-image-preview:large, max-video-preview:-1\" \/>\n<link rel=\"canonical\" href=\"https:\/\/itasavonuusyrityskeskus.fi\/uusien-yritysten-perustannasta-ja-omistajanvaihdoksista-vuonna-2023-savonlinnan-alueella\/\" \/>\n<meta property=\"og:locale\" content=\"en_US\" \/>\n<meta property=\"og:type\" content=\"article\" \/>\n<meta property=\"og:title\" content=\"Uusien yritysten perustannasta ja omistajanvaihdoksista vuonna 2023 Savonlinnan alueella - It\u00e4-Savon Uusyrityskeskus\" \/>\n<meta property=\"og:description\" content=\"Vuoden 2023 toimintamme tuloksia &#8211; aloittavien yritt\u00e4jien, p\u00e4\u00e4toimisen liiketoiminnan k\u00e4ynnistysvaiheessa sek\u00e4 omistajanvaihdostilanteissa olevien yritysten osalta on koottu t\u00e4h\u00e4n tiedotteeseen. K\u00e4ynnistysvaiheessa olevien yritt\u00e4jien\/yritysten neuvonta...\" \/>\n<meta property=\"og:url\" content=\"https:\/\/itasavonuusyrityskeskus.fi\/uusien-yritysten-perustannasta-ja-omistajanvaihdoksista-vuonna-2023-savonlinnan-alueella\/\" \/>\n<meta property=\"og:site_name\" content=\"It\u00e4-Savon Uusyrityskeskus\" \/>\n<meta property=\"article:publisher\" content=\"https:\/\/www.facebook.com\/isuyk\/\" \/>\n<meta property=\"article:author\" content=\"https:\/\/www.facebook.com\/isuyk\" \/>\n<meta property=\"article:published_time\" content=\"2024-01-19T09:33:15+00:00\" \/>\n<meta property=\"og:image\" content=\"https:\/\/itasavonuusyrityskeskus.fi\/wp-content\/uploads\/2024\/01\/nettisivuille-kansikuvia-97.png\" \/>\n\t<meta property=\"og:image:width\" content=\"1920\" \/>\n\t<meta property=\"og:image:height\" content=\"700\" \/>\n\t<meta property=\"og:image:type\" content=\"image\/png\" \/>\n<meta name=\"author\" content=\"It\u00e4-Savon Uusyrityskeskus\" \/>\n<meta name=\"twitter:card\" content=\"summary_large_image\" \/>\n<meta name=\"twitter:label1\" content=\"Written by\" \/>\n\t<meta name=\"twitter:data1\" content=\"It\u00e4-Savon Uusyrityskeskus\" \/>\n\t<meta name=\"twitter:label2\" content=\"Est. reading time\" \/>\n\t<meta name=\"twitter:data2\" content=\"4 minutes\" \/>\n<script type=\"application\/ld+json\" class=\"yoast-schema-graph\">{\"@context\":\"https:\\\/\\\/schema.org\",\"@graph\":[{\"@type\":\"Article\",\"@id\":\"https:\\\/\\\/itasavonuusyrityskeskus.fi\\\/uusien-yritysten-perustannasta-ja-omistajanvaihdoksista-vuonna-2023-savonlinnan-alueella\\\/#article\",\"isPartOf\":{\"@id\":\"https:\\\/\\\/itasavonuusyrityskeskus.fi\\\/uusien-yritysten-perustannasta-ja-omistajanvaihdoksista-vuonna-2023-savonlinnan-alueella\\\/\"},\"author\":{\"name\":\"It\u00e4-Savon Uusyrityskeskus\",\"@id\":\"https:\\\/\\\/itasavonuusyrityskeskus.fi\\\/#\\\/schema\\\/person\\\/cb907743384ed05a34e24507870e18ef\"},\"headline\":\"Uusien yritysten perustannasta ja omistajanvaihdoksista vuonna 2023 Savonlinnan alueella\",\"datePublished\":\"2024-01-19T09:33:15+00:00\",\"mainEntityOfPage\":{\"@id\":\"https:\\\/\\\/itasavonuusyrityskeskus.fi\\\/uusien-yritysten-perustannasta-ja-omistajanvaihdoksista-vuonna-2023-savonlinnan-alueella\\\/\"},\"wordCount\":648,\"publisher\":{\"@id\":\"https:\\\/\\\/itasavonuusyrityskeskus.fi\\\/#organization\"},\"image\":{\"@id\":\"https:\\\/\\\/itasavonuusyrityskeskus.fi\\\/uusien-yritysten-perustannasta-ja-omistajanvaihdoksista-vuonna-2023-savonlinnan-alueella\\\/#primaryimage\"},\"thumbnailUrl\":\"https:\\\/\\\/itasavonuusyrityskeskus.fi\\\/wp-content\\\/uploads\\\/2024\\\/01\\\/nettisivuille-kansikuvia-97.png\",\"articleSection\":[\"All\"],\"inLanguage\":\"en-US\"},{\"@type\":\"WebPage\",\"@id\":\"https:\\\/\\\/itasavonuusyrityskeskus.fi\\\/uusien-yritysten-perustannasta-ja-omistajanvaihdoksista-vuonna-2023-savonlinnan-alueella\\\/\",\"url\":\"https:\\\/\\\/itasavonuusyrityskeskus.fi\\\/uusien-yritysten-perustannasta-ja-omistajanvaihdoksista-vuonna-2023-savonlinnan-alueella\\\/\",\"name\":\"Uusien yritysten perustannasta ja omistajanvaihdoksista vuonna 2023 Savonlinnan alueella - It\u00e4-Savon Uusyrityskeskus\",\"isPartOf\":{\"@id\":\"https:\\\/\\\/itasavonuusyrityskeskus.fi\\\/#website\"},\"primaryImageOfPage\":{\"@id\":\"https:\\\/\\\/itasavonuusyrityskeskus.fi\\\/uusien-yritysten-perustannasta-ja-omistajanvaihdoksista-vuonna-2023-savonlinnan-alueella\\\/#primaryimage\"},\"image\":{\"@id\":\"https:\\\/\\\/itasavonuusyrityskeskus.fi\\\/uusien-yritysten-perustannasta-ja-omistajanvaihdoksista-vuonna-2023-savonlinnan-alueella\\\/#primaryimage\"},\"thumbnailUrl\":\"https:\\\/\\\/itasavonuusyrityskeskus.fi\\\/wp-content\\\/uploads\\\/2024\\\/01\\\/nettisivuille-kansikuvia-97.png\",\"datePublished\":\"2024-01-19T09:33:15+00:00\",\"inLanguage\":\"en-US\",\"potentialAction\":[{\"@type\":\"ReadAction\",\"target\":[\"https:\\\/\\\/itasavonuusyrityskeskus.fi\\\/uusien-yritysten-perustannasta-ja-omistajanvaihdoksista-vuonna-2023-savonlinnan-alueella\\\/\"]}]},{\"@type\":\"ImageObject\",\"inLanguage\":\"en-US\",\"@id\":\"https:\\\/\\\/itasavonuusyrityskeskus.fi\\\/uusien-yritysten-perustannasta-ja-omistajanvaihdoksista-vuonna-2023-savonlinnan-alueella\\\/#primaryimage\",\"url\":\"https:\\\/\\\/itasavonuusyrityskeskus.fi\\\/wp-content\\\/uploads\\\/2024\\\/01\\\/nettisivuille-kansikuvia-97.png\",\"contentUrl\":\"https:\\\/\\\/itasavonuusyrityskeskus.fi\\\/wp-content\\\/uploads\\\/2024\\\/01\\\/nettisivuille-kansikuvia-97.png\",\"width\":1920,\"height\":700},{\"@type\":\"WebSite\",\"@id\":\"https:\\\/\\\/itasavonuusyrityskeskus.fi\\\/#website\",\"url\":\"https:\\\/\\\/itasavonuusyrityskeskus.fi\\\/\",\"name\":\"It\u00e4-Savon Uusyrityskeskus\",\"description\":\"Yritt\u00e4jyyden alkutaipaleen neuvontapalvelut Savonlinnan seudulla\",\"publisher\":{\"@id\":\"https:\\\/\\\/itasavonuusyrityskeskus.fi\\\/#organization\"},\"potentialAction\":[{\"@type\":\"SearchAction\",\"target\":{\"@type\":\"EntryPoint\",\"urlTemplate\":\"https:\\\/\\\/itasavonuusyrityskeskus.fi\\\/?s={search_term_string}\"},\"query-input\":{\"@type\":\"PropertyValueSpecification\",\"valueRequired\":true,\"valueName\":\"search_term_string\"}}],\"inLanguage\":\"en-US\"},{\"@type\":\"Organization\",\"@id\":\"https:\\\/\\\/itasavonuusyrityskeskus.fi\\\/#organization\",\"name\":\"It\u00e4-Savon Uusyrityskeskus\",\"url\":\"https:\\\/\\\/itasavonuusyrityskeskus.fi\\\/\",\"logo\":{\"@type\":\"ImageObject\",\"inLanguage\":\"en-US\",\"@id\":\"https:\\\/\\\/itasavonuusyrityskeskus.fi\\\/#\\\/schema\\\/logo\\\/image\\\/\",\"url\":\"https:\\\/\\\/itasavonuusyrityskeskus.fi\\\/wp-content\\\/uploads\\\/2021\\\/09\\\/logo-isuyk.png\",\"contentUrl\":\"https:\\\/\\\/itasavonuusyrityskeskus.fi\\\/wp-content\\\/uploads\\\/2021\\\/09\\\/logo-isuyk.png\",\"width\":400,\"height\":137,\"caption\":\"It\u00e4-Savon Uusyrityskeskus\"},\"image\":{\"@id\":\"https:\\\/\\\/itasavonuusyrityskeskus.fi\\\/#\\\/schema\\\/logo\\\/image\\\/\"},\"sameAs\":[\"https:\\\/\\\/www.facebook.com\\\/isuyk\\\/\"]},{\"@type\":\"Person\",\"@id\":\"https:\\\/\\\/itasavonuusyrityskeskus.fi\\\/#\\\/schema\\\/person\\\/cb907743384ed05a34e24507870e18ef\",\"name\":\"It\u00e4-Savon Uusyrityskeskus\",\"sameAs\":[\"https:\\\/\\\/www.facebook.com\\\/isuyk\",\"https:\\\/\\\/www.instagram.com\\\/itasavonuusyrityskeskus\\\/\",\"https:\\\/\\\/www.linkedin.com\\\/company\\\/it-savon-uusyrityskeskus-ry\\\/\",\"https:\\\/\\\/www.youtube.com\\\/channel\\\/UC2iXSOU7DN9D-DMDfmYN-Yg\"]}]}<\/script>\n<!-- \/ Yoast SEO plugin. -->","yoast_head_json":{"title":"Uusien yritysten perustannasta ja omistajanvaihdoksista vuonna 2023 Savonlinnan alueella - It\u00e4-Savon Uusyrityskeskus","robots":{"index":"index","follow":"follow","max-snippet":"max-snippet:-1","max-image-preview":"max-image-preview:large","max-video-preview":"max-video-preview:-1"},"canonical":"https:\/\/itasavonuusyrityskeskus.fi\/uusien-yritysten-perustannasta-ja-omistajanvaihdoksista-vuonna-2023-savonlinnan-alueella\/","og_locale":"en_US","og_type":"article","og_title":"Uusien yritysten perustannasta ja omistajanvaihdoksista vuonna 2023 Savonlinnan alueella - It\u00e4-Savon Uusyrityskeskus","og_description":"Vuoden 2023 toimintamme tuloksia &#8211; aloittavien yritt\u00e4jien, p\u00e4\u00e4toimisen liiketoiminnan k\u00e4ynnistysvaiheessa sek\u00e4 omistajanvaihdostilanteissa olevien yritysten osalta on koottu t\u00e4h\u00e4n tiedotteeseen. K\u00e4ynnistysvaiheessa olevien yritt\u00e4jien\/yritysten neuvonta...","og_url":"https:\/\/itasavonuusyrityskeskus.fi\/uusien-yritysten-perustannasta-ja-omistajanvaihdoksista-vuonna-2023-savonlinnan-alueella\/","og_site_name":"It\u00e4-Savon Uusyrityskeskus","article_publisher":"https:\/\/www.facebook.com\/isuyk\/","article_author":"https:\/\/www.facebook.com\/isuyk","article_published_time":"2024-01-19T09:33:15+00:00","og_image":[{"width":1920,"height":700,"url":"https:\/\/itasavonuusyrityskeskus.fi\/wp-content\/uploads\/2024\/01\/nettisivuille-kansikuvia-97.png","type":"image\/png"}],"author":"It\u00e4-Savon Uusyrityskeskus","twitter_card":"summary_large_image","twitter_misc":{"Written by":"It\u00e4-Savon Uusyrityskeskus","Est. reading time":"4 minutes"},"schema":{"@context":"https:\/\/schema.org","@graph":[{"@type":"Article","@id":"https:\/\/itasavonuusyrityskeskus.fi\/uusien-yritysten-perustannasta-ja-omistajanvaihdoksista-vuonna-2023-savonlinnan-alueella\/#article","isPartOf":{"@id":"https:\/\/itasavonuusyrityskeskus.fi\/uusien-yritysten-perustannasta-ja-omistajanvaihdoksista-vuonna-2023-savonlinnan-alueella\/"},"author":{"name":"It\u00e4-Savon Uusyrityskeskus","@id":"https:\/\/itasavonuusyrityskeskus.fi\/#\/schema\/person\/cb907743384ed05a34e24507870e18ef"},"headline":"Uusien yritysten perustannasta ja omistajanvaihdoksista vuonna 2023 Savonlinnan alueella","datePublished":"2024-01-19T09:33:15+00:00","mainEntityOfPage":{"@id":"https:\/\/itasavonuusyrityskeskus.fi\/uusien-yritysten-perustannasta-ja-omistajanvaihdoksista-vuonna-2023-savonlinnan-alueella\/"},"wordCount":648,"publisher":{"@id":"https:\/\/itasavonuusyrityskeskus.fi\/#organization"},"image":{"@id":"https:\/\/itasavonuusyrityskeskus.fi\/uusien-yritysten-perustannasta-ja-omistajanvaihdoksista-vuonna-2023-savonlinnan-alueella\/#primaryimage"},"thumbnailUrl":"https:\/\/itasavonuusyrityskeskus.fi\/wp-content\/uploads\/2024\/01\/nettisivuille-kansikuvia-97.png","articleSection":["All"],"inLanguage":"en-US"},{"@type":"WebPage","@id":"https:\/\/itasavonuusyrityskeskus.fi\/uusien-yritysten-perustannasta-ja-omistajanvaihdoksista-vuonna-2023-savonlinnan-alueella\/","url":"https:\/\/itasavonuusyrityskeskus.fi\/uusien-yritysten-perustannasta-ja-omistajanvaihdoksista-vuonna-2023-savonlinnan-alueella\/","name":"Uusien yritysten perustannasta ja omistajanvaihdoksista vuonna 2023 Savonlinnan alueella - It\u00e4-Savon Uusyrityskeskus","isPartOf":{"@id":"https:\/\/itasavonuusyrityskeskus.fi\/#website"},"primaryImageOfPage":{"@id":"https:\/\/itasavonuusyrityskeskus.fi\/uusien-yritysten-perustannasta-ja-omistajanvaihdoksista-vuonna-2023-savonlinnan-alueella\/#primaryimage"},"image":{"@id":"https:\/\/itasavonuusyrityskeskus.fi\/uusien-yritysten-perustannasta-ja-omistajanvaihdoksista-vuonna-2023-savonlinnan-alueella\/#primaryimage"},"thumbnailUrl":"https:\/\/itasavonuusyrityskeskus.fi\/wp-content\/uploads\/2024\/01\/nettisivuille-kansikuvia-97.png","datePublished":"2024-01-19T09:33:15+00:00","inLanguage":"en-US","potentialAction":[{"@type":"ReadAction","target":["https:\/\/itasavonuusyrityskeskus.fi\/uusien-yritysten-perustannasta-ja-omistajanvaihdoksista-vuonna-2023-savonlinnan-alueella\/"]}]},{"@type":"ImageObject","inLanguage":"en-US","@id":"https:\/\/itasavonuusyrityskeskus.fi\/uusien-yritysten-perustannasta-ja-omistajanvaihdoksista-vuonna-2023-savonlinnan-alueella\/#primaryimage","url":"https:\/\/itasavonuusyrityskeskus.fi\/wp-content\/uploads\/2024\/01\/nettisivuille-kansikuvia-97.png","contentUrl":"https:\/\/itasavonuusyrityskeskus.fi\/wp-content\/uploads\/2024\/01\/nettisivuille-kansikuvia-97.png","width":1920,"height":700},{"@type":"WebSite","@id":"https:\/\/itasavonuusyrityskeskus.fi\/#website","url":"https:\/\/itasavonuusyrityskeskus.fi\/","name":"It\u00e4-Savon Uusyrityskeskus","description":"Yritt\u00e4jyyden alkutaipaleen neuvontapalvelut Savonlinnan seudulla","publisher":{"@id":"https:\/\/itasavonuusyrityskeskus.fi\/#organization"},"potentialAction":[{"@type":"SearchAction","target":{"@type":"EntryPoint","urlTemplate":"https:\/\/itasavonuusyrityskeskus.fi\/?s={search_term_string}"},"query-input":{"@type":"PropertyValueSpecification","valueRequired":true,"valueName":"search_term_string"}}],"inLanguage":"en-US"},{"@type":"Organization","@id":"https:\/\/itasavonuusyrityskeskus.fi\/#organization","name":"It\u00e4-Savon Uusyrityskeskus","url":"https:\/\/itasavonuusyrityskeskus.fi\/","logo":{"@type":"ImageObject","inLanguage":"en-US","@id":"https:\/\/itasavonuusyrityskeskus.fi\/#\/schema\/logo\/image\/","url":"https:\/\/itasavonuusyrityskeskus.fi\/wp-content\/uploads\/2021\/09\/logo-isuyk.png","contentUrl":"https:\/\/itasavonuusyrityskeskus.fi\/wp-content\/uploads\/2021\/09\/logo-isuyk.png","width":400,"height":137,"caption":"It\u00e4-Savon Uusyrityskeskus"},"image":{"@id":"https:\/\/itasavonuusyrityskeskus.fi\/#\/schema\/logo\/image\/"},"sameAs":["https:\/\/www.facebook.com\/isuyk\/"]},{"@type":"Person","@id":"https:\/\/itasavonuusyrityskeskus.fi\/#\/schema\/person\/cb907743384ed05a34e24507870e18ef","name":"It\u00e4-Savon Uusyrityskeskus","sameAs":["https:\/\/www.facebook.com\/isuyk","https:\/\/www.instagram.com\/itasavonuusyrityskeskus\/","https:\/\/www.linkedin.com\/company\/it-savon-uusyrityskeskus-ry\/","https:\/\/www.youtube.com\/channel\/UC2iXSOU7DN9D-DMDfmYN-Yg"]}]}},"_links":{"self":[{"href":"https:\/\/itasavonuusyrityskeskus.fi\/en\/wp-json\/wp\/v2\/posts\/5592","targetHints":{"allow":["GET"]}}],"collection":[{"href":"https:\/\/itasavonuusyrityskeskus.fi\/en\/wp-json\/wp\/v2\/posts"}],"about":[{"href":"https:\/\/itasavonuusyrityskeskus.fi\/en\/wp-json\/wp\/v2\/types\/post"}],"author":[{"embeddable":true,"href":"https:\/\/itasavonuusyrityskeskus.fi\/en\/wp-json\/wp\/v2\/users\/3"}],"replies":[{"embeddable":true,"href":"https:\/\/itasavonuusyrityskeskus.fi\/en\/wp-json\/wp\/v2\/comments?post=5592"}],"version-history":[{"count":4,"href":"https:\/\/itasavonuusyrityskeskus.fi\/en\/wp-json\/wp\/v2\/posts\/5592\/revisions"}],"predecessor-version":[{"id":5598,"href":"https:\/\/itasavonuusyrityskeskus.fi\/en\/wp-json\/wp\/v2\/posts\/5592\/revisions\/5598"}],"wp:featuredmedia":[{"embeddable":true,"href":"https:\/\/itasavonuusyrityskeskus.fi\/en\/wp-json\/wp\/v2\/media\/5594"}],"wp:attachment":[{"href":"https:\/\/itasavonuusyrityskeskus.fi\/en\/wp-json\/wp\/v2\/media?parent=5592"}],"wp:term":[{"taxonomy":"category","embeddable":true,"href":"https:\/\/itasavonuusyrityskeskus.fi\/en\/wp-json\/wp\/v2\/categories?post=5592"},{"taxonomy":"post_tag","embeddable":true,"href":"https:\/\/itasavonuusyrityskeskus.fi\/en\/wp-json\/wp\/v2\/tags?post=5592"}],"curies":[{"name":"wp","href":"https:\/\/api.w.org\/{rel}","templated":true}]}}