{"id":5665,"date":"2024-02-14T13:42:22","date_gmt":"2024-02-14T11:42:22","guid":{"rendered":"https:\/\/itasavonuusyrityskeskus.fi\/?p=5665"},"modified":"2024-02-14T13:42:22","modified_gmt":"2024-02-14T11:42:22","slug":"tavaramerkin-oikea-kayttotapa","status":"publish","type":"post","link":"https:\/\/itasavonuusyrityskeskus.fi\/en\/tavaramerkin-oikea-kayttotapa\/","title":{"rendered":"Tavaramerkin oikea k\u00e4ytt\u00f6tapa"},"content":{"rendered":"<p>Tavaramerkin tarkoitus on erottaa haltijansa tavarat ja palvelut muiden tavaroista ja palveluista. Jotta tavaramerkki voi t\u00e4ytt\u00e4\u00e4 t\u00e4m\u00e4n teht\u00e4v\u00e4ns\u00e4, se ei saa kuvailla kyseess\u00e4 olevia tavaroita\/palveluita esimerkiksi lajin, laajuuden, hinnan tai k\u00e4ytt\u00f6tarkoituksen suhteen. Sellaista merkki\u00e4 ei voi my\u00f6sk\u00e4\u00e4n rekister\u00f6id\u00e4 tavaramerkkin\u00e4. T\u00e4st\u00e4 huolimatta moni yritys valitsee kuvailevia merkkej\u00e4, koska niiden ajatellaan helpottavan markkinointia.<\/p>\n<p>Kuvailevaan tavaramerkkiin yksinoikeuden saaminen edellytt\u00e4\u00e4, ett\u00e4 merkkiin rakennetaan erottamiskyky k\u00e4ytt\u00e4m\u00e4ll\u00e4 sit\u00e4 selke\u00e4sti merkkin\u00e4 (tunnuksena) eik\u00e4 tavalla, joka voidaan ymm\u00e4rt\u00e4\u00e4 kuvailevaksi k\u00e4yt\u00f6ksi. Kysymys on merkin ns. tavaramerkinomaisesta k\u00e4yt\u00f6st\u00e4, joka sin\u00e4ns\u00e4 koskee kaikkia tavaramerkkej\u00e4, mutta erityisesti kuvailevia merkkej\u00e4.<\/p>\n<p>Erottamiskyvyn rakentaminen merkkiin sit\u00e4 k\u00e4ytt\u00e4m\u00e4ll\u00e4 voi onnistua erityisesti silloin, kun sanaa tai sanoja, joista merkki muodostuu, ei k\u00e4yt\u00e4nn\u00f6ss\u00e4 k\u00e4ytet\u00e4 kuvailevalla tavalla ainakaan yleisesti. Sama koskee kuviomerkkej\u00e4. Mik\u00e4li sen sijaan muut tahot, esimerkiksi kilpailijat, asiakkaat ja media k\u00e4ytt\u00e4v\u00e4t ko. sanaa\/sanoja kuvailevalla tavalla, erottamiskyvyn rakentaminen merkkiin sit\u00e4 k\u00e4ytt\u00e4m\u00e4ll\u00e4 voi osoittautua ylivoimaiseksi teht\u00e4v\u00e4ksi.<\/p>\n<p>Kun alun perin kuvaileva merkki on tullut k\u00e4yt\u00f6n kautta yleisesti tunnetuksi kohderyhm\u00e4ss\u00e4\u00e4n tunnuksena, se voidaan my\u00f6s rekister\u00f6id\u00e4 yritykselle tavaramerkkin\u00e4. Esimerkkin\u00e4 voidaan mainita viherkattojen tunnukseksi rekister\u00f6ity tavaramerkki NORDIC GREEN ROOF. Rekister\u00f6inti edellytt\u00e4\u00e4, ett\u00e4 erottamiskyvyn hankkiminen voidaan todistaa merkin k\u00e4ytt\u00f6\u00e4 osoittavalla aineistolla. Mik\u00e4li merkki\u00e4 ei kuitenkaan ole k\u00e4ytetty aineistossa tavaramerkinomaisesti, todistusaineisto kenties hyvin monen vuoden ajalta osoittautuu hy\u00f6dytt\u00f6m\u00e4ksi ja merkin tavaramerkkioikeuden kannalta jopa haitalliseksi.<\/p>\n<p>Yrityksen tavoitellessa yksinoikeutta kuvailevaan merkkiin kannattaa ottaa huomioon seuraavat seikat:<\/p>\n<h2 class=\"wp-block-heading\">1.\u00a0Merkin k\u00e4ytt\u00f6 tavaramerkinomaisesti<\/h2>\n<p>T\u00e4m\u00e4 tarkoittaa, ett\u00e4 ainakin ensimm\u00e4inen kirjain merkiss\u00e4 on iso ja merkki kirjoitetaan aina taivuttamatta. Merkin taivuttamatta j\u00e4tt\u00e4minen voi vaikuttaa vieraalta ottaen huomioon, ett\u00e4 suomen kieless\u00e4h\u00e4n nimet taipuvat (Matti \u2013 Matin auto). T\u00e4m\u00e4 on kuitenkin keskeisin ohje ja se kannattaa ottaa huomioon kaikessa aineistossa, my\u00f6s puhuttaessa esimerkiksi markkinointivideolla tai radiomainoksessa. Merkin per\u00e4\u00e4n laitetaan asiayhteyteen sopiva kuvaileva sana, joka voi vaihdella ja jota taivutetaan tilanteen mukaan. K\u00e4ytet\u00e4\u00e4n siis esimerkiksi muotoa \u201dHerkku-ravintolassa\u201d, ei \u201dHerkussa\u201d.\u00a0 Tekstin sujuvoittamiseksi merkin voi joskus j\u00e4tt\u00e4\u00e4 kokonaan mainitsematta.<\/p>\n<p>Merkin yhteydess\u00e4 k\u00e4ytet\u00e4\u00e4n \u2122-merkint\u00e4\u00e4 (esimerkiksi Herkku\u2122) ainakin tekstin otsikoissa ja sellaisessa yhteydess\u00e4, jossa merkki\u00e4 k\u00e4ytet\u00e4\u00e4n vastaavalla tavalla kuin kuvailevia termej\u00e4 (esimerkiksi internet-sivuston otsikkorivill\u00e4, jossa muut otsikot ovat tavaroita\/palveluja kuvailevia). Tavaramerkin rekister\u00f6innin j\u00e4lkeen k\u00e4ytet\u00e4\u00e4n \u00ae-merkint\u00e4\u00e4. Sen sijaan voidaan edelleen k\u00e4ytt\u00e4\u00e4 \u2122-merkint\u00e4\u00e4, mik\u00e4 onkin suositeltavaa, mik\u00e4li samaa aineistoa k\u00e4ytet\u00e4\u00e4n muissakin maissa, joissa kaikissa merkki ei ole rekister\u00f6ity.<\/p>\n<h2 class=\"wp-block-heading\"><strong>2.\u00a0<\/strong><strong>Erottamiskykyisen logon luominen ja suojaaminen<\/strong><\/h2>\n<p>Tavaramerkin logoa suunniteltaessa kannattaa ottaa huomioon, sis\u00e4lt\u00e4\u00e4k\u00f6 logo kyseess\u00e4 oleville tavaroille\/palveluille erottamiskyisen sanan tai kirjainyhdistelm\u00e4n vai ei. Mik\u00e4li se sis\u00e4lt\u00e4\u00e4, logo voi olla vaikka kuinka yksinkertainen ja silti tulla hyv\u00e4ksytyksi tavaramerkkirekisteriin. Jos sen sijaan logo ei sis\u00e4ll\u00e4 erottamiskykyist\u00e4 sanaa tai kirjainyhdistelm\u00e4\u00e4, kannattaa logosta luoda ainakin siin\u00e4 m\u00e4\u00e4rin omaper\u00e4inen esimerkiksi erottamiskykyisell\u00e4 kuvioelementill\u00e4, ett\u00e4 tavaramerkki voidaan rekister\u00f6id\u00e4 logomuodossa jo ennen kuin logon sis\u00e4lt\u00e4m\u00e4 sana\/kirjainyhdistelm\u00e4 on mahdollisesti saatu suojattua sen tavaramerkinomaisen k\u00e4yt\u00f6n kautta.<\/p>\n<h2 class=\"wp-block-heading\"><strong>3.\u00a0<\/strong><strong>Aineiston k\u00e4ytt\u00f6ajankohdan merkitseminen ja aineiston s\u00e4ilytt\u00e4minen<\/strong><\/h2>\n<p>Kaikkeen merkin sis\u00e4lt\u00e4v\u00e4\u00e4n aineistoon kannattaa merkit\u00e4 sen k\u00e4ytt\u00f6\u00f6nottoajankohta (p\u00e4iv\u00e4ys tai kk\/vuosi). Aineistoa kannattaa s\u00e4ilytt\u00e4\u00e4 kattavasti eri vuosilta, jotta my\u00f6hemmin voidaan merkin rekister\u00f6intihakemuksen tueksi tai mahdollisessa riitatilanteessa osoittaa, milloin ja miss\u00e4 sek\u00e4 mink\u00e4 tavaroiden ja palveluiden tunnuksena merkki\u00e4 on k\u00e4ytetty.<\/p>\n<p>Kirjoittanut: <strong>Jarmo Talvitie, <\/strong>IPR-lakimies ja osakas Reggster Oy:ss\u00e4.<br \/>\nAlkuper\u00e4isen tekstin l\u00f6yd\u00e4t: <a href=\"https:\/\/uusyrityskeskus.fi\/blogi\/tavaramerkin-oikea-kayttotapa\/\">https:\/\/uusyrityskeskus.fi\/blogi\/tavaramerkin-oikea-kayttotapa\/<\/a><\/p>\n","protected":false},"excerpt":{"rendered":"<p>Tavaramerkin tarkoitus on erottaa haltijansa tavarat ja palvelut muiden tavaroista ja palveluista. Jotta tavaramerkki voi t\u00e4ytt\u00e4\u00e4 t\u00e4m\u00e4n teht\u00e4v\u00e4ns\u00e4, se ei saa kuvailla kyseess\u00e4&#8230;<\/p>\n","protected":false},"author":3,"featured_media":5666,"comment_status":"closed","ping_status":"closed","sticky":false,"template":"","format":"standard","meta":{"footnotes":""},"categories":[28],"tags":[],"class_list":["post-5665","post","type-post","status-publish","format-standard","has-post-thumbnail","hentry","category-all","dg_entrepreneur_category-yrittajille"],"yoast_head":"<!-- This site is optimized with the Yoast SEO plugin v27.5 - https:\/\/yoast.com\/product\/yoast-seo-wordpress\/ -->\n<title>Tavaramerkin oikea k\u00e4ytt\u00f6tapa - It\u00e4-Savon Uusyrityskeskus<\/title>\n<meta name=\"robots\" content=\"index, follow, max-snippet:-1, max-image-preview:large, max-video-preview:-1\" \/>\n<link rel=\"canonical\" href=\"https:\/\/itasavonuusyrityskeskus.fi\/tavaramerkin-oikea-kayttotapa\/\" \/>\n<meta property=\"og:locale\" content=\"en_US\" \/>\n<meta property=\"og:type\" content=\"article\" \/>\n<meta property=\"og:title\" content=\"Tavaramerkin oikea k\u00e4ytt\u00f6tapa - It\u00e4-Savon Uusyrityskeskus\" \/>\n<meta property=\"og:description\" content=\"Tavaramerkin tarkoitus on erottaa haltijansa tavarat ja palvelut muiden tavaroista ja palveluista. Jotta tavaramerkki voi t\u00e4ytt\u00e4\u00e4 t\u00e4m\u00e4n teht\u00e4v\u00e4ns\u00e4, se ei saa kuvailla kyseess\u00e4...\" \/>\n<meta property=\"og:url\" content=\"https:\/\/itasavonuusyrityskeskus.fi\/tavaramerkin-oikea-kayttotapa\/\" \/>\n<meta property=\"og:site_name\" content=\"It\u00e4-Savon Uusyrityskeskus\" \/>\n<meta property=\"article:publisher\" content=\"https:\/\/www.facebook.com\/isuyk\/\" \/>\n<meta property=\"article:author\" content=\"https:\/\/www.facebook.com\/isuyk\" \/>\n<meta property=\"article:published_time\" content=\"2024-02-14T11:42:22+00:00\" \/>\n<meta property=\"og:image\" content=\"https:\/\/itasavonuusyrityskeskus.fi\/wp-content\/uploads\/2024\/02\/106.png\" \/>\n\t<meta property=\"og:image:width\" content=\"1920\" \/>\n\t<meta property=\"og:image:height\" content=\"700\" \/>\n\t<meta property=\"og:image:type\" content=\"image\/png\" \/>\n<meta name=\"author\" content=\"It\u00e4-Savon Uusyrityskeskus\" \/>\n<meta name=\"twitter:card\" content=\"summary_large_image\" \/>\n<meta name=\"twitter:label1\" content=\"Written by\" \/>\n\t<meta name=\"twitter:data1\" content=\"It\u00e4-Savon Uusyrityskeskus\" \/>\n\t<meta name=\"twitter:label2\" content=\"Est. reading time\" \/>\n\t<meta name=\"twitter:data2\" content=\"4 minutes\" \/>\n<script type=\"application\/ld+json\" class=\"yoast-schema-graph\">{\"@context\":\"https:\\\/\\\/schema.org\",\"@graph\":[{\"@type\":\"Article\",\"@id\":\"https:\\\/\\\/itasavonuusyrityskeskus.fi\\\/tavaramerkin-oikea-kayttotapa\\\/#article\",\"isPartOf\":{\"@id\":\"https:\\\/\\\/itasavonuusyrityskeskus.fi\\\/tavaramerkin-oikea-kayttotapa\\\/\"},\"author\":{\"name\":\"It\u00e4-Savon Uusyrityskeskus\",\"@id\":\"https:\\\/\\\/itasavonuusyrityskeskus.fi\\\/#\\\/schema\\\/person\\\/cb907743384ed05a34e24507870e18ef\"},\"headline\":\"Tavaramerkin oikea k\u00e4ytt\u00f6tapa\",\"datePublished\":\"2024-02-14T11:42:22+00:00\",\"mainEntityOfPage\":{\"@id\":\"https:\\\/\\\/itasavonuusyrityskeskus.fi\\\/tavaramerkin-oikea-kayttotapa\\\/\"},\"wordCount\":602,\"publisher\":{\"@id\":\"https:\\\/\\\/itasavonuusyrityskeskus.fi\\\/#organization\"},\"image\":{\"@id\":\"https:\\\/\\\/itasavonuusyrityskeskus.fi\\\/tavaramerkin-oikea-kayttotapa\\\/#primaryimage\"},\"thumbnailUrl\":\"https:\\\/\\\/itasavonuusyrityskeskus.fi\\\/wp-content\\\/uploads\\\/2024\\\/02\\\/106.png\",\"articleSection\":[\"All\"],\"inLanguage\":\"en-US\"},{\"@type\":\"WebPage\",\"@id\":\"https:\\\/\\\/itasavonuusyrityskeskus.fi\\\/tavaramerkin-oikea-kayttotapa\\\/\",\"url\":\"https:\\\/\\\/itasavonuusyrityskeskus.fi\\\/tavaramerkin-oikea-kayttotapa\\\/\",\"name\":\"Tavaramerkin oikea k\u00e4ytt\u00f6tapa - It\u00e4-Savon Uusyrityskeskus\",\"isPartOf\":{\"@id\":\"https:\\\/\\\/itasavonuusyrityskeskus.fi\\\/#website\"},\"primaryImageOfPage\":{\"@id\":\"https:\\\/\\\/itasavonuusyrityskeskus.fi\\\/tavaramerkin-oikea-kayttotapa\\\/#primaryimage\"},\"image\":{\"@id\":\"https:\\\/\\\/itasavonuusyrityskeskus.fi\\\/tavaramerkin-oikea-kayttotapa\\\/#primaryimage\"},\"thumbnailUrl\":\"https:\\\/\\\/itasavonuusyrityskeskus.fi\\\/wp-content\\\/uploads\\\/2024\\\/02\\\/106.png\",\"datePublished\":\"2024-02-14T11:42:22+00:00\",\"inLanguage\":\"en-US\",\"potentialAction\":[{\"@type\":\"ReadAction\",\"target\":[\"https:\\\/\\\/itasavonuusyrityskeskus.fi\\\/tavaramerkin-oikea-kayttotapa\\\/\"]}]},{\"@type\":\"ImageObject\",\"inLanguage\":\"en-US\",\"@id\":\"https:\\\/\\\/itasavonuusyrityskeskus.fi\\\/tavaramerkin-oikea-kayttotapa\\\/#primaryimage\",\"url\":\"https:\\\/\\\/itasavonuusyrityskeskus.fi\\\/wp-content\\\/uploads\\\/2024\\\/02\\\/106.png\",\"contentUrl\":\"https:\\\/\\\/itasavonuusyrityskeskus.fi\\\/wp-content\\\/uploads\\\/2024\\\/02\\\/106.png\",\"width\":1920,\"height\":700},{\"@type\":\"WebSite\",\"@id\":\"https:\\\/\\\/itasavonuusyrityskeskus.fi\\\/#website\",\"url\":\"https:\\\/\\\/itasavonuusyrityskeskus.fi\\\/\",\"name\":\"It\u00e4-Savon Uusyrityskeskus\",\"description\":\"Yritt\u00e4jyyden alkutaipaleen neuvontapalvelut Savonlinnan seudulla\",\"publisher\":{\"@id\":\"https:\\\/\\\/itasavonuusyrityskeskus.fi\\\/#organization\"},\"potentialAction\":[{\"@type\":\"SearchAction\",\"target\":{\"@type\":\"EntryPoint\",\"urlTemplate\":\"https:\\\/\\\/itasavonuusyrityskeskus.fi\\\/?s={search_term_string}\"},\"query-input\":{\"@type\":\"PropertyValueSpecification\",\"valueRequired\":true,\"valueName\":\"search_term_string\"}}],\"inLanguage\":\"en-US\"},{\"@type\":\"Organization\",\"@id\":\"https:\\\/\\\/itasavonuusyrityskeskus.fi\\\/#organization\",\"name\":\"It\u00e4-Savon Uusyrityskeskus\",\"url\":\"https:\\\/\\\/itasavonuusyrityskeskus.fi\\\/\",\"logo\":{\"@type\":\"ImageObject\",\"inLanguage\":\"en-US\",\"@id\":\"https:\\\/\\\/itasavonuusyrityskeskus.fi\\\/#\\\/schema\\\/logo\\\/image\\\/\",\"url\":\"https:\\\/\\\/itasavonuusyrityskeskus.fi\\\/wp-content\\\/uploads\\\/2021\\\/09\\\/logo-isuyk.png\",\"contentUrl\":\"https:\\\/\\\/itasavonuusyrityskeskus.fi\\\/wp-content\\\/uploads\\\/2021\\\/09\\\/logo-isuyk.png\",\"width\":400,\"height\":137,\"caption\":\"It\u00e4-Savon Uusyrityskeskus\"},\"image\":{\"@id\":\"https:\\\/\\\/itasavonuusyrityskeskus.fi\\\/#\\\/schema\\\/logo\\\/image\\\/\"},\"sameAs\":[\"https:\\\/\\\/www.facebook.com\\\/isuyk\\\/\"]},{\"@type\":\"Person\",\"@id\":\"https:\\\/\\\/itasavonuusyrityskeskus.fi\\\/#\\\/schema\\\/person\\\/cb907743384ed05a34e24507870e18ef\",\"name\":\"It\u00e4-Savon Uusyrityskeskus\",\"sameAs\":[\"https:\\\/\\\/www.facebook.com\\\/isuyk\",\"https:\\\/\\\/www.instagram.com\\\/itasavonuusyrityskeskus\\\/\",\"https:\\\/\\\/www.linkedin.com\\\/company\\\/it-savon-uusyrityskeskus-ry\\\/\",\"https:\\\/\\\/www.youtube.com\\\/channel\\\/UC2iXSOU7DN9D-DMDfmYN-Yg\"]}]}<\/script>\n<!-- \/ Yoast SEO plugin. -->","yoast_head_json":{"title":"Tavaramerkin oikea k\u00e4ytt\u00f6tapa - It\u00e4-Savon Uusyrityskeskus","robots":{"index":"index","follow":"follow","max-snippet":"max-snippet:-1","max-image-preview":"max-image-preview:large","max-video-preview":"max-video-preview:-1"},"canonical":"https:\/\/itasavonuusyrityskeskus.fi\/tavaramerkin-oikea-kayttotapa\/","og_locale":"en_US","og_type":"article","og_title":"Tavaramerkin oikea k\u00e4ytt\u00f6tapa - It\u00e4-Savon Uusyrityskeskus","og_description":"Tavaramerkin tarkoitus on erottaa haltijansa tavarat ja palvelut muiden tavaroista ja palveluista. Jotta tavaramerkki voi t\u00e4ytt\u00e4\u00e4 t\u00e4m\u00e4n teht\u00e4v\u00e4ns\u00e4, se ei saa kuvailla kyseess\u00e4...","og_url":"https:\/\/itasavonuusyrityskeskus.fi\/tavaramerkin-oikea-kayttotapa\/","og_site_name":"It\u00e4-Savon Uusyrityskeskus","article_publisher":"https:\/\/www.facebook.com\/isuyk\/","article_author":"https:\/\/www.facebook.com\/isuyk","article_published_time":"2024-02-14T11:42:22+00:00","og_image":[{"width":1920,"height":700,"url":"https:\/\/itasavonuusyrityskeskus.fi\/wp-content\/uploads\/2024\/02\/106.png","type":"image\/png"}],"author":"It\u00e4-Savon Uusyrityskeskus","twitter_card":"summary_large_image","twitter_misc":{"Written by":"It\u00e4-Savon Uusyrityskeskus","Est. reading time":"4 minutes"},"schema":{"@context":"https:\/\/schema.org","@graph":[{"@type":"Article","@id":"https:\/\/itasavonuusyrityskeskus.fi\/tavaramerkin-oikea-kayttotapa\/#article","isPartOf":{"@id":"https:\/\/itasavonuusyrityskeskus.fi\/tavaramerkin-oikea-kayttotapa\/"},"author":{"name":"It\u00e4-Savon Uusyrityskeskus","@id":"https:\/\/itasavonuusyrityskeskus.fi\/#\/schema\/person\/cb907743384ed05a34e24507870e18ef"},"headline":"Tavaramerkin oikea k\u00e4ytt\u00f6tapa","datePublished":"2024-02-14T11:42:22+00:00","mainEntityOfPage":{"@id":"https:\/\/itasavonuusyrityskeskus.fi\/tavaramerkin-oikea-kayttotapa\/"},"wordCount":602,"publisher":{"@id":"https:\/\/itasavonuusyrityskeskus.fi\/#organization"},"image":{"@id":"https:\/\/itasavonuusyrityskeskus.fi\/tavaramerkin-oikea-kayttotapa\/#primaryimage"},"thumbnailUrl":"https:\/\/itasavonuusyrityskeskus.fi\/wp-content\/uploads\/2024\/02\/106.png","articleSection":["All"],"inLanguage":"en-US"},{"@type":"WebPage","@id":"https:\/\/itasavonuusyrityskeskus.fi\/tavaramerkin-oikea-kayttotapa\/","url":"https:\/\/itasavonuusyrityskeskus.fi\/tavaramerkin-oikea-kayttotapa\/","name":"Tavaramerkin oikea k\u00e4ytt\u00f6tapa - It\u00e4-Savon Uusyrityskeskus","isPartOf":{"@id":"https:\/\/itasavonuusyrityskeskus.fi\/#website"},"primaryImageOfPage":{"@id":"https:\/\/itasavonuusyrityskeskus.fi\/tavaramerkin-oikea-kayttotapa\/#primaryimage"},"image":{"@id":"https:\/\/itasavonuusyrityskeskus.fi\/tavaramerkin-oikea-kayttotapa\/#primaryimage"},"thumbnailUrl":"https:\/\/itasavonuusyrityskeskus.fi\/wp-content\/uploads\/2024\/02\/106.png","datePublished":"2024-02-14T11:42:22+00:00","inLanguage":"en-US","potentialAction":[{"@type":"ReadAction","target":["https:\/\/itasavonuusyrityskeskus.fi\/tavaramerkin-oikea-kayttotapa\/"]}]},{"@type":"ImageObject","inLanguage":"en-US","@id":"https:\/\/itasavonuusyrityskeskus.fi\/tavaramerkin-oikea-kayttotapa\/#primaryimage","url":"https:\/\/itasavonuusyrityskeskus.fi\/wp-content\/uploads\/2024\/02\/106.png","contentUrl":"https:\/\/itasavonuusyrityskeskus.fi\/wp-content\/uploads\/2024\/02\/106.png","width":1920,"height":700},{"@type":"WebSite","@id":"https:\/\/itasavonuusyrityskeskus.fi\/#website","url":"https:\/\/itasavonuusyrityskeskus.fi\/","name":"It\u00e4-Savon Uusyrityskeskus","description":"Yritt\u00e4jyyden alkutaipaleen neuvontapalvelut Savonlinnan seudulla","publisher":{"@id":"https:\/\/itasavonuusyrityskeskus.fi\/#organization"},"potentialAction":[{"@type":"SearchAction","target":{"@type":"EntryPoint","urlTemplate":"https:\/\/itasavonuusyrityskeskus.fi\/?s={search_term_string}"},"query-input":{"@type":"PropertyValueSpecification","valueRequired":true,"valueName":"search_term_string"}}],"inLanguage":"en-US"},{"@type":"Organization","@id":"https:\/\/itasavonuusyrityskeskus.fi\/#organization","name":"It\u00e4-Savon Uusyrityskeskus","url":"https:\/\/itasavonuusyrityskeskus.fi\/","logo":{"@type":"ImageObject","inLanguage":"en-US","@id":"https:\/\/itasavonuusyrityskeskus.fi\/#\/schema\/logo\/image\/","url":"https:\/\/itasavonuusyrityskeskus.fi\/wp-content\/uploads\/2021\/09\/logo-isuyk.png","contentUrl":"https:\/\/itasavonuusyrityskeskus.fi\/wp-content\/uploads\/2021\/09\/logo-isuyk.png","width":400,"height":137,"caption":"It\u00e4-Savon Uusyrityskeskus"},"image":{"@id":"https:\/\/itasavonuusyrityskeskus.fi\/#\/schema\/logo\/image\/"},"sameAs":["https:\/\/www.facebook.com\/isuyk\/"]},{"@type":"Person","@id":"https:\/\/itasavonuusyrityskeskus.fi\/#\/schema\/person\/cb907743384ed05a34e24507870e18ef","name":"It\u00e4-Savon Uusyrityskeskus","sameAs":["https:\/\/www.facebook.com\/isuyk","https:\/\/www.instagram.com\/itasavonuusyrityskeskus\/","https:\/\/www.linkedin.com\/company\/it-savon-uusyrityskeskus-ry\/","https:\/\/www.youtube.com\/channel\/UC2iXSOU7DN9D-DMDfmYN-Yg"]}]}},"_links":{"self":[{"href":"https:\/\/itasavonuusyrityskeskus.fi\/en\/wp-json\/wp\/v2\/posts\/5665","targetHints":{"allow":["GET"]}}],"collection":[{"href":"https:\/\/itasavonuusyrityskeskus.fi\/en\/wp-json\/wp\/v2\/posts"}],"about":[{"href":"https:\/\/itasavonuusyrityskeskus.fi\/en\/wp-json\/wp\/v2\/types\/post"}],"author":[{"embeddable":true,"href":"https:\/\/itasavonuusyrityskeskus.fi\/en\/wp-json\/wp\/v2\/users\/3"}],"replies":[{"embeddable":true,"href":"https:\/\/itasavonuusyrityskeskus.fi\/en\/wp-json\/wp\/v2\/comments?post=5665"}],"version-history":[{"count":1,"href":"https:\/\/itasavonuusyrityskeskus.fi\/en\/wp-json\/wp\/v2\/posts\/5665\/revisions"}],"predecessor-version":[{"id":5674,"href":"https:\/\/itasavonuusyrityskeskus.fi\/en\/wp-json\/wp\/v2\/posts\/5665\/revisions\/5674"}],"wp:featuredmedia":[{"embeddable":true,"href":"https:\/\/itasavonuusyrityskeskus.fi\/en\/wp-json\/wp\/v2\/media\/5666"}],"wp:attachment":[{"href":"https:\/\/itasavonuusyrityskeskus.fi\/en\/wp-json\/wp\/v2\/media?parent=5665"}],"wp:term":[{"taxonomy":"category","embeddable":true,"href":"https:\/\/itasavonuusyrityskeskus.fi\/en\/wp-json\/wp\/v2\/categories?post=5665"},{"taxonomy":"post_tag","embeddable":true,"href":"https:\/\/itasavonuusyrityskeskus.fi\/en\/wp-json\/wp\/v2\/tags?post=5665"}],"curies":[{"name":"wp","href":"https:\/\/api.w.org\/{rel}","templated":true}]}}