{"id":5685,"date":"2024-02-19T10:33:06","date_gmt":"2024-02-19T08:33:06","guid":{"rendered":"https:\/\/itasavonuusyrityskeskus.fi\/?p=5685"},"modified":"2024-02-19T10:33:06","modified_gmt":"2024-02-19T08:33:06","slug":"etela-savossa-ensimmaista-kertaa-yritysten-omistajanvaihdos-toimijat-koolla","status":"publish","type":"post","link":"https:\/\/itasavonuusyrityskeskus.fi\/en\/etela-savossa-ensimmaista-kertaa-yritysten-omistajanvaihdos-toimijat-koolla\/","title":{"rendered":"Etel\u00e4-Savossa ensimm\u00e4ist\u00e4 kertaa yritysten omistajanvaihdos toimijat koolla"},"content":{"rendered":"<p>Etel\u00e4-Savon ensimm\u00e4isen alueellisen Omistajanvaihdos-foorumin tavoitteena oli koota yhteen alueen toimijoita, joilla on keskeinen rooli omistajanvaihdoksissa. Yhteisty\u00f6n tiivist\u00e4minen ja verkoston vahvistaminen auttaa maakunnan yrityskauppojen ja sukupolvenvaihdosten vauhdittamisessa.<\/p>\n<p>Foorumi kokosi Mikkelin Kyyhkyl\u00e4\u00e4n 7.-8.2. parisenkymment\u00e4 omistajanvaihdosasiantuntijaa ymp\u00e4ri maakuntaa ja sen j\u00e4rjestelyist\u00e4 vastasi HELMI-hanke, jota toteuttavat Mikkelin kehitysyhti\u00f6 Miksei Oy, Mikkelin Seudun Uusyrityskeskus ja It\u00e4-Savon Uusyrityskeskus.<\/p>\n<p>P\u00e4ivien aikana osallistujat kuulivat Finnveran tarjoamista omistajanvaihdoksiin liittyvist\u00e4 rahoitusmahdollisuuksista aluep\u00e4\u00e4llikk\u00f6 <strong>Markus Raaskan<\/strong> toimesta ja valtakunnallisista omistajanvaihdospalveluista osallistujille kertoi Suomen Yritt\u00e4jist\u00e4 omistajanvaihdostoiminnan p\u00e4\u00e4llikk\u00f6 <strong>Anneli Komi<\/strong>.<\/p>\n<p>Anneli Komin esittelem\u00e4 valtakunnallinen Omistajanvaihdosfoorumi -sivusto ja vasta lanseerattu Omistajanvaihdosinfo-sivusto saivat paljon kiitosta laajuudestaan ja niiden koettiin tarjoavan hyvi\u00e4 vinkkej\u00e4 sek\u00e4 konkreettisia ty\u00f6kaluja niin ostajalle ja myyj\u00e4lle kuin yritysneuvojille. Kannustamme tutustumaan molempiin sivustoihin.<\/p>\n<p>Yrityskaupoista ja siihen liittyvist\u00e4 tunteista kuultiin Maakunnallisen Vuoden Nuoren Yritt\u00e4j\u00e4n <strong>Jenni-Mari Penttisen<\/strong>, Elegian Oy puheenvuorossa.<\/p>\n<p>Mielenkiintoisen tarinan omasta kokemuksestaan Ristiinalainen -lehden omistajanvaihdoksesta kertoivat yritt\u00e4j\u00e4 <strong>Niko Takala <\/strong>ja<strong> Jarno Laatikainen<\/strong>.<br \/>\n<em>\u201dVuosien varrella tuli kypsytelty\u00e4 ajatusta myynnist\u00e4, koska pieness\u00e4 yrityksess\u00e4 my\u00f6s yritt\u00e4j\u00e4 itse on vahvasti ty\u00f6ss\u00e4 mukana, niin aika ei riit\u00e4 esimerkiksi yritystoiminnan kehitt\u00e4miseen.\u201d totesi Niko.<\/em><\/p>\n<p><em>\u201dKaupan teko on syyt\u00e4 aloittaa ajoissa, koska eih\u00e4n sille noin vain yritt\u00e4j\u00e4 varaa kalenteristaan aikaa, kun pit\u00e4\u00e4 se varsinainenkin ty\u00f6 tehd\u00e4. T\u00e4rke\u00e4\u00e4 on my\u00f6s olla alusta asti rehellinen neuvotteluissa, my\u00f6s pieniss\u00e4 asioissa, jotta kauppa saadaan maaliin\u201d, Jarno sanoi. \u00a0<\/em><\/p>\n<p>Kahden p\u00e4iv\u00e4n aikana osallistujat miettiv\u00e4t pienryhmiss\u00e4 omistajanvaihdospalveluiden nykytilaa ja tulevaisuutta, mit\u00e4 hyv\u00e4\u00e4 on jo nyt ja miss\u00e4 olisi kehitett\u00e4v\u00e4\u00e4. Mielenkiintoisen keskustelun kirvoitti my\u00f6s ajatus omistajanvaihdospalveluista vuonna 2030. P\u00e4ivien tuotosten perusteella kehit\u00e4mme alueellisia omistajanvaihdospalveluita, autamme yritt\u00e4ji\u00e4 l\u00f6yt\u00e4m\u00e4\u00e4n niit\u00e4 helpommin ja kasvattamaan alueen omistajanvaihdosten m\u00e4\u00e4r\u00e4\u00e4.<\/p>\n<p>Osallistujien mielest\u00e4 tilaisuus oli aikansa arvoinen ja sen koettiin antavan lis\u00e4arvoa ja my\u00f6s uutta tietoa omaan ty\u00f6skentelyyn. Onneksi jatkoa on jo luvassa ja seuraava foorumi pidet\u00e4\u00e4n lokakuussa.<\/p>\n<p><em>\u201cHELMI- hankkeen projektip\u00e4\u00e4llikk\u00f6n\u00e4 olen erityisen ilahtunut siit\u00e4, miten osallistujat omaksuivat foorumin tarjoamat keskustelut ja ty\u00f6pajat. N\u00e4m\u00e4 tilaisuudet toivat esiin syv\u00e4llist\u00e4 tietoa ja k\u00e4yt\u00e4nn\u00f6n neuvoja, jotka ovat korvaamattomia jokaiselle omistajanvaihdoksesta kiinnostuneelle \u201c, totesi Kirsi M\u00e4tt\u00f6l\u00e4.<\/em><\/p>\n<p>Lis\u00e4tietoja:<\/p>\n<p>Projektip\u00e4\u00e4llikk\u00f6 Kirsi M\u00e4tt\u00f6l\u00e4<br \/>\nMikkelin kehitysyhti\u00f6 Miksei Oy<br \/>\npuh. 0440 361\u00a0606<br \/>\n<a href=\"mailto:kirsi.mattola@mikseimikkeli.fi\">kirsi.mattola@mikseimikkeli.fi<\/a><\/p>\n<p>Toimitusjohtaja Katja Remes<br \/>\nIt\u00e4-Savon Uusyrityskeskus<br \/>\npuh. 044 417 4960<br \/>\n<a href=\"mailto:katja.remes@savonlinna.fi\">katja.remes@savonlinna.fi<\/a><\/p>\n<p>HELMI \u2013 resurssiviisasta uudistumista ja jatkuvuutta liiketoimintoihin -hanke on Mikkelin kehitysyhti\u00f6 Miksein, Mikkelin seudun Uusyrityskeskuksen ja It\u00e4-Savon Uusyrityskeskuksen yhteinen ryhm\u00e4hanke. Sit\u00e4 rahoittavat Euroopan aluekehitysrahasto \/ Etel\u00e4-Savon Maakuntaliitto.<\/p>\n","protected":false},"excerpt":{"rendered":"<p>Etel\u00e4-Savon ensimm\u00e4isen alueellisen Omistajanvaihdos-foorumin tavoitteena oli koota yhteen alueen toimijoita, joilla on keskeinen rooli omistajanvaihdoksissa. Yhteisty\u00f6n tiivist\u00e4minen ja verkoston vahvistaminen auttaa maakunnan yrityskauppojen&#8230;<\/p>\n","protected":false},"author":3,"featured_media":5686,"comment_status":"closed","ping_status":"closed","sticky":false,"template":"","format":"standard","meta":{"footnotes":""},"categories":[1],"tags":[],"class_list":["post-5685","post","type-post","status-publish","format-standard","has-post-thumbnail","hentry","category-yleinen","hanke_category-https-isuyk-fi-hanke-helmi-hanke","dg_entrepreneur_category-yrittajille"],"yoast_head":"<!-- This site is optimized with the Yoast SEO plugin v27.5 - https:\/\/yoast.com\/product\/yoast-seo-wordpress\/ -->\n<title>Etel\u00e4-Savossa ensimm\u00e4ist\u00e4 kertaa yritysten omistajanvaihdos toimijat koolla - It\u00e4-Savon Uusyrityskeskus<\/title>\n<meta name=\"robots\" content=\"index, follow, max-snippet:-1, max-image-preview:large, max-video-preview:-1\" \/>\n<link rel=\"canonical\" href=\"https:\/\/itasavonuusyrityskeskus.fi\/etela-savossa-ensimmaista-kertaa-yritysten-omistajanvaihdos-toimijat-koolla\/\" \/>\n<meta property=\"og:locale\" content=\"en_US\" \/>\n<meta property=\"og:type\" content=\"article\" \/>\n<meta property=\"og:title\" content=\"Etel\u00e4-Savossa ensimm\u00e4ist\u00e4 kertaa yritysten omistajanvaihdos toimijat koolla - It\u00e4-Savon Uusyrityskeskus\" \/>\n<meta property=\"og:description\" content=\"Etel\u00e4-Savon ensimm\u00e4isen alueellisen Omistajanvaihdos-foorumin tavoitteena oli koota yhteen alueen toimijoita, joilla on keskeinen rooli omistajanvaihdoksissa. Yhteisty\u00f6n tiivist\u00e4minen ja verkoston vahvistaminen auttaa maakunnan yrityskauppojen...\" \/>\n<meta property=\"og:url\" content=\"https:\/\/itasavonuusyrityskeskus.fi\/etela-savossa-ensimmaista-kertaa-yritysten-omistajanvaihdos-toimijat-koolla\/\" \/>\n<meta property=\"og:site_name\" content=\"It\u00e4-Savon Uusyrityskeskus\" \/>\n<meta property=\"article:publisher\" content=\"https:\/\/www.facebook.com\/isuyk\/\" \/>\n<meta property=\"article:author\" content=\"https:\/\/www.facebook.com\/isuyk\" \/>\n<meta property=\"article:published_time\" content=\"2024-02-19T08:33:06+00:00\" \/>\n<meta property=\"og:image\" content=\"https:\/\/itasavonuusyrityskeskus.fi\/wp-content\/uploads\/2024\/02\/nettisivuille-kansikuvia-2024-02-14T143130.707-1200x630.png\" \/>\n\t<meta property=\"og:image:width\" content=\"1920\" \/>\n\t<meta property=\"og:image:height\" content=\"700\" \/>\n\t<meta property=\"og:image:type\" content=\"image\/png\" \/>\n<meta name=\"author\" content=\"It\u00e4-Savon Uusyrityskeskus\" \/>\n<meta name=\"twitter:card\" content=\"summary_large_image\" \/>\n<meta name=\"twitter:label1\" content=\"Written by\" \/>\n\t<meta name=\"twitter:data1\" content=\"It\u00e4-Savon Uusyrityskeskus\" \/>\n\t<meta name=\"twitter:label2\" content=\"Est. reading time\" \/>\n\t<meta name=\"twitter:data2\" content=\"3 minutes\" \/>\n<script type=\"application\/ld+json\" class=\"yoast-schema-graph\">{\"@context\":\"https:\\\/\\\/schema.org\",\"@graph\":[{\"@type\":\"Article\",\"@id\":\"https:\\\/\\\/itasavonuusyrityskeskus.fi\\\/etela-savossa-ensimmaista-kertaa-yritysten-omistajanvaihdos-toimijat-koolla\\\/#article\",\"isPartOf\":{\"@id\":\"https:\\\/\\\/itasavonuusyrityskeskus.fi\\\/etela-savossa-ensimmaista-kertaa-yritysten-omistajanvaihdos-toimijat-koolla\\\/\"},\"author\":{\"name\":\"It\u00e4-Savon Uusyrityskeskus\",\"@id\":\"https:\\\/\\\/itasavonuusyrityskeskus.fi\\\/#\\\/schema\\\/person\\\/cb907743384ed05a34e24507870e18ef\"},\"headline\":\"Etel\u00e4-Savossa ensimm\u00e4ist\u00e4 kertaa yritysten omistajanvaihdos toimijat koolla\",\"datePublished\":\"2024-02-19T08:33:06+00:00\",\"mainEntityOfPage\":{\"@id\":\"https:\\\/\\\/itasavonuusyrityskeskus.fi\\\/etela-savossa-ensimmaista-kertaa-yritysten-omistajanvaihdos-toimijat-koolla\\\/\"},\"wordCount\":420,\"publisher\":{\"@id\":\"https:\\\/\\\/itasavonuusyrityskeskus.fi\\\/#organization\"},\"image\":{\"@id\":\"https:\\\/\\\/itasavonuusyrityskeskus.fi\\\/etela-savossa-ensimmaista-kertaa-yritysten-omistajanvaihdos-toimijat-koolla\\\/#primaryimage\"},\"thumbnailUrl\":\"https:\\\/\\\/itasavonuusyrityskeskus.fi\\\/wp-content\\\/uploads\\\/2024\\\/02\\\/nettisivuille-kansikuvia-2024-02-14T143130.707.png\",\"articleSection\":[\"Yleinen\"],\"inLanguage\":\"en-US\"},{\"@type\":\"WebPage\",\"@id\":\"https:\\\/\\\/itasavonuusyrityskeskus.fi\\\/etela-savossa-ensimmaista-kertaa-yritysten-omistajanvaihdos-toimijat-koolla\\\/\",\"url\":\"https:\\\/\\\/itasavonuusyrityskeskus.fi\\\/etela-savossa-ensimmaista-kertaa-yritysten-omistajanvaihdos-toimijat-koolla\\\/\",\"name\":\"Etel\u00e4-Savossa ensimm\u00e4ist\u00e4 kertaa yritysten omistajanvaihdos toimijat koolla - It\u00e4-Savon Uusyrityskeskus\",\"isPartOf\":{\"@id\":\"https:\\\/\\\/itasavonuusyrityskeskus.fi\\\/#website\"},\"primaryImageOfPage\":{\"@id\":\"https:\\\/\\\/itasavonuusyrityskeskus.fi\\\/etela-savossa-ensimmaista-kertaa-yritysten-omistajanvaihdos-toimijat-koolla\\\/#primaryimage\"},\"image\":{\"@id\":\"https:\\\/\\\/itasavonuusyrityskeskus.fi\\\/etela-savossa-ensimmaista-kertaa-yritysten-omistajanvaihdos-toimijat-koolla\\\/#primaryimage\"},\"thumbnailUrl\":\"https:\\\/\\\/itasavonuusyrityskeskus.fi\\\/wp-content\\\/uploads\\\/2024\\\/02\\\/nettisivuille-kansikuvia-2024-02-14T143130.707.png\",\"datePublished\":\"2024-02-19T08:33:06+00:00\",\"inLanguage\":\"en-US\",\"potentialAction\":[{\"@type\":\"ReadAction\",\"target\":[\"https:\\\/\\\/itasavonuusyrityskeskus.fi\\\/etela-savossa-ensimmaista-kertaa-yritysten-omistajanvaihdos-toimijat-koolla\\\/\"]}]},{\"@type\":\"ImageObject\",\"inLanguage\":\"en-US\",\"@id\":\"https:\\\/\\\/itasavonuusyrityskeskus.fi\\\/etela-savossa-ensimmaista-kertaa-yritysten-omistajanvaihdos-toimijat-koolla\\\/#primaryimage\",\"url\":\"https:\\\/\\\/itasavonuusyrityskeskus.fi\\\/wp-content\\\/uploads\\\/2024\\\/02\\\/nettisivuille-kansikuvia-2024-02-14T143130.707.png\",\"contentUrl\":\"https:\\\/\\\/itasavonuusyrityskeskus.fi\\\/wp-content\\\/uploads\\\/2024\\\/02\\\/nettisivuille-kansikuvia-2024-02-14T143130.707.png\",\"width\":1920,\"height\":700},{\"@type\":\"WebSite\",\"@id\":\"https:\\\/\\\/itasavonuusyrityskeskus.fi\\\/#website\",\"url\":\"https:\\\/\\\/itasavonuusyrityskeskus.fi\\\/\",\"name\":\"It\u00e4-Savon Uusyrityskeskus\",\"description\":\"Yritt\u00e4jyyden alkutaipaleen neuvontapalvelut Savonlinnan seudulla\",\"publisher\":{\"@id\":\"https:\\\/\\\/itasavonuusyrityskeskus.fi\\\/#organization\"},\"potentialAction\":[{\"@type\":\"SearchAction\",\"target\":{\"@type\":\"EntryPoint\",\"urlTemplate\":\"https:\\\/\\\/itasavonuusyrityskeskus.fi\\\/?s={search_term_string}\"},\"query-input\":{\"@type\":\"PropertyValueSpecification\",\"valueRequired\":true,\"valueName\":\"search_term_string\"}}],\"inLanguage\":\"en-US\"},{\"@type\":\"Organization\",\"@id\":\"https:\\\/\\\/itasavonuusyrityskeskus.fi\\\/#organization\",\"name\":\"It\u00e4-Savon Uusyrityskeskus\",\"url\":\"https:\\\/\\\/itasavonuusyrityskeskus.fi\\\/\",\"logo\":{\"@type\":\"ImageObject\",\"inLanguage\":\"en-US\",\"@id\":\"https:\\\/\\\/itasavonuusyrityskeskus.fi\\\/#\\\/schema\\\/logo\\\/image\\\/\",\"url\":\"https:\\\/\\\/itasavonuusyrityskeskus.fi\\\/wp-content\\\/uploads\\\/2021\\\/09\\\/logo-isuyk.png\",\"contentUrl\":\"https:\\\/\\\/itasavonuusyrityskeskus.fi\\\/wp-content\\\/uploads\\\/2021\\\/09\\\/logo-isuyk.png\",\"width\":400,\"height\":137,\"caption\":\"It\u00e4-Savon Uusyrityskeskus\"},\"image\":{\"@id\":\"https:\\\/\\\/itasavonuusyrityskeskus.fi\\\/#\\\/schema\\\/logo\\\/image\\\/\"},\"sameAs\":[\"https:\\\/\\\/www.facebook.com\\\/isuyk\\\/\"]},{\"@type\":\"Person\",\"@id\":\"https:\\\/\\\/itasavonuusyrityskeskus.fi\\\/#\\\/schema\\\/person\\\/cb907743384ed05a34e24507870e18ef\",\"name\":\"It\u00e4-Savon Uusyrityskeskus\",\"sameAs\":[\"https:\\\/\\\/www.facebook.com\\\/isuyk\",\"https:\\\/\\\/www.instagram.com\\\/itasavonuusyrityskeskus\\\/\",\"https:\\\/\\\/www.linkedin.com\\\/company\\\/it-savon-uusyrityskeskus-ry\\\/\",\"https:\\\/\\\/www.youtube.com\\\/channel\\\/UC2iXSOU7DN9D-DMDfmYN-Yg\"]}]}<\/script>\n<!-- \/ Yoast SEO plugin. -->","yoast_head_json":{"title":"Etel\u00e4-Savossa ensimm\u00e4ist\u00e4 kertaa yritysten omistajanvaihdos toimijat koolla - It\u00e4-Savon Uusyrityskeskus","robots":{"index":"index","follow":"follow","max-snippet":"max-snippet:-1","max-image-preview":"max-image-preview:large","max-video-preview":"max-video-preview:-1"},"canonical":"https:\/\/itasavonuusyrityskeskus.fi\/etela-savossa-ensimmaista-kertaa-yritysten-omistajanvaihdos-toimijat-koolla\/","og_locale":"en_US","og_type":"article","og_title":"Etel\u00e4-Savossa ensimm\u00e4ist\u00e4 kertaa yritysten omistajanvaihdos toimijat koolla - It\u00e4-Savon Uusyrityskeskus","og_description":"Etel\u00e4-Savon ensimm\u00e4isen alueellisen Omistajanvaihdos-foorumin tavoitteena oli koota yhteen alueen toimijoita, joilla on keskeinen rooli omistajanvaihdoksissa. Yhteisty\u00f6n tiivist\u00e4minen ja verkoston vahvistaminen auttaa maakunnan yrityskauppojen...","og_url":"https:\/\/itasavonuusyrityskeskus.fi\/etela-savossa-ensimmaista-kertaa-yritysten-omistajanvaihdos-toimijat-koolla\/","og_site_name":"It\u00e4-Savon Uusyrityskeskus","article_publisher":"https:\/\/www.facebook.com\/isuyk\/","article_author":"https:\/\/www.facebook.com\/isuyk","article_published_time":"2024-02-19T08:33:06+00:00","og_image":[{"width":1920,"height":700,"url":"https:\/\/itasavonuusyrityskeskus.fi\/wp-content\/uploads\/2024\/02\/nettisivuille-kansikuvia-2024-02-14T143130.707-1200x630.png","type":"image\/png"}],"author":"It\u00e4-Savon Uusyrityskeskus","twitter_card":"summary_large_image","twitter_misc":{"Written by":"It\u00e4-Savon Uusyrityskeskus","Est. reading time":"3 minutes"},"schema":{"@context":"https:\/\/schema.org","@graph":[{"@type":"Article","@id":"https:\/\/itasavonuusyrityskeskus.fi\/etela-savossa-ensimmaista-kertaa-yritysten-omistajanvaihdos-toimijat-koolla\/#article","isPartOf":{"@id":"https:\/\/itasavonuusyrityskeskus.fi\/etela-savossa-ensimmaista-kertaa-yritysten-omistajanvaihdos-toimijat-koolla\/"},"author":{"name":"It\u00e4-Savon Uusyrityskeskus","@id":"https:\/\/itasavonuusyrityskeskus.fi\/#\/schema\/person\/cb907743384ed05a34e24507870e18ef"},"headline":"Etel\u00e4-Savossa ensimm\u00e4ist\u00e4 kertaa yritysten omistajanvaihdos toimijat koolla","datePublished":"2024-02-19T08:33:06+00:00","mainEntityOfPage":{"@id":"https:\/\/itasavonuusyrityskeskus.fi\/etela-savossa-ensimmaista-kertaa-yritysten-omistajanvaihdos-toimijat-koolla\/"},"wordCount":420,"publisher":{"@id":"https:\/\/itasavonuusyrityskeskus.fi\/#organization"},"image":{"@id":"https:\/\/itasavonuusyrityskeskus.fi\/etela-savossa-ensimmaista-kertaa-yritysten-omistajanvaihdos-toimijat-koolla\/#primaryimage"},"thumbnailUrl":"https:\/\/itasavonuusyrityskeskus.fi\/wp-content\/uploads\/2024\/02\/nettisivuille-kansikuvia-2024-02-14T143130.707.png","articleSection":["Yleinen"],"inLanguage":"en-US"},{"@type":"WebPage","@id":"https:\/\/itasavonuusyrityskeskus.fi\/etela-savossa-ensimmaista-kertaa-yritysten-omistajanvaihdos-toimijat-koolla\/","url":"https:\/\/itasavonuusyrityskeskus.fi\/etela-savossa-ensimmaista-kertaa-yritysten-omistajanvaihdos-toimijat-koolla\/","name":"Etel\u00e4-Savossa ensimm\u00e4ist\u00e4 kertaa yritysten omistajanvaihdos toimijat koolla - It\u00e4-Savon Uusyrityskeskus","isPartOf":{"@id":"https:\/\/itasavonuusyrityskeskus.fi\/#website"},"primaryImageOfPage":{"@id":"https:\/\/itasavonuusyrityskeskus.fi\/etela-savossa-ensimmaista-kertaa-yritysten-omistajanvaihdos-toimijat-koolla\/#primaryimage"},"image":{"@id":"https:\/\/itasavonuusyrityskeskus.fi\/etela-savossa-ensimmaista-kertaa-yritysten-omistajanvaihdos-toimijat-koolla\/#primaryimage"},"thumbnailUrl":"https:\/\/itasavonuusyrityskeskus.fi\/wp-content\/uploads\/2024\/02\/nettisivuille-kansikuvia-2024-02-14T143130.707.png","datePublished":"2024-02-19T08:33:06+00:00","inLanguage":"en-US","potentialAction":[{"@type":"ReadAction","target":["https:\/\/itasavonuusyrityskeskus.fi\/etela-savossa-ensimmaista-kertaa-yritysten-omistajanvaihdos-toimijat-koolla\/"]}]},{"@type":"ImageObject","inLanguage":"en-US","@id":"https:\/\/itasavonuusyrityskeskus.fi\/etela-savossa-ensimmaista-kertaa-yritysten-omistajanvaihdos-toimijat-koolla\/#primaryimage","url":"https:\/\/itasavonuusyrityskeskus.fi\/wp-content\/uploads\/2024\/02\/nettisivuille-kansikuvia-2024-02-14T143130.707.png","contentUrl":"https:\/\/itasavonuusyrityskeskus.fi\/wp-content\/uploads\/2024\/02\/nettisivuille-kansikuvia-2024-02-14T143130.707.png","width":1920,"height":700},{"@type":"WebSite","@id":"https:\/\/itasavonuusyrityskeskus.fi\/#website","url":"https:\/\/itasavonuusyrityskeskus.fi\/","name":"It\u00e4-Savon Uusyrityskeskus","description":"Yritt\u00e4jyyden alkutaipaleen neuvontapalvelut Savonlinnan seudulla","publisher":{"@id":"https:\/\/itasavonuusyrityskeskus.fi\/#organization"},"potentialAction":[{"@type":"SearchAction","target":{"@type":"EntryPoint","urlTemplate":"https:\/\/itasavonuusyrityskeskus.fi\/?s={search_term_string}"},"query-input":{"@type":"PropertyValueSpecification","valueRequired":true,"valueName":"search_term_string"}}],"inLanguage":"en-US"},{"@type":"Organization","@id":"https:\/\/itasavonuusyrityskeskus.fi\/#organization","name":"It\u00e4-Savon Uusyrityskeskus","url":"https:\/\/itasavonuusyrityskeskus.fi\/","logo":{"@type":"ImageObject","inLanguage":"en-US","@id":"https:\/\/itasavonuusyrityskeskus.fi\/#\/schema\/logo\/image\/","url":"https:\/\/itasavonuusyrityskeskus.fi\/wp-content\/uploads\/2021\/09\/logo-isuyk.png","contentUrl":"https:\/\/itasavonuusyrityskeskus.fi\/wp-content\/uploads\/2021\/09\/logo-isuyk.png","width":400,"height":137,"caption":"It\u00e4-Savon Uusyrityskeskus"},"image":{"@id":"https:\/\/itasavonuusyrityskeskus.fi\/#\/schema\/logo\/image\/"},"sameAs":["https:\/\/www.facebook.com\/isuyk\/"]},{"@type":"Person","@id":"https:\/\/itasavonuusyrityskeskus.fi\/#\/schema\/person\/cb907743384ed05a34e24507870e18ef","name":"It\u00e4-Savon Uusyrityskeskus","sameAs":["https:\/\/www.facebook.com\/isuyk","https:\/\/www.instagram.com\/itasavonuusyrityskeskus\/","https:\/\/www.linkedin.com\/company\/it-savon-uusyrityskeskus-ry\/","https:\/\/www.youtube.com\/channel\/UC2iXSOU7DN9D-DMDfmYN-Yg"]}]}},"_links":{"self":[{"href":"https:\/\/itasavonuusyrityskeskus.fi\/en\/wp-json\/wp\/v2\/posts\/5685","targetHints":{"allow":["GET"]}}],"collection":[{"href":"https:\/\/itasavonuusyrityskeskus.fi\/en\/wp-json\/wp\/v2\/posts"}],"about":[{"href":"https:\/\/itasavonuusyrityskeskus.fi\/en\/wp-json\/wp\/v2\/types\/post"}],"author":[{"embeddable":true,"href":"https:\/\/itasavonuusyrityskeskus.fi\/en\/wp-json\/wp\/v2\/users\/3"}],"replies":[{"embeddable":true,"href":"https:\/\/itasavonuusyrityskeskus.fi\/en\/wp-json\/wp\/v2\/comments?post=5685"}],"version-history":[{"count":1,"href":"https:\/\/itasavonuusyrityskeskus.fi\/en\/wp-json\/wp\/v2\/posts\/5685\/revisions"}],"predecessor-version":[{"id":5688,"href":"https:\/\/itasavonuusyrityskeskus.fi\/en\/wp-json\/wp\/v2\/posts\/5685\/revisions\/5688"}],"wp:featuredmedia":[{"embeddable":true,"href":"https:\/\/itasavonuusyrityskeskus.fi\/en\/wp-json\/wp\/v2\/media\/5686"}],"wp:attachment":[{"href":"https:\/\/itasavonuusyrityskeskus.fi\/en\/wp-json\/wp\/v2\/media?parent=5685"}],"wp:term":[{"taxonomy":"category","embeddable":true,"href":"https:\/\/itasavonuusyrityskeskus.fi\/en\/wp-json\/wp\/v2\/categories?post=5685"},{"taxonomy":"post_tag","embeddable":true,"href":"https:\/\/itasavonuusyrityskeskus.fi\/en\/wp-json\/wp\/v2\/tags?post=5685"}],"curies":[{"name":"wp","href":"https:\/\/api.w.org\/{rel}","templated":true}]}}