{"id":6164,"date":"2024-08-21T08:06:43","date_gmt":"2024-08-21T05:06:43","guid":{"rendered":"https:\/\/itasavonuusyrityskeskus.fi\/?p=6164"},"modified":"2024-08-21T08:13:46","modified_gmt":"2024-08-21T05:13:46","slug":"%e2%9c%a8-haemme-yritysvalmentajaa-ita-savon-uusyrityskeskukseen-%e2%9c%a8","status":"publish","type":"post","link":"https:\/\/itasavonuusyrityskeskus.fi\/en\/%e2%9c%a8-haemme-yritysvalmentajaa-ita-savon-uusyrityskeskukseen-%e2%9c%a8\/","title":{"rendered":"Haemme yritysvalmentajaa It\u00e4-Savon Uusyrityskeskukseen!"},"content":{"rendered":"<p>\u2728 <strong>Haemme vahvistusta tiimiimme<\/strong>\u00a0\u2728<\/p>\n<p>It\u00e4-Savon Uusyrityskeskus ry auttaa asiakkaitaan kehitt\u00e4m\u00e4\u00e4n ideoista kannattavaa liiketoimintaa, vakiinnuttamaan menestyksen mahdollisuudet ja onnistumaan yrityskaupassa. Nyt etsimme tiimiimme yritysvalmentajaa tukemaan paikallisia yritt\u00e4ji\u00e4 matkalla onnistumisiin! \ud83d\ude80<\/p>\n<p>Ty\u00f6teht\u00e4v\u00e4si keskittyv\u00e4t maakunnalliseen HELMI-hankkeeseen, jonka tavoitteena on edist\u00e4\u00e4 etel\u00e4savolaisten mikro- ja pk-yritysten jatkuvuutta onnistuneiden omistajanvaihdosten avulla. \ud83c\udf31<\/p>\n<p><strong>Teht\u00e4v\u00e4si:<\/strong><\/p>\n<ul>\n<li>Kohderyhm\u00e4n kontaktointi ja neuvonta omistajanvaihdosten edist\u00e4miseksi<\/li>\n<li>Jatkajahaun tukeminen ja valmennus<\/li>\n<li>Asiakas- ja verkostotapahtumien suunnittelu ja toteutus tiimin kanssa<\/li>\n<li>Toimenpiteiden markkinointi ja viestint\u00e4<\/li>\n<\/ul>\n<p><strong>Odotamme sinulta:<\/strong><\/p>\n<ul>\n<li>Kokemusta yritysneuvonnasta ja\/tai yritt\u00e4jyydest\u00e4<\/li>\n<li>Tuntemusta yritysmuodoista, rahoituksesta ja verotuksesta<\/li>\n<li>Tiimi- ja hankety\u00f6skentelykokemusta<\/li>\n<li>Digitaalisten ty\u00f6kalujen hallintaa<\/li>\n<li>Erinomaista suomen kielen taitoa ja perustason englannin kielen osaamista<\/li>\n<\/ul>\n<p>Olet oma-aloitteinen, yritt\u00e4j\u00e4henkinen ja asiakaspalveluhenkinen. Sinulla on AMK-tutkinto (ensisijaisesti liiketalouden alalta) tai vastaava osaaminen. Tarjoamme kokoaikaisen ty\u00f6n monipuolisissa teht\u00e4viss\u00e4 1.9.2024 alkaen tai sopimuksen mukaan hankkeen keston ajan eli 30.4.2025 saakka.<\/p>\n<p>L\u00e4het\u00e4 hakemuksesi palkkatoiveineen ja CV mahdollisimman pian osoitteeseen katja.remes@savonlinna.fi.<\/p>\n<p>Lis\u00e4tietoja saat s\u00e4hk\u00f6postitse tai numerosta 044 417 4960.<\/p>\n<p>\ud83c\udf10 www.itasavonuusyrityskeskus.fi<\/p>\n<p>Lue lis\u00e4\u00e4 hankkeesta: <a href=\"https:\/\/itasavonuusyrityskeskus.fi\/hanke\/helmi-hanke\/\">HELMI-hanke &#8211; It\u00e4-Savon Uusyrityskeskus (itasavonuusyrityskeskus.fi)<\/a><\/p>\n<p>Tartu tilaisuuteen ja liity mukaan luomaan tulevaisuuden menestystarinoita! \ud83c\udf1f<\/p>\n","protected":false},"excerpt":{"rendered":"<p>\u2728 Haemme vahvistusta tiimiimme\u00a0\u2728 It\u00e4-Savon Uusyrityskeskus ry auttaa asiakkaitaan kehitt\u00e4m\u00e4\u00e4n ideoista kannattavaa liiketoimintaa, vakiinnuttamaan menestyksen mahdollisuudet ja onnistumaan yrityskaupassa. Nyt etsimme tiimiimme yritysvalmentajaa&#8230;<\/p>\n","protected":false},"author":3,"featured_media":0,"comment_status":"closed","ping_status":"closed","sticky":false,"template":"","format":"standard","meta":{"footnotes":""},"categories":[1],"tags":[],"class_list":["post-6164","post","type-post","status-publish","format-standard","hentry","category-yleinen"],"yoast_head":"<!-- This site is optimized with the Yoast SEO plugin v27.5 - https:\/\/yoast.com\/product\/yoast-seo-wordpress\/ -->\n<title>Haemme yritysvalmentajaa It\u00e4-Savon Uusyrityskeskukseen! - It\u00e4-Savon Uusyrityskeskus<\/title>\n<meta name=\"robots\" content=\"index, follow, max-snippet:-1, max-image-preview:large, max-video-preview:-1\" \/>\n<link rel=\"canonical\" href=\"https:\/\/itasavonuusyrityskeskus.fi\/\u2728-haemme-yritysvalmentajaa-ita-savon-uusyrityskeskukseen-\u2728\/\" \/>\n<meta property=\"og:locale\" content=\"en_US\" \/>\n<meta property=\"og:type\" content=\"article\" \/>\n<meta property=\"og:title\" content=\"Haemme yritysvalmentajaa It\u00e4-Savon Uusyrityskeskukseen! - It\u00e4-Savon Uusyrityskeskus\" \/>\n<meta property=\"og:description\" content=\"\u2728 Haemme vahvistusta tiimiimme\u00a0\u2728 It\u00e4-Savon Uusyrityskeskus ry auttaa asiakkaitaan kehitt\u00e4m\u00e4\u00e4n ideoista kannattavaa liiketoimintaa, vakiinnuttamaan menestyksen mahdollisuudet ja onnistumaan yrityskaupassa. Nyt etsimme tiimiimme yritysvalmentajaa...\" \/>\n<meta property=\"og:url\" content=\"https:\/\/itasavonuusyrityskeskus.fi\/\u2728-haemme-yritysvalmentajaa-ita-savon-uusyrityskeskukseen-\u2728\/\" \/>\n<meta property=\"og:site_name\" content=\"It\u00e4-Savon Uusyrityskeskus\" \/>\n<meta property=\"article:publisher\" content=\"https:\/\/www.facebook.com\/isuyk\/\" \/>\n<meta property=\"article:author\" content=\"https:\/\/www.facebook.com\/isuyk\" \/>\n<meta property=\"article:published_time\" content=\"2024-08-21T05:06:43+00:00\" \/>\n<meta property=\"article:modified_time\" content=\"2024-08-21T05:13:46+00:00\" \/>\n<meta property=\"og:image\" content=\"https:\/\/itasavonuusyrityskeskus.fi\/wp-content\/uploads\/2022\/02\/og.jpg\" \/>\n\t<meta property=\"og:image:width\" content=\"1200\" \/>\n\t<meta property=\"og:image:height\" content=\"630\" \/>\n\t<meta property=\"og:image:type\" content=\"image\/jpeg\" \/>\n<meta name=\"author\" content=\"It\u00e4-Savon Uusyrityskeskus\" \/>\n<meta name=\"twitter:card\" content=\"summary_large_image\" \/>\n<meta name=\"twitter:label1\" content=\"Written by\" \/>\n\t<meta name=\"twitter:data1\" content=\"It\u00e4-Savon Uusyrityskeskus\" \/>\n\t<meta name=\"twitter:label2\" content=\"Est. reading time\" \/>\n\t<meta name=\"twitter:data2\" content=\"1 minute\" \/>\n<script type=\"application\/ld+json\" class=\"yoast-schema-graph\">{\"@context\":\"https:\\\/\\\/schema.org\",\"@graph\":[{\"@type\":\"Article\",\"@id\":\"https:\\\/\\\/itasavonuusyrityskeskus.fi\\\/%e2%9c%a8-haemme-yritysvalmentajaa-ita-savon-uusyrityskeskukseen-%e2%9c%a8\\\/#article\",\"isPartOf\":{\"@id\":\"https:\\\/\\\/itasavonuusyrityskeskus.fi\\\/%e2%9c%a8-haemme-yritysvalmentajaa-ita-savon-uusyrityskeskukseen-%e2%9c%a8\\\/\"},\"author\":{\"name\":\"It\u00e4-Savon Uusyrityskeskus\",\"@id\":\"https:\\\/\\\/itasavonuusyrityskeskus.fi\\\/#\\\/schema\\\/person\\\/cb907743384ed05a34e24507870e18ef\"},\"headline\":\"Haemme yritysvalmentajaa It\u00e4-Savon Uusyrityskeskukseen!\",\"datePublished\":\"2024-08-21T05:06:43+00:00\",\"dateModified\":\"2024-08-21T05:13:46+00:00\",\"mainEntityOfPage\":{\"@id\":\"https:\\\/\\\/itasavonuusyrityskeskus.fi\\\/%e2%9c%a8-haemme-yritysvalmentajaa-ita-savon-uusyrityskeskukseen-%e2%9c%a8\\\/\"},\"wordCount\":188,\"publisher\":{\"@id\":\"https:\\\/\\\/itasavonuusyrityskeskus.fi\\\/#organization\"},\"articleSection\":[\"Yleinen\"],\"inLanguage\":\"en-US\"},{\"@type\":\"WebPage\",\"@id\":\"https:\\\/\\\/itasavonuusyrityskeskus.fi\\\/%e2%9c%a8-haemme-yritysvalmentajaa-ita-savon-uusyrityskeskukseen-%e2%9c%a8\\\/\",\"url\":\"https:\\\/\\\/itasavonuusyrityskeskus.fi\\\/%e2%9c%a8-haemme-yritysvalmentajaa-ita-savon-uusyrityskeskukseen-%e2%9c%a8\\\/\",\"name\":\"Haemme yritysvalmentajaa It\u00e4-Savon Uusyrityskeskukseen! - It\u00e4-Savon Uusyrityskeskus\",\"isPartOf\":{\"@id\":\"https:\\\/\\\/itasavonuusyrityskeskus.fi\\\/#website\"},\"datePublished\":\"2024-08-21T05:06:43+00:00\",\"dateModified\":\"2024-08-21T05:13:46+00:00\",\"inLanguage\":\"en-US\",\"potentialAction\":[{\"@type\":\"ReadAction\",\"target\":[\"https:\\\/\\\/itasavonuusyrityskeskus.fi\\\/%e2%9c%a8-haemme-yritysvalmentajaa-ita-savon-uusyrityskeskukseen-%e2%9c%a8\\\/\"]}]},{\"@type\":\"WebSite\",\"@id\":\"https:\\\/\\\/itasavonuusyrityskeskus.fi\\\/#website\",\"url\":\"https:\\\/\\\/itasavonuusyrityskeskus.fi\\\/\",\"name\":\"It\u00e4-Savon Uusyrityskeskus\",\"description\":\"Yritt\u00e4jyyden alkutaipaleen neuvontapalvelut Savonlinnan seudulla\",\"publisher\":{\"@id\":\"https:\\\/\\\/itasavonuusyrityskeskus.fi\\\/#organization\"},\"potentialAction\":[{\"@type\":\"SearchAction\",\"target\":{\"@type\":\"EntryPoint\",\"urlTemplate\":\"https:\\\/\\\/itasavonuusyrityskeskus.fi\\\/?s={search_term_string}\"},\"query-input\":{\"@type\":\"PropertyValueSpecification\",\"valueRequired\":true,\"valueName\":\"search_term_string\"}}],\"inLanguage\":\"en-US\"},{\"@type\":\"Organization\",\"@id\":\"https:\\\/\\\/itasavonuusyrityskeskus.fi\\\/#organization\",\"name\":\"It\u00e4-Savon Uusyrityskeskus\",\"url\":\"https:\\\/\\\/itasavonuusyrityskeskus.fi\\\/\",\"logo\":{\"@type\":\"ImageObject\",\"inLanguage\":\"en-US\",\"@id\":\"https:\\\/\\\/itasavonuusyrityskeskus.fi\\\/#\\\/schema\\\/logo\\\/image\\\/\",\"url\":\"https:\\\/\\\/itasavonuusyrityskeskus.fi\\\/wp-content\\\/uploads\\\/2021\\\/09\\\/logo-isuyk.png\",\"contentUrl\":\"https:\\\/\\\/itasavonuusyrityskeskus.fi\\\/wp-content\\\/uploads\\\/2021\\\/09\\\/logo-isuyk.png\",\"width\":400,\"height\":137,\"caption\":\"It\u00e4-Savon Uusyrityskeskus\"},\"image\":{\"@id\":\"https:\\\/\\\/itasavonuusyrityskeskus.fi\\\/#\\\/schema\\\/logo\\\/image\\\/\"},\"sameAs\":[\"https:\\\/\\\/www.facebook.com\\\/isuyk\\\/\"]},{\"@type\":\"Person\",\"@id\":\"https:\\\/\\\/itasavonuusyrityskeskus.fi\\\/#\\\/schema\\\/person\\\/cb907743384ed05a34e24507870e18ef\",\"name\":\"It\u00e4-Savon Uusyrityskeskus\",\"sameAs\":[\"https:\\\/\\\/www.facebook.com\\\/isuyk\",\"https:\\\/\\\/www.instagram.com\\\/itasavonuusyrityskeskus\\\/\",\"https:\\\/\\\/www.linkedin.com\\\/company\\\/it-savon-uusyrityskeskus-ry\\\/\",\"https:\\\/\\\/www.youtube.com\\\/channel\\\/UC2iXSOU7DN9D-DMDfmYN-Yg\"]}]}<\/script>\n<!-- \/ Yoast SEO plugin. -->","yoast_head_json":{"title":"Haemme yritysvalmentajaa It\u00e4-Savon Uusyrityskeskukseen! - It\u00e4-Savon Uusyrityskeskus","robots":{"index":"index","follow":"follow","max-snippet":"max-snippet:-1","max-image-preview":"max-image-preview:large","max-video-preview":"max-video-preview:-1"},"canonical":"https:\/\/itasavonuusyrityskeskus.fi\/\u2728-haemme-yritysvalmentajaa-ita-savon-uusyrityskeskukseen-\u2728\/","og_locale":"en_US","og_type":"article","og_title":"Haemme yritysvalmentajaa It\u00e4-Savon Uusyrityskeskukseen! - It\u00e4-Savon Uusyrityskeskus","og_description":"\u2728 Haemme vahvistusta tiimiimme\u00a0\u2728 It\u00e4-Savon Uusyrityskeskus ry auttaa asiakkaitaan kehitt\u00e4m\u00e4\u00e4n ideoista kannattavaa liiketoimintaa, vakiinnuttamaan menestyksen mahdollisuudet ja onnistumaan yrityskaupassa. Nyt etsimme tiimiimme yritysvalmentajaa...","og_url":"https:\/\/itasavonuusyrityskeskus.fi\/\u2728-haemme-yritysvalmentajaa-ita-savon-uusyrityskeskukseen-\u2728\/","og_site_name":"It\u00e4-Savon Uusyrityskeskus","article_publisher":"https:\/\/www.facebook.com\/isuyk\/","article_author":"https:\/\/www.facebook.com\/isuyk","article_published_time":"2024-08-21T05:06:43+00:00","article_modified_time":"2024-08-21T05:13:46+00:00","og_image":[{"width":1200,"height":630,"url":"https:\/\/itasavonuusyrityskeskus.fi\/wp-content\/uploads\/2022\/02\/og.jpg","type":"image\/jpeg"}],"author":"It\u00e4-Savon Uusyrityskeskus","twitter_card":"summary_large_image","twitter_misc":{"Written by":"It\u00e4-Savon Uusyrityskeskus","Est. reading time":"1 minute"},"schema":{"@context":"https:\/\/schema.org","@graph":[{"@type":"Article","@id":"https:\/\/itasavonuusyrityskeskus.fi\/%e2%9c%a8-haemme-yritysvalmentajaa-ita-savon-uusyrityskeskukseen-%e2%9c%a8\/#article","isPartOf":{"@id":"https:\/\/itasavonuusyrityskeskus.fi\/%e2%9c%a8-haemme-yritysvalmentajaa-ita-savon-uusyrityskeskukseen-%e2%9c%a8\/"},"author":{"name":"It\u00e4-Savon Uusyrityskeskus","@id":"https:\/\/itasavonuusyrityskeskus.fi\/#\/schema\/person\/cb907743384ed05a34e24507870e18ef"},"headline":"Haemme yritysvalmentajaa It\u00e4-Savon Uusyrityskeskukseen!","datePublished":"2024-08-21T05:06:43+00:00","dateModified":"2024-08-21T05:13:46+00:00","mainEntityOfPage":{"@id":"https:\/\/itasavonuusyrityskeskus.fi\/%e2%9c%a8-haemme-yritysvalmentajaa-ita-savon-uusyrityskeskukseen-%e2%9c%a8\/"},"wordCount":188,"publisher":{"@id":"https:\/\/itasavonuusyrityskeskus.fi\/#organization"},"articleSection":["Yleinen"],"inLanguage":"en-US"},{"@type":"WebPage","@id":"https:\/\/itasavonuusyrityskeskus.fi\/%e2%9c%a8-haemme-yritysvalmentajaa-ita-savon-uusyrityskeskukseen-%e2%9c%a8\/","url":"https:\/\/itasavonuusyrityskeskus.fi\/%e2%9c%a8-haemme-yritysvalmentajaa-ita-savon-uusyrityskeskukseen-%e2%9c%a8\/","name":"Haemme yritysvalmentajaa It\u00e4-Savon Uusyrityskeskukseen! - It\u00e4-Savon Uusyrityskeskus","isPartOf":{"@id":"https:\/\/itasavonuusyrityskeskus.fi\/#website"},"datePublished":"2024-08-21T05:06:43+00:00","dateModified":"2024-08-21T05:13:46+00:00","inLanguage":"en-US","potentialAction":[{"@type":"ReadAction","target":["https:\/\/itasavonuusyrityskeskus.fi\/%e2%9c%a8-haemme-yritysvalmentajaa-ita-savon-uusyrityskeskukseen-%e2%9c%a8\/"]}]},{"@type":"WebSite","@id":"https:\/\/itasavonuusyrityskeskus.fi\/#website","url":"https:\/\/itasavonuusyrityskeskus.fi\/","name":"It\u00e4-Savon Uusyrityskeskus","description":"Yritt\u00e4jyyden alkutaipaleen neuvontapalvelut Savonlinnan seudulla","publisher":{"@id":"https:\/\/itasavonuusyrityskeskus.fi\/#organization"},"potentialAction":[{"@type":"SearchAction","target":{"@type":"EntryPoint","urlTemplate":"https:\/\/itasavonuusyrityskeskus.fi\/?s={search_term_string}"},"query-input":{"@type":"PropertyValueSpecification","valueRequired":true,"valueName":"search_term_string"}}],"inLanguage":"en-US"},{"@type":"Organization","@id":"https:\/\/itasavonuusyrityskeskus.fi\/#organization","name":"It\u00e4-Savon Uusyrityskeskus","url":"https:\/\/itasavonuusyrityskeskus.fi\/","logo":{"@type":"ImageObject","inLanguage":"en-US","@id":"https:\/\/itasavonuusyrityskeskus.fi\/#\/schema\/logo\/image\/","url":"https:\/\/itasavonuusyrityskeskus.fi\/wp-content\/uploads\/2021\/09\/logo-isuyk.png","contentUrl":"https:\/\/itasavonuusyrityskeskus.fi\/wp-content\/uploads\/2021\/09\/logo-isuyk.png","width":400,"height":137,"caption":"It\u00e4-Savon Uusyrityskeskus"},"image":{"@id":"https:\/\/itasavonuusyrityskeskus.fi\/#\/schema\/logo\/image\/"},"sameAs":["https:\/\/www.facebook.com\/isuyk\/"]},{"@type":"Person","@id":"https:\/\/itasavonuusyrityskeskus.fi\/#\/schema\/person\/cb907743384ed05a34e24507870e18ef","name":"It\u00e4-Savon Uusyrityskeskus","sameAs":["https:\/\/www.facebook.com\/isuyk","https:\/\/www.instagram.com\/itasavonuusyrityskeskus\/","https:\/\/www.linkedin.com\/company\/it-savon-uusyrityskeskus-ry\/","https:\/\/www.youtube.com\/channel\/UC2iXSOU7DN9D-DMDfmYN-Yg"]}]}},"_links":{"self":[{"href":"https:\/\/itasavonuusyrityskeskus.fi\/en\/wp-json\/wp\/v2\/posts\/6164","targetHints":{"allow":["GET"]}}],"collection":[{"href":"https:\/\/itasavonuusyrityskeskus.fi\/en\/wp-json\/wp\/v2\/posts"}],"about":[{"href":"https:\/\/itasavonuusyrityskeskus.fi\/en\/wp-json\/wp\/v2\/types\/post"}],"author":[{"embeddable":true,"href":"https:\/\/itasavonuusyrityskeskus.fi\/en\/wp-json\/wp\/v2\/users\/3"}],"replies":[{"embeddable":true,"href":"https:\/\/itasavonuusyrityskeskus.fi\/en\/wp-json\/wp\/v2\/comments?post=6164"}],"version-history":[{"count":3,"href":"https:\/\/itasavonuusyrityskeskus.fi\/en\/wp-json\/wp\/v2\/posts\/6164\/revisions"}],"predecessor-version":[{"id":6167,"href":"https:\/\/itasavonuusyrityskeskus.fi\/en\/wp-json\/wp\/v2\/posts\/6164\/revisions\/6167"}],"wp:attachment":[{"href":"https:\/\/itasavonuusyrityskeskus.fi\/en\/wp-json\/wp\/v2\/media?parent=6164"}],"wp:term":[{"taxonomy":"category","embeddable":true,"href":"https:\/\/itasavonuusyrityskeskus.fi\/en\/wp-json\/wp\/v2\/categories?post=6164"},{"taxonomy":"post_tag","embeddable":true,"href":"https:\/\/itasavonuusyrityskeskus.fi\/en\/wp-json\/wp\/v2\/tags?post=6164"}],"curies":[{"name":"wp","href":"https:\/\/api.w.org\/{rel}","templated":true}]}}