{"id":6291,"date":"2024-10-07T17:00:39","date_gmt":"2024-10-07T14:00:39","guid":{"rendered":"https:\/\/itasavonuusyrityskeskus.fi\/?p=6291"},"modified":"2024-10-07T17:01:44","modified_gmt":"2024-10-07T14:01:44","slug":"uusi-yritysvalmentajamme-johanna-kristiansson-esittaytyy","status":"publish","type":"post","link":"https:\/\/itasavonuusyrityskeskus.fi\/en\/uusi-yritysvalmentajamme-johanna-kristiansson-esittaytyy\/","title":{"rendered":"Uusi yritysvalmentajamme Johanna Kristiansson esitt\u00e4ytyy"},"content":{"rendered":"<div class=\"xdj266r x11i5rnm xat24cr x1mh8g0r x1vvkbs x126k92a\">\n<div dir=\"auto\">Moi, mie oon Johanna!<\/div>\n<\/div>\n<div class=\"x11i5rnm xat24cr x1mh8g0r x1vvkbs xtlvy1s x126k92a\">\n<div dir=\"auto\">Aloitin \u00e4skett\u00e4in yritysvalmentajana Uusyrityskeskuksella.<\/div>\n<\/div>\n<div class=\"x11i5rnm xat24cr x1mh8g0r x1vvkbs xtlvy1s x126k92a\">\n<div dir=\"auto\">Kerron teille hieman tarinaani:<\/div>\n<div dir=\"auto\">Olemme mieheni kanssa reilut 10 vuotta sitten perustaneet perheyrityksemme t\u00e4\u00e4ll\u00e4 Uusyrityskeskuksessa. Ravintola Kansakoulu avautui 2012 ja mie hypp\u00e4sin t\u00e4ysip\u00e4iv\u00e4isesti yritt\u00e4j\u00e4ksi mukaan vuonna 2015 (huomatessamme ravintolan saaneen lent\u00e4v\u00e4n l\u00e4hd\u00f6n ja vakiintuneen asiakaskunnan eritt\u00e4in onnistuneen ravintolan br\u00e4nd\u00e4yksen ja konseptoinnin my\u00f6t\u00e4). Vuonna 2014 tuotekehityksen tuloksena lounasp\u00f6yt\u00e4\u00e4n syntyi my\u00f6s Jyrkin Jyv\u00e4leip\u00e4, jota jo alusta asti himoittiin kauppoihin myyt\u00e4v\u00e4ksi. Leiv\u00e4n kysynn\u00e4n suorastaan r\u00e4j\u00e4ht\u00e4ess\u00e4, teimme strategisen p\u00e4\u00e4t\u00f6ksen luopua ravintolasta ja siirryimme pelk\u00e4st\u00e4\u00e4n leipomoyritt\u00e4jiksi. Vuodesta 2015 elokuuhun 2024 valmistimme ja toimitimme Jyv\u00e4leip\u00e4\u00e4 laajalti Etel\u00e4-Savossa kauppoihin.<\/div>\n<\/div>\n<div class=\"x11i5rnm xat24cr x1mh8g0r x1vvkbs xtlvy1s x126k92a\">\n<div dir=\"auto\">Vuoden 2023 aikana kypsyi kuitenkin ajatus (vai liek\u00f6 ik\u00e4kriisi<span class=\"html-span xexx8yu x4uap5 x18d9i69 xkhd6sd x1hl2dhg x16tdsg8 x1vvkbs x3nfvp2 x1j61x8r x1fcty0u xdj266r xat24cr xgzva0m xhhsvwb xxymvpz xlup9mm x1kky2od\"><img loading=\"lazy\" decoding=\"async\" class=\"xz74otr\" src=\"https:\/\/static.xx.fbcdn.net\/images\/emoji.php\/v9\/t7f\/1\/16\/1f60a.png\" alt=\"\ud83d\ude0a\" width=\"16\" height=\"16\" \/><\/span>), ett\u00e4 voisimme ty\u00f6urillamme tehd\u00e4 viel\u00e4 muutakin ja laitoimme leipomon myyntiin \u2013 j\u00e4lleen Uusyrityskeskus apunamme.<\/div>\n<\/div>\n<div class=\"x11i5rnm xat24cr x1mh8g0r x1vvkbs xtlvy1s x126k92a\">\n<div dir=\"auto\">Yritt\u00e4jyydess\u00e4 parasta on ollut toimiminen oman arvonpohjan mukaisesti. Yritt\u00e4jyytt\u00e4ni ohjaavia arvoja ovat olleet asiakasl\u00e4ht\u00f6isyys, laatutietoisuus ja laadun yll\u00e4pit\u00e4minen, riitt\u00e4v\u00e4n toimeentulon varmistaminen, havaittuun tarpeeseen vastaaminen sek\u00e4 pitk\u00e4j\u00e4nteinen ty\u00f6nteko kohti omia tavoitteita.<\/div>\n<\/div>\n<div class=\"x11i5rnm xat24cr x1mh8g0r x1vvkbs xtlvy1s x126k92a\">\n<div dir=\"auto\">Koen, ett\u00e4 yritysvalmentajana pystyn samaistumaan tuleviin uusiin yritt\u00e4jiin, yritystoiminnan kehitt\u00e4jiin sek\u00e4 yrityksest\u00e4 luopujiinkin \u2013 tarttumapintaa omien kokemuksien kautta on kertynyt mukavasti. Lis\u00e4ksi tuskin haittaakaan on aiemmasta ty\u00f6kokemuksesta reilun 10 vuoden ajalta kaupan alan esimiehen\u00e4 <span class=\"html-span xexx8yu x4uap5 x18d9i69 xkhd6sd x1hl2dhg x16tdsg8 x1vvkbs x3nfvp2 x1j61x8r x1fcty0u xdj266r xat24cr xgzva0m xhhsvwb xxymvpz xlup9mm x1kky2od\"><img loading=\"lazy\" decoding=\"async\" class=\"xz74otr\" src=\"https:\/\/static.xx.fbcdn.net\/images\/emoji.php\/v9\/t7f\/1\/16\/1f60a.png\" alt=\"\ud83d\ude0a\" width=\"16\" height=\"16\" \/><\/span> Pohjakoulutukseltani olen yo-merkonomi. Osaamistani olen t\u00e4ydent\u00e4nyt ty\u00f6n ohessa kaupan esimieskoulutuksissa.<\/div>\n<\/div>\n<div class=\"x11i5rnm xat24cr x1mh8g0r x1vvkbs xtlvy1s x126k92a\">\n<div dir=\"auto\">Yritysvalmentajana lupaan olla ihmisl\u00e4heinen ja valmiina kulkemaan yritt\u00e4j\u00e4polulla yhdess\u00e4 kanssasi sen eri vaiheissa, v\u00e4lill\u00e4 yhdess\u00e4 onnistuen ja v\u00e4lill\u00e4 haasteita taklaten \u2013 mielenkiinnolla j\u00e4\u00e4n odottelemaan ja kuulostelemaan yritysideaasi \u2013 otathan yhteytt\u00e4 <span class=\"html-span xexx8yu x4uap5 x18d9i69 xkhd6sd x1hl2dhg x16tdsg8 x1vvkbs x3nfvp2 x1j61x8r x1fcty0u xdj266r xat24cr xgzva0m xhhsvwb xxymvpz xlup9mm x1kky2od\"><img loading=\"lazy\" decoding=\"async\" class=\"xz74otr\" src=\"https:\/\/static.xx.fbcdn.net\/images\/emoji.php\/v9\/t7f\/1\/16\/1f60a.png\" alt=\"\ud83d\ude0a\" width=\"16\" height=\"16\" \/><\/span><\/div>\n<\/div>\n<div class=\"x11i5rnm xat24cr x1mh8g0r x1vvkbs xtlvy1s x126k92a\">\n<div dir=\"auto\">Terveisin,<\/div>\n<div dir=\"auto\">Johanna Kristiansson<\/div>\n<\/div>\n","protected":false},"excerpt":{"rendered":"<p>Moi, mie oon Johanna! Aloitin \u00e4skett\u00e4in yritysvalmentajana Uusyrityskeskuksella. Kerron teille hieman tarinaani: Olemme mieheni kanssa reilut 10 vuotta sitten perustaneet perheyrityksemme t\u00e4\u00e4ll\u00e4 Uusyrityskeskuksessa&#8230;.<\/p>\n","protected":false},"author":3,"featured_media":6289,"comment_status":"closed","ping_status":"closed","sticky":false,"template":"","format":"standard","meta":{"footnotes":""},"categories":[1],"tags":[],"class_list":["post-6291","post","type-post","status-publish","format-standard","has-post-thumbnail","hentry","category-yleinen","dg_entrepreneur_category-yrittajille"],"yoast_head":"<!-- This site is optimized with the Yoast SEO plugin v27.5 - https:\/\/yoast.com\/product\/yoast-seo-wordpress\/ -->\n<title>Uusi yritysvalmentajamme Johanna Kristiansson esitt\u00e4ytyy - It\u00e4-Savon Uusyrityskeskus<\/title>\n<meta name=\"robots\" content=\"index, follow, max-snippet:-1, max-image-preview:large, max-video-preview:-1\" \/>\n<link rel=\"canonical\" href=\"https:\/\/itasavonuusyrityskeskus.fi\/uusi-yritysvalmentajamme-johanna-kristiansson-esittaytyy\/\" \/>\n<meta property=\"og:locale\" content=\"en_US\" \/>\n<meta property=\"og:type\" content=\"article\" \/>\n<meta property=\"og:title\" content=\"Uusi yritysvalmentajamme Johanna Kristiansson esitt\u00e4ytyy - It\u00e4-Savon Uusyrityskeskus\" \/>\n<meta property=\"og:description\" content=\"Moi, mie oon Johanna! Aloitin \u00e4skett\u00e4in yritysvalmentajana Uusyrityskeskuksella. Kerron teille hieman tarinaani: Olemme mieheni kanssa reilut 10 vuotta sitten perustaneet perheyrityksemme t\u00e4\u00e4ll\u00e4 Uusyrityskeskuksessa....\" \/>\n<meta property=\"og:url\" content=\"https:\/\/itasavonuusyrityskeskus.fi\/uusi-yritysvalmentajamme-johanna-kristiansson-esittaytyy\/\" \/>\n<meta property=\"og:site_name\" content=\"It\u00e4-Savon Uusyrityskeskus\" \/>\n<meta property=\"article:publisher\" content=\"https:\/\/www.facebook.com\/isuyk\/\" \/>\n<meta property=\"article:author\" content=\"https:\/\/www.facebook.com\/isuyk\" \/>\n<meta property=\"article:published_time\" content=\"2024-10-07T14:00:39+00:00\" \/>\n<meta property=\"article:modified_time\" content=\"2024-10-07T14:01:44+00:00\" \/>\n<meta property=\"og:image\" content=\"https:\/\/itasavonuusyrityskeskus.fi\/wp-content\/uploads\/2022\/01\/johanna-e1728309628464.jpg\" \/>\n\t<meta property=\"og:image:width\" content=\"508\" \/>\n\t<meta property=\"og:image:height\" content=\"418\" \/>\n\t<meta property=\"og:image:type\" content=\"image\/jpeg\" \/>\n<meta name=\"author\" content=\"It\u00e4-Savon Uusyrityskeskus\" \/>\n<meta name=\"twitter:card\" content=\"summary_large_image\" \/>\n<meta name=\"twitter:label1\" content=\"Written by\" \/>\n\t<meta name=\"twitter:data1\" content=\"It\u00e4-Savon Uusyrityskeskus\" \/>\n\t<meta name=\"twitter:label2\" content=\"Est. reading time\" \/>\n\t<meta name=\"twitter:data2\" content=\"3 minutes\" \/>\n<script type=\"application\/ld+json\" class=\"yoast-schema-graph\">{\"@context\":\"https:\\\/\\\/schema.org\",\"@graph\":[{\"@type\":\"Article\",\"@id\":\"https:\\\/\\\/itasavonuusyrityskeskus.fi\\\/uusi-yritysvalmentajamme-johanna-kristiansson-esittaytyy\\\/#article\",\"isPartOf\":{\"@id\":\"https:\\\/\\\/itasavonuusyrityskeskus.fi\\\/uusi-yritysvalmentajamme-johanna-kristiansson-esittaytyy\\\/\"},\"author\":{\"name\":\"It\u00e4-Savon Uusyrityskeskus\",\"@id\":\"https:\\\/\\\/itasavonuusyrityskeskus.fi\\\/#\\\/schema\\\/person\\\/cb907743384ed05a34e24507870e18ef\"},\"headline\":\"Uusi yritysvalmentajamme Johanna Kristiansson esitt\u00e4ytyy\",\"datePublished\":\"2024-10-07T14:00:39+00:00\",\"dateModified\":\"2024-10-07T14:01:44+00:00\",\"mainEntityOfPage\":{\"@id\":\"https:\\\/\\\/itasavonuusyrityskeskus.fi\\\/uusi-yritysvalmentajamme-johanna-kristiansson-esittaytyy\\\/\"},\"wordCount\":276,\"publisher\":{\"@id\":\"https:\\\/\\\/itasavonuusyrityskeskus.fi\\\/#organization\"},\"image\":{\"@id\":\"https:\\\/\\\/itasavonuusyrityskeskus.fi\\\/uusi-yritysvalmentajamme-johanna-kristiansson-esittaytyy\\\/#primaryimage\"},\"thumbnailUrl\":\"https:\\\/\\\/itasavonuusyrityskeskus.fi\\\/wp-content\\\/uploads\\\/2022\\\/01\\\/johanna-e1728309628464.jpg\",\"articleSection\":[\"Yleinen\"],\"inLanguage\":\"en-US\"},{\"@type\":\"WebPage\",\"@id\":\"https:\\\/\\\/itasavonuusyrityskeskus.fi\\\/uusi-yritysvalmentajamme-johanna-kristiansson-esittaytyy\\\/\",\"url\":\"https:\\\/\\\/itasavonuusyrityskeskus.fi\\\/uusi-yritysvalmentajamme-johanna-kristiansson-esittaytyy\\\/\",\"name\":\"Uusi yritysvalmentajamme Johanna Kristiansson esitt\u00e4ytyy - It\u00e4-Savon Uusyrityskeskus\",\"isPartOf\":{\"@id\":\"https:\\\/\\\/itasavonuusyrityskeskus.fi\\\/#website\"},\"primaryImageOfPage\":{\"@id\":\"https:\\\/\\\/itasavonuusyrityskeskus.fi\\\/uusi-yritysvalmentajamme-johanna-kristiansson-esittaytyy\\\/#primaryimage\"},\"image\":{\"@id\":\"https:\\\/\\\/itasavonuusyrityskeskus.fi\\\/uusi-yritysvalmentajamme-johanna-kristiansson-esittaytyy\\\/#primaryimage\"},\"thumbnailUrl\":\"https:\\\/\\\/itasavonuusyrityskeskus.fi\\\/wp-content\\\/uploads\\\/2022\\\/01\\\/johanna-e1728309628464.jpg\",\"datePublished\":\"2024-10-07T14:00:39+00:00\",\"dateModified\":\"2024-10-07T14:01:44+00:00\",\"inLanguage\":\"en-US\",\"potentialAction\":[{\"@type\":\"ReadAction\",\"target\":[\"https:\\\/\\\/itasavonuusyrityskeskus.fi\\\/uusi-yritysvalmentajamme-johanna-kristiansson-esittaytyy\\\/\"]}]},{\"@type\":\"ImageObject\",\"inLanguage\":\"en-US\",\"@id\":\"https:\\\/\\\/itasavonuusyrityskeskus.fi\\\/uusi-yritysvalmentajamme-johanna-kristiansson-esittaytyy\\\/#primaryimage\",\"url\":\"https:\\\/\\\/itasavonuusyrityskeskus.fi\\\/wp-content\\\/uploads\\\/2022\\\/01\\\/johanna-e1728309628464.jpg\",\"contentUrl\":\"https:\\\/\\\/itasavonuusyrityskeskus.fi\\\/wp-content\\\/uploads\\\/2022\\\/01\\\/johanna-e1728309628464.jpg\",\"width\":508,\"height\":418,\"caption\":\"Yritysvalmentaja Johanna Kristiansson\"},{\"@type\":\"WebSite\",\"@id\":\"https:\\\/\\\/itasavonuusyrityskeskus.fi\\\/#website\",\"url\":\"https:\\\/\\\/itasavonuusyrityskeskus.fi\\\/\",\"name\":\"It\u00e4-Savon Uusyrityskeskus\",\"description\":\"Yritt\u00e4jyyden alkutaipaleen neuvontapalvelut Savonlinnan seudulla\",\"publisher\":{\"@id\":\"https:\\\/\\\/itasavonuusyrityskeskus.fi\\\/#organization\"},\"potentialAction\":[{\"@type\":\"SearchAction\",\"target\":{\"@type\":\"EntryPoint\",\"urlTemplate\":\"https:\\\/\\\/itasavonuusyrityskeskus.fi\\\/?s={search_term_string}\"},\"query-input\":{\"@type\":\"PropertyValueSpecification\",\"valueRequired\":true,\"valueName\":\"search_term_string\"}}],\"inLanguage\":\"en-US\"},{\"@type\":\"Organization\",\"@id\":\"https:\\\/\\\/itasavonuusyrityskeskus.fi\\\/#organization\",\"name\":\"It\u00e4-Savon Uusyrityskeskus\",\"url\":\"https:\\\/\\\/itasavonuusyrityskeskus.fi\\\/\",\"logo\":{\"@type\":\"ImageObject\",\"inLanguage\":\"en-US\",\"@id\":\"https:\\\/\\\/itasavonuusyrityskeskus.fi\\\/#\\\/schema\\\/logo\\\/image\\\/\",\"url\":\"https:\\\/\\\/itasavonuusyrityskeskus.fi\\\/wp-content\\\/uploads\\\/2021\\\/09\\\/logo-isuyk.png\",\"contentUrl\":\"https:\\\/\\\/itasavonuusyrityskeskus.fi\\\/wp-content\\\/uploads\\\/2021\\\/09\\\/logo-isuyk.png\",\"width\":400,\"height\":137,\"caption\":\"It\u00e4-Savon Uusyrityskeskus\"},\"image\":{\"@id\":\"https:\\\/\\\/itasavonuusyrityskeskus.fi\\\/#\\\/schema\\\/logo\\\/image\\\/\"},\"sameAs\":[\"https:\\\/\\\/www.facebook.com\\\/isuyk\\\/\"]},{\"@type\":\"Person\",\"@id\":\"https:\\\/\\\/itasavonuusyrityskeskus.fi\\\/#\\\/schema\\\/person\\\/cb907743384ed05a34e24507870e18ef\",\"name\":\"It\u00e4-Savon Uusyrityskeskus\",\"sameAs\":[\"https:\\\/\\\/www.facebook.com\\\/isuyk\",\"https:\\\/\\\/www.instagram.com\\\/itasavonuusyrityskeskus\\\/\",\"https:\\\/\\\/www.linkedin.com\\\/company\\\/it-savon-uusyrityskeskus-ry\\\/\",\"https:\\\/\\\/www.youtube.com\\\/channel\\\/UC2iXSOU7DN9D-DMDfmYN-Yg\"]}]}<\/script>\n<!-- \/ Yoast SEO plugin. -->","yoast_head_json":{"title":"Uusi yritysvalmentajamme Johanna Kristiansson esitt\u00e4ytyy - It\u00e4-Savon Uusyrityskeskus","robots":{"index":"index","follow":"follow","max-snippet":"max-snippet:-1","max-image-preview":"max-image-preview:large","max-video-preview":"max-video-preview:-1"},"canonical":"https:\/\/itasavonuusyrityskeskus.fi\/uusi-yritysvalmentajamme-johanna-kristiansson-esittaytyy\/","og_locale":"en_US","og_type":"article","og_title":"Uusi yritysvalmentajamme Johanna Kristiansson esitt\u00e4ytyy - It\u00e4-Savon Uusyrityskeskus","og_description":"Moi, mie oon Johanna! Aloitin \u00e4skett\u00e4in yritysvalmentajana Uusyrityskeskuksella. Kerron teille hieman tarinaani: Olemme mieheni kanssa reilut 10 vuotta sitten perustaneet perheyrityksemme t\u00e4\u00e4ll\u00e4 Uusyrityskeskuksessa....","og_url":"https:\/\/itasavonuusyrityskeskus.fi\/uusi-yritysvalmentajamme-johanna-kristiansson-esittaytyy\/","og_site_name":"It\u00e4-Savon Uusyrityskeskus","article_publisher":"https:\/\/www.facebook.com\/isuyk\/","article_author":"https:\/\/www.facebook.com\/isuyk","article_published_time":"2024-10-07T14:00:39+00:00","article_modified_time":"2024-10-07T14:01:44+00:00","og_image":[{"width":508,"height":418,"url":"https:\/\/itasavonuusyrityskeskus.fi\/wp-content\/uploads\/2022\/01\/johanna-e1728309628464.jpg","type":"image\/jpeg"}],"author":"It\u00e4-Savon Uusyrityskeskus","twitter_card":"summary_large_image","twitter_misc":{"Written by":"It\u00e4-Savon Uusyrityskeskus","Est. reading time":"3 minutes"},"schema":{"@context":"https:\/\/schema.org","@graph":[{"@type":"Article","@id":"https:\/\/itasavonuusyrityskeskus.fi\/uusi-yritysvalmentajamme-johanna-kristiansson-esittaytyy\/#article","isPartOf":{"@id":"https:\/\/itasavonuusyrityskeskus.fi\/uusi-yritysvalmentajamme-johanna-kristiansson-esittaytyy\/"},"author":{"name":"It\u00e4-Savon Uusyrityskeskus","@id":"https:\/\/itasavonuusyrityskeskus.fi\/#\/schema\/person\/cb907743384ed05a34e24507870e18ef"},"headline":"Uusi yritysvalmentajamme Johanna Kristiansson esitt\u00e4ytyy","datePublished":"2024-10-07T14:00:39+00:00","dateModified":"2024-10-07T14:01:44+00:00","mainEntityOfPage":{"@id":"https:\/\/itasavonuusyrityskeskus.fi\/uusi-yritysvalmentajamme-johanna-kristiansson-esittaytyy\/"},"wordCount":276,"publisher":{"@id":"https:\/\/itasavonuusyrityskeskus.fi\/#organization"},"image":{"@id":"https:\/\/itasavonuusyrityskeskus.fi\/uusi-yritysvalmentajamme-johanna-kristiansson-esittaytyy\/#primaryimage"},"thumbnailUrl":"https:\/\/itasavonuusyrityskeskus.fi\/wp-content\/uploads\/2022\/01\/johanna-e1728309628464.jpg","articleSection":["Yleinen"],"inLanguage":"en-US"},{"@type":"WebPage","@id":"https:\/\/itasavonuusyrityskeskus.fi\/uusi-yritysvalmentajamme-johanna-kristiansson-esittaytyy\/","url":"https:\/\/itasavonuusyrityskeskus.fi\/uusi-yritysvalmentajamme-johanna-kristiansson-esittaytyy\/","name":"Uusi yritysvalmentajamme Johanna Kristiansson esitt\u00e4ytyy - It\u00e4-Savon Uusyrityskeskus","isPartOf":{"@id":"https:\/\/itasavonuusyrityskeskus.fi\/#website"},"primaryImageOfPage":{"@id":"https:\/\/itasavonuusyrityskeskus.fi\/uusi-yritysvalmentajamme-johanna-kristiansson-esittaytyy\/#primaryimage"},"image":{"@id":"https:\/\/itasavonuusyrityskeskus.fi\/uusi-yritysvalmentajamme-johanna-kristiansson-esittaytyy\/#primaryimage"},"thumbnailUrl":"https:\/\/itasavonuusyrityskeskus.fi\/wp-content\/uploads\/2022\/01\/johanna-e1728309628464.jpg","datePublished":"2024-10-07T14:00:39+00:00","dateModified":"2024-10-07T14:01:44+00:00","inLanguage":"en-US","potentialAction":[{"@type":"ReadAction","target":["https:\/\/itasavonuusyrityskeskus.fi\/uusi-yritysvalmentajamme-johanna-kristiansson-esittaytyy\/"]}]},{"@type":"ImageObject","inLanguage":"en-US","@id":"https:\/\/itasavonuusyrityskeskus.fi\/uusi-yritysvalmentajamme-johanna-kristiansson-esittaytyy\/#primaryimage","url":"https:\/\/itasavonuusyrityskeskus.fi\/wp-content\/uploads\/2022\/01\/johanna-e1728309628464.jpg","contentUrl":"https:\/\/itasavonuusyrityskeskus.fi\/wp-content\/uploads\/2022\/01\/johanna-e1728309628464.jpg","width":508,"height":418,"caption":"Yritysvalmentaja Johanna Kristiansson"},{"@type":"WebSite","@id":"https:\/\/itasavonuusyrityskeskus.fi\/#website","url":"https:\/\/itasavonuusyrityskeskus.fi\/","name":"It\u00e4-Savon Uusyrityskeskus","description":"Yritt\u00e4jyyden alkutaipaleen neuvontapalvelut Savonlinnan seudulla","publisher":{"@id":"https:\/\/itasavonuusyrityskeskus.fi\/#organization"},"potentialAction":[{"@type":"SearchAction","target":{"@type":"EntryPoint","urlTemplate":"https:\/\/itasavonuusyrityskeskus.fi\/?s={search_term_string}"},"query-input":{"@type":"PropertyValueSpecification","valueRequired":true,"valueName":"search_term_string"}}],"inLanguage":"en-US"},{"@type":"Organization","@id":"https:\/\/itasavonuusyrityskeskus.fi\/#organization","name":"It\u00e4-Savon Uusyrityskeskus","url":"https:\/\/itasavonuusyrityskeskus.fi\/","logo":{"@type":"ImageObject","inLanguage":"en-US","@id":"https:\/\/itasavonuusyrityskeskus.fi\/#\/schema\/logo\/image\/","url":"https:\/\/itasavonuusyrityskeskus.fi\/wp-content\/uploads\/2021\/09\/logo-isuyk.png","contentUrl":"https:\/\/itasavonuusyrityskeskus.fi\/wp-content\/uploads\/2021\/09\/logo-isuyk.png","width":400,"height":137,"caption":"It\u00e4-Savon Uusyrityskeskus"},"image":{"@id":"https:\/\/itasavonuusyrityskeskus.fi\/#\/schema\/logo\/image\/"},"sameAs":["https:\/\/www.facebook.com\/isuyk\/"]},{"@type":"Person","@id":"https:\/\/itasavonuusyrityskeskus.fi\/#\/schema\/person\/cb907743384ed05a34e24507870e18ef","name":"It\u00e4-Savon Uusyrityskeskus","sameAs":["https:\/\/www.facebook.com\/isuyk","https:\/\/www.instagram.com\/itasavonuusyrityskeskus\/","https:\/\/www.linkedin.com\/company\/it-savon-uusyrityskeskus-ry\/","https:\/\/www.youtube.com\/channel\/UC2iXSOU7DN9D-DMDfmYN-Yg"]}]}},"_links":{"self":[{"href":"https:\/\/itasavonuusyrityskeskus.fi\/en\/wp-json\/wp\/v2\/posts\/6291","targetHints":{"allow":["GET"]}}],"collection":[{"href":"https:\/\/itasavonuusyrityskeskus.fi\/en\/wp-json\/wp\/v2\/posts"}],"about":[{"href":"https:\/\/itasavonuusyrityskeskus.fi\/en\/wp-json\/wp\/v2\/types\/post"}],"author":[{"embeddable":true,"href":"https:\/\/itasavonuusyrityskeskus.fi\/en\/wp-json\/wp\/v2\/users\/3"}],"replies":[{"embeddable":true,"href":"https:\/\/itasavonuusyrityskeskus.fi\/en\/wp-json\/wp\/v2\/comments?post=6291"}],"version-history":[{"count":1,"href":"https:\/\/itasavonuusyrityskeskus.fi\/en\/wp-json\/wp\/v2\/posts\/6291\/revisions"}],"predecessor-version":[{"id":6292,"href":"https:\/\/itasavonuusyrityskeskus.fi\/en\/wp-json\/wp\/v2\/posts\/6291\/revisions\/6292"}],"wp:featuredmedia":[{"embeddable":true,"href":"https:\/\/itasavonuusyrityskeskus.fi\/en\/wp-json\/wp\/v2\/media\/6289"}],"wp:attachment":[{"href":"https:\/\/itasavonuusyrityskeskus.fi\/en\/wp-json\/wp\/v2\/media?parent=6291"}],"wp:term":[{"taxonomy":"category","embeddable":true,"href":"https:\/\/itasavonuusyrityskeskus.fi\/en\/wp-json\/wp\/v2\/categories?post=6291"},{"taxonomy":"post_tag","embeddable":true,"href":"https:\/\/itasavonuusyrityskeskus.fi\/en\/wp-json\/wp\/v2\/tags?post=6291"}],"curies":[{"name":"wp","href":"https:\/\/api.w.org\/{rel}","templated":true}]}}