{"id":6410,"date":"2024-11-21T09:30:52","date_gmt":"2024-11-21T07:30:52","guid":{"rendered":"https:\/\/itasavonuusyrityskeskus.fi\/?p=6410"},"modified":"2024-11-21T09:30:52","modified_gmt":"2024-11-21T07:30:52","slug":"muutoksia-verottajalta-yrityksille-arvonlisaverottomaan-vahaiseen-toimintaan","status":"publish","type":"post","link":"https:\/\/itasavonuusyrityskeskus.fi\/en\/muutoksia-verottajalta-yrityksille-arvonlisaverottomaan-vahaiseen-toimintaan\/","title":{"rendered":"Muutoksia verottajalta yrityksille arvonlis\u00e4verottomaan v\u00e4h\u00e4iseen toimintaan"},"content":{"rendered":"<p>Pienten yritysten arvonlis\u00e4verotukseen liittyv\u00e4\u00e4 verovapautusta yhten\u00e4istettiin ja ajantasaistettiin EU:ssa vuoden 2025 alusta lukien. Muutos perustuu vuonna 2020 hyv\u00e4ksyttyyn pienyritysdirektiiviin (Neuvoston direktiivi (EU) 2020\/285) sek\u00e4 asetuksen (EU) N:o 904\/2010 muutokseen.<\/p>\n<p><strong>Arvonlis\u00e4verovelvollisuuden alarajan m\u00e4\u00e4r\u00e4\u00e4 nostettiin samassa yhteydess\u00e4 20\u00a0000 euroon.<\/strong><\/p>\n<p><strong>Keskeiset muutokset vuoden 2025 alusta lukien olivat seuraavat:<\/strong><\/p>\n<ul>\n<li><strong>Liikevaihtorajan laskentatapa muuttui<\/strong>. Jatkossa tilikauden sijaan tarkastellaan aina kalenterivuoden liikevaihtoa. Lis\u00e4ksi liikevaihto on laskettava sek\u00e4 kuluvalta ett\u00e4 edelt\u00e4v\u00e4lt\u00e4 kalenterivuodelta.<\/li>\n<li><strong>Arvonlis\u00e4verovelvollisuuden alkamishetki muuttui<\/strong>. Velvollisuus suorittaa veroa alkaa vasta verovelvollisuuden alarajan ylitt\u00e4misajankohdasta lukien.<\/li>\n<li><strong>Alarajahuojennus poistui<\/strong>. T\u00e4m\u00e4 tarkoitti verohelpotuksen poistumista yrityksilt\u00e4, joiden tilikauden liikevaihto on ollut alle 30 000 euroa.<\/li>\n<li><strong>Pienten yritysten EU-myynnin alv-j\u00e4rjestelm\u00e4 otettiin k\u00e4ytt\u00f6\u00f6n.\u00a0<\/strong>Merkitt\u00e4vin muutos kansainv\u00e4list\u00e4 kauppaa harjoittaville yrityksille on se, ett\u00e4 jatkossa pienten yritysten on mahdollista hy\u00f6dynt\u00e4\u00e4 arvonlis\u00e4verovapautusta my\u00f6s muissa EU:n j\u00e4senvaltioissa. Yritysten, jotka haluavat hy\u00f6dynt\u00e4\u00e4 arvonlis\u00e4verovapautusta muissa EU:n j\u00e4senvaltioissa, on rekister\u00f6idytt\u00e4v\u00e4 uuteen pienten yritysten EU-myynnin alv-j\u00e4rjestelm\u00e4\u00e4n.<\/li>\n<li><strong>EU:n ulkopuolelle sijoittautuneiden yritysten mahdollisuus soveltaa v\u00e4h\u00e4isen toiminnan verovapautusta Suomessa p\u00e4\u00e4ttyi<\/strong>. Verovapautusta ei voi soveltaa, vaikka yrityksell\u00e4 olisi kiinte\u00e4 toimipaikka Suomessa.<\/li>\n<\/ul>\n<p><strong>T\u00e4m\u00e4 v\u00e4h\u00e4isen toiminnan ohje koskee kaikkia elinkeinonharjoittajia toimintamuodosta riippumatta.<\/strong> V\u00e4h\u00e4isen toiminnan verovapautus voi siten koskea esimerkiksi yrityst\u00e4, yhdistyst\u00e4, s\u00e4\u00e4ti\u00f6t\u00e4 tai osuuskuntaa. Verovapautusta ei sovelleta hyvinvointialueeseen tai kuntaan. Ohjeessa k\u00e4sitell\u00e4\u00e4n v\u00e4h\u00e4isen toiminnan rajoja sek\u00e4 pienten yritysten EU-myynnin alv-j\u00e4rjestelm\u00e4\u00e4 l\u00e4hinn\u00e4 suomalaisen pienen yrityksen n\u00e4k\u00f6kulmasta.<\/p>\n<p>EU:n arvonlis\u00e4veroalueeseen kuuluvat maat ja alueet on lueteltu Vero.fi-sivulla\u00a0<a href=\"https:\/\/www.vero.fi\/yritykset-ja-yhteisot\/verot-ja-maksut\/arvonlisaverotus\/ulkomaankauppa\/eun-arvonlis%C3%A4vero--ja-valmisteveroalue\/\">EU:n arvonlis\u00e4vero- ja valmisteveroalue<\/a>.<\/p>\n<p>Tiedoksi, ett\u00e4 \u201d<strong>Arvonlis\u00e4veroton v\u00e4h\u00e4inen toiminta\u201d <\/strong>ohje on julkaistu vero.fi:ss\u00e4 18.11.2024, <a href=\"https:\/\/eur04.safelinks.protection.outlook.com\/?url=https%3A%2F%2Fwww.vero.fi%2Fsyventavat-vero-ohjeet%2Fohje-hakusivu%2F48658%2Farvonlisaveroton-vahainen-toiminta%2F&amp;data=05%7C02%7Cjohanna.kristiansson%40savonlinna.fi%7Cc32bf56a6ce54ccf329708dd0934b6fb%7C66efce4db8db44bea67bb9637ded8d23%7C0%7C0%7C638676844187081855%7CUnknown%7CTWFpbGZsb3d8eyJFbXB0eU1hcGkiOnRydWUsIlYiOiIwLjAuMDAwMCIsIlAiOiJXaW4zMiIsIkFOIjoiTWFpbCIsIldUIjoyfQ%3D%3D%7C0%7C%7C%7C&amp;sdata=a%2FGW8nresjXH%2BORw8YI1LDm7WrofHxwWZ8iqR1cbck8%3D&amp;reserved=0\">Linkki ohjeeseen<\/a><\/p>\n<p><strong>Ohje on julkaistu etuk\u00e4teen, jotta pienet yritykset voivat varautua tuleviin muutoksiin. Huomaa, ett\u00e4 ohje on kuitenkin voimassa vasta 1.1.2025 alkaen.<\/strong><\/p>\n<p>Uusi ohje korvaa ohjeen:<\/p>\n<p>Arvonlis\u00e4verottoman v\u00e4h\u00e4isen toiminnan raja 15 000 euroa (VH\/8130\/00.01.00\/2020, 1.1.2021)<\/p>\n<p>Arvonlis\u00e4veron alarajahuojennus (VH\/689\/00.01.00\/2023,13.4.2023)<\/p>\n","protected":false},"excerpt":{"rendered":"<p>Pienten yritysten arvonlis\u00e4verotukseen liittyv\u00e4\u00e4 verovapautusta yhten\u00e4istettiin ja ajantasaistettiin EU:ssa vuoden 2025 alusta lukien. Muutos perustuu vuonna 2020 hyv\u00e4ksyttyyn pienyritysdirektiiviin (Neuvoston direktiivi (EU) 2020\/285)&#8230;<\/p>\n","protected":false},"author":3,"featured_media":6411,"comment_status":"closed","ping_status":"closed","sticky":false,"template":"","format":"standard","meta":{"footnotes":""},"categories":[1],"tags":[],"class_list":["post-6410","post","type-post","status-publish","format-standard","has-post-thumbnail","hentry","category-yleinen","dg_entrepreneur_category-yrittajille","dg_entrepreneur_category-yrityksen-ostajalle","dg_entrepreneur_category-yrityksen-perustamista-harkitseville"],"yoast_head":"<!-- This site is optimized with the Yoast SEO plugin v27.4 - https:\/\/yoast.com\/product\/yoast-seo-wordpress\/ -->\n<title>Muutoksia verottajalta yrityksille arvonlis\u00e4verottomaan v\u00e4h\u00e4iseen toimintaan - It\u00e4-Savon Uusyrityskeskus<\/title>\n<meta name=\"robots\" content=\"index, follow, max-snippet:-1, max-image-preview:large, max-video-preview:-1\" \/>\n<link rel=\"canonical\" href=\"https:\/\/itasavonuusyrityskeskus.fi\/muutoksia-verottajalta-yrityksille-arvonlisaverottomaan-vahaiseen-toimintaan\/\" \/>\n<meta property=\"og:locale\" content=\"en_US\" \/>\n<meta property=\"og:type\" content=\"article\" \/>\n<meta property=\"og:title\" content=\"Muutoksia verottajalta yrityksille arvonlis\u00e4verottomaan v\u00e4h\u00e4iseen toimintaan - It\u00e4-Savon Uusyrityskeskus\" \/>\n<meta property=\"og:description\" content=\"Pienten yritysten arvonlis\u00e4verotukseen liittyv\u00e4\u00e4 verovapautusta yhten\u00e4istettiin ja ajantasaistettiin EU:ssa vuoden 2025 alusta lukien. Muutos perustuu vuonna 2020 hyv\u00e4ksyttyyn pienyritysdirektiiviin (Neuvoston direktiivi (EU) 2020\/285)...\" \/>\n<meta property=\"og:url\" content=\"https:\/\/itasavonuusyrityskeskus.fi\/muutoksia-verottajalta-yrityksille-arvonlisaverottomaan-vahaiseen-toimintaan\/\" \/>\n<meta property=\"og:site_name\" content=\"It\u00e4-Savon Uusyrityskeskus\" \/>\n<meta property=\"article:publisher\" content=\"https:\/\/www.facebook.com\/isuyk\/\" \/>\n<meta property=\"article:author\" content=\"https:\/\/www.facebook.com\/isuyk\" \/>\n<meta property=\"article:published_time\" content=\"2024-11-21T07:30:52+00:00\" \/>\n<meta property=\"og:image\" content=\"https:\/\/itasavonuusyrityskeskus.fi\/wp-content\/uploads\/2024\/11\/kuva.png\" \/>\n\t<meta property=\"og:image:width\" content=\"1080\" \/>\n\t<meta property=\"og:image:height\" content=\"1080\" \/>\n\t<meta property=\"og:image:type\" content=\"image\/png\" \/>\n<meta name=\"author\" content=\"It\u00e4-Savon Uusyrityskeskus\" \/>\n<meta name=\"twitter:card\" content=\"summary_large_image\" \/>\n<meta name=\"twitter:label1\" content=\"Written by\" \/>\n\t<meta name=\"twitter:data1\" content=\"It\u00e4-Savon Uusyrityskeskus\" \/>\n\t<meta name=\"twitter:label2\" content=\"Est. reading time\" \/>\n\t<meta name=\"twitter:data2\" content=\"2 minutes\" \/>\n<script type=\"application\/ld+json\" class=\"yoast-schema-graph\">{\"@context\":\"https:\\\/\\\/schema.org\",\"@graph\":[{\"@type\":\"Article\",\"@id\":\"https:\\\/\\\/itasavonuusyrityskeskus.fi\\\/muutoksia-verottajalta-yrityksille-arvonlisaverottomaan-vahaiseen-toimintaan\\\/#article\",\"isPartOf\":{\"@id\":\"https:\\\/\\\/itasavonuusyrityskeskus.fi\\\/muutoksia-verottajalta-yrityksille-arvonlisaverottomaan-vahaiseen-toimintaan\\\/\"},\"author\":{\"name\":\"It\u00e4-Savon Uusyrityskeskus\",\"@id\":\"https:\\\/\\\/itasavonuusyrityskeskus.fi\\\/#\\\/schema\\\/person\\\/cb907743384ed05a34e24507870e18ef\"},\"headline\":\"Muutoksia verottajalta yrityksille arvonlis\u00e4verottomaan v\u00e4h\u00e4iseen toimintaan\",\"datePublished\":\"2024-11-21T07:30:52+00:00\",\"mainEntityOfPage\":{\"@id\":\"https:\\\/\\\/itasavonuusyrityskeskus.fi\\\/muutoksia-verottajalta-yrityksille-arvonlisaverottomaan-vahaiseen-toimintaan\\\/\"},\"wordCount\":318,\"publisher\":{\"@id\":\"https:\\\/\\\/itasavonuusyrityskeskus.fi\\\/#organization\"},\"image\":{\"@id\":\"https:\\\/\\\/itasavonuusyrityskeskus.fi\\\/muutoksia-verottajalta-yrityksille-arvonlisaverottomaan-vahaiseen-toimintaan\\\/#primaryimage\"},\"thumbnailUrl\":\"https:\\\/\\\/itasavonuusyrityskeskus.fi\\\/wp-content\\\/uploads\\\/2024\\\/11\\\/kuva.png\",\"articleSection\":[\"Yleinen\"],\"inLanguage\":\"en-US\"},{\"@type\":\"WebPage\",\"@id\":\"https:\\\/\\\/itasavonuusyrityskeskus.fi\\\/muutoksia-verottajalta-yrityksille-arvonlisaverottomaan-vahaiseen-toimintaan\\\/\",\"url\":\"https:\\\/\\\/itasavonuusyrityskeskus.fi\\\/muutoksia-verottajalta-yrityksille-arvonlisaverottomaan-vahaiseen-toimintaan\\\/\",\"name\":\"Muutoksia verottajalta yrityksille arvonlis\u00e4verottomaan v\u00e4h\u00e4iseen toimintaan - It\u00e4-Savon Uusyrityskeskus\",\"isPartOf\":{\"@id\":\"https:\\\/\\\/itasavonuusyrityskeskus.fi\\\/#website\"},\"primaryImageOfPage\":{\"@id\":\"https:\\\/\\\/itasavonuusyrityskeskus.fi\\\/muutoksia-verottajalta-yrityksille-arvonlisaverottomaan-vahaiseen-toimintaan\\\/#primaryimage\"},\"image\":{\"@id\":\"https:\\\/\\\/itasavonuusyrityskeskus.fi\\\/muutoksia-verottajalta-yrityksille-arvonlisaverottomaan-vahaiseen-toimintaan\\\/#primaryimage\"},\"thumbnailUrl\":\"https:\\\/\\\/itasavonuusyrityskeskus.fi\\\/wp-content\\\/uploads\\\/2024\\\/11\\\/kuva.png\",\"datePublished\":\"2024-11-21T07:30:52+00:00\",\"inLanguage\":\"en-US\",\"potentialAction\":[{\"@type\":\"ReadAction\",\"target\":[\"https:\\\/\\\/itasavonuusyrityskeskus.fi\\\/muutoksia-verottajalta-yrityksille-arvonlisaverottomaan-vahaiseen-toimintaan\\\/\"]}]},{\"@type\":\"ImageObject\",\"inLanguage\":\"en-US\",\"@id\":\"https:\\\/\\\/itasavonuusyrityskeskus.fi\\\/muutoksia-verottajalta-yrityksille-arvonlisaverottomaan-vahaiseen-toimintaan\\\/#primaryimage\",\"url\":\"https:\\\/\\\/itasavonuusyrityskeskus.fi\\\/wp-content\\\/uploads\\\/2024\\\/11\\\/kuva.png\",\"contentUrl\":\"https:\\\/\\\/itasavonuusyrityskeskus.fi\\\/wp-content\\\/uploads\\\/2024\\\/11\\\/kuva.png\",\"width\":1080,\"height\":1080},{\"@type\":\"WebSite\",\"@id\":\"https:\\\/\\\/itasavonuusyrityskeskus.fi\\\/#website\",\"url\":\"https:\\\/\\\/itasavonuusyrityskeskus.fi\\\/\",\"name\":\"It\u00e4-Savon Uusyrityskeskus\",\"description\":\"Yritt\u00e4jyyden alkutaipaleen neuvontapalvelut Savonlinnan seudulla\",\"publisher\":{\"@id\":\"https:\\\/\\\/itasavonuusyrityskeskus.fi\\\/#organization\"},\"potentialAction\":[{\"@type\":\"SearchAction\",\"target\":{\"@type\":\"EntryPoint\",\"urlTemplate\":\"https:\\\/\\\/itasavonuusyrityskeskus.fi\\\/?s={search_term_string}\"},\"query-input\":{\"@type\":\"PropertyValueSpecification\",\"valueRequired\":true,\"valueName\":\"search_term_string\"}}],\"inLanguage\":\"en-US\"},{\"@type\":\"Organization\",\"@id\":\"https:\\\/\\\/itasavonuusyrityskeskus.fi\\\/#organization\",\"name\":\"It\u00e4-Savon Uusyrityskeskus\",\"url\":\"https:\\\/\\\/itasavonuusyrityskeskus.fi\\\/\",\"logo\":{\"@type\":\"ImageObject\",\"inLanguage\":\"en-US\",\"@id\":\"https:\\\/\\\/itasavonuusyrityskeskus.fi\\\/#\\\/schema\\\/logo\\\/image\\\/\",\"url\":\"https:\\\/\\\/itasavonuusyrityskeskus.fi\\\/wp-content\\\/uploads\\\/2021\\\/09\\\/logo-isuyk.png\",\"contentUrl\":\"https:\\\/\\\/itasavonuusyrityskeskus.fi\\\/wp-content\\\/uploads\\\/2021\\\/09\\\/logo-isuyk.png\",\"width\":400,\"height\":137,\"caption\":\"It\u00e4-Savon Uusyrityskeskus\"},\"image\":{\"@id\":\"https:\\\/\\\/itasavonuusyrityskeskus.fi\\\/#\\\/schema\\\/logo\\\/image\\\/\"},\"sameAs\":[\"https:\\\/\\\/www.facebook.com\\\/isuyk\\\/\"]},{\"@type\":\"Person\",\"@id\":\"https:\\\/\\\/itasavonuusyrityskeskus.fi\\\/#\\\/schema\\\/person\\\/cb907743384ed05a34e24507870e18ef\",\"name\":\"It\u00e4-Savon Uusyrityskeskus\",\"sameAs\":[\"https:\\\/\\\/www.facebook.com\\\/isuyk\",\"https:\\\/\\\/www.instagram.com\\\/itasavonuusyrityskeskus\\\/\",\"https:\\\/\\\/www.linkedin.com\\\/company\\\/it-savon-uusyrityskeskus-ry\\\/\",\"https:\\\/\\\/www.youtube.com\\\/channel\\\/UC2iXSOU7DN9D-DMDfmYN-Yg\"]}]}<\/script>\n<!-- \/ Yoast SEO plugin. -->","yoast_head_json":{"title":"Muutoksia verottajalta yrityksille arvonlis\u00e4verottomaan v\u00e4h\u00e4iseen toimintaan - It\u00e4-Savon Uusyrityskeskus","robots":{"index":"index","follow":"follow","max-snippet":"max-snippet:-1","max-image-preview":"max-image-preview:large","max-video-preview":"max-video-preview:-1"},"canonical":"https:\/\/itasavonuusyrityskeskus.fi\/muutoksia-verottajalta-yrityksille-arvonlisaverottomaan-vahaiseen-toimintaan\/","og_locale":"en_US","og_type":"article","og_title":"Muutoksia verottajalta yrityksille arvonlis\u00e4verottomaan v\u00e4h\u00e4iseen toimintaan - It\u00e4-Savon Uusyrityskeskus","og_description":"Pienten yritysten arvonlis\u00e4verotukseen liittyv\u00e4\u00e4 verovapautusta yhten\u00e4istettiin ja ajantasaistettiin EU:ssa vuoden 2025 alusta lukien. Muutos perustuu vuonna 2020 hyv\u00e4ksyttyyn pienyritysdirektiiviin (Neuvoston direktiivi (EU) 2020\/285)...","og_url":"https:\/\/itasavonuusyrityskeskus.fi\/muutoksia-verottajalta-yrityksille-arvonlisaverottomaan-vahaiseen-toimintaan\/","og_site_name":"It\u00e4-Savon Uusyrityskeskus","article_publisher":"https:\/\/www.facebook.com\/isuyk\/","article_author":"https:\/\/www.facebook.com\/isuyk","article_published_time":"2024-11-21T07:30:52+00:00","og_image":[{"width":1080,"height":1080,"url":"https:\/\/itasavonuusyrityskeskus.fi\/wp-content\/uploads\/2024\/11\/kuva.png","type":"image\/png"}],"author":"It\u00e4-Savon Uusyrityskeskus","twitter_card":"summary_large_image","twitter_misc":{"Written by":"It\u00e4-Savon Uusyrityskeskus","Est. reading time":"2 minutes"},"schema":{"@context":"https:\/\/schema.org","@graph":[{"@type":"Article","@id":"https:\/\/itasavonuusyrityskeskus.fi\/muutoksia-verottajalta-yrityksille-arvonlisaverottomaan-vahaiseen-toimintaan\/#article","isPartOf":{"@id":"https:\/\/itasavonuusyrityskeskus.fi\/muutoksia-verottajalta-yrityksille-arvonlisaverottomaan-vahaiseen-toimintaan\/"},"author":{"name":"It\u00e4-Savon Uusyrityskeskus","@id":"https:\/\/itasavonuusyrityskeskus.fi\/#\/schema\/person\/cb907743384ed05a34e24507870e18ef"},"headline":"Muutoksia verottajalta yrityksille arvonlis\u00e4verottomaan v\u00e4h\u00e4iseen toimintaan","datePublished":"2024-11-21T07:30:52+00:00","mainEntityOfPage":{"@id":"https:\/\/itasavonuusyrityskeskus.fi\/muutoksia-verottajalta-yrityksille-arvonlisaverottomaan-vahaiseen-toimintaan\/"},"wordCount":318,"publisher":{"@id":"https:\/\/itasavonuusyrityskeskus.fi\/#organization"},"image":{"@id":"https:\/\/itasavonuusyrityskeskus.fi\/muutoksia-verottajalta-yrityksille-arvonlisaverottomaan-vahaiseen-toimintaan\/#primaryimage"},"thumbnailUrl":"https:\/\/itasavonuusyrityskeskus.fi\/wp-content\/uploads\/2024\/11\/kuva.png","articleSection":["Yleinen"],"inLanguage":"en-US"},{"@type":"WebPage","@id":"https:\/\/itasavonuusyrityskeskus.fi\/muutoksia-verottajalta-yrityksille-arvonlisaverottomaan-vahaiseen-toimintaan\/","url":"https:\/\/itasavonuusyrityskeskus.fi\/muutoksia-verottajalta-yrityksille-arvonlisaverottomaan-vahaiseen-toimintaan\/","name":"Muutoksia verottajalta yrityksille arvonlis\u00e4verottomaan v\u00e4h\u00e4iseen toimintaan - It\u00e4-Savon Uusyrityskeskus","isPartOf":{"@id":"https:\/\/itasavonuusyrityskeskus.fi\/#website"},"primaryImageOfPage":{"@id":"https:\/\/itasavonuusyrityskeskus.fi\/muutoksia-verottajalta-yrityksille-arvonlisaverottomaan-vahaiseen-toimintaan\/#primaryimage"},"image":{"@id":"https:\/\/itasavonuusyrityskeskus.fi\/muutoksia-verottajalta-yrityksille-arvonlisaverottomaan-vahaiseen-toimintaan\/#primaryimage"},"thumbnailUrl":"https:\/\/itasavonuusyrityskeskus.fi\/wp-content\/uploads\/2024\/11\/kuva.png","datePublished":"2024-11-21T07:30:52+00:00","inLanguage":"en-US","potentialAction":[{"@type":"ReadAction","target":["https:\/\/itasavonuusyrityskeskus.fi\/muutoksia-verottajalta-yrityksille-arvonlisaverottomaan-vahaiseen-toimintaan\/"]}]},{"@type":"ImageObject","inLanguage":"en-US","@id":"https:\/\/itasavonuusyrityskeskus.fi\/muutoksia-verottajalta-yrityksille-arvonlisaverottomaan-vahaiseen-toimintaan\/#primaryimage","url":"https:\/\/itasavonuusyrityskeskus.fi\/wp-content\/uploads\/2024\/11\/kuva.png","contentUrl":"https:\/\/itasavonuusyrityskeskus.fi\/wp-content\/uploads\/2024\/11\/kuva.png","width":1080,"height":1080},{"@type":"WebSite","@id":"https:\/\/itasavonuusyrityskeskus.fi\/#website","url":"https:\/\/itasavonuusyrityskeskus.fi\/","name":"It\u00e4-Savon Uusyrityskeskus","description":"Yritt\u00e4jyyden alkutaipaleen neuvontapalvelut Savonlinnan seudulla","publisher":{"@id":"https:\/\/itasavonuusyrityskeskus.fi\/#organization"},"potentialAction":[{"@type":"SearchAction","target":{"@type":"EntryPoint","urlTemplate":"https:\/\/itasavonuusyrityskeskus.fi\/?s={search_term_string}"},"query-input":{"@type":"PropertyValueSpecification","valueRequired":true,"valueName":"search_term_string"}}],"inLanguage":"en-US"},{"@type":"Organization","@id":"https:\/\/itasavonuusyrityskeskus.fi\/#organization","name":"It\u00e4-Savon Uusyrityskeskus","url":"https:\/\/itasavonuusyrityskeskus.fi\/","logo":{"@type":"ImageObject","inLanguage":"en-US","@id":"https:\/\/itasavonuusyrityskeskus.fi\/#\/schema\/logo\/image\/","url":"https:\/\/itasavonuusyrityskeskus.fi\/wp-content\/uploads\/2021\/09\/logo-isuyk.png","contentUrl":"https:\/\/itasavonuusyrityskeskus.fi\/wp-content\/uploads\/2021\/09\/logo-isuyk.png","width":400,"height":137,"caption":"It\u00e4-Savon Uusyrityskeskus"},"image":{"@id":"https:\/\/itasavonuusyrityskeskus.fi\/#\/schema\/logo\/image\/"},"sameAs":["https:\/\/www.facebook.com\/isuyk\/"]},{"@type":"Person","@id":"https:\/\/itasavonuusyrityskeskus.fi\/#\/schema\/person\/cb907743384ed05a34e24507870e18ef","name":"It\u00e4-Savon Uusyrityskeskus","sameAs":["https:\/\/www.facebook.com\/isuyk","https:\/\/www.instagram.com\/itasavonuusyrityskeskus\/","https:\/\/www.linkedin.com\/company\/it-savon-uusyrityskeskus-ry\/","https:\/\/www.youtube.com\/channel\/UC2iXSOU7DN9D-DMDfmYN-Yg"]}]}},"_links":{"self":[{"href":"https:\/\/itasavonuusyrityskeskus.fi\/en\/wp-json\/wp\/v2\/posts\/6410","targetHints":{"allow":["GET"]}}],"collection":[{"href":"https:\/\/itasavonuusyrityskeskus.fi\/en\/wp-json\/wp\/v2\/posts"}],"about":[{"href":"https:\/\/itasavonuusyrityskeskus.fi\/en\/wp-json\/wp\/v2\/types\/post"}],"author":[{"embeddable":true,"href":"https:\/\/itasavonuusyrityskeskus.fi\/en\/wp-json\/wp\/v2\/users\/3"}],"replies":[{"embeddable":true,"href":"https:\/\/itasavonuusyrityskeskus.fi\/en\/wp-json\/wp\/v2\/comments?post=6410"}],"version-history":[{"count":1,"href":"https:\/\/itasavonuusyrityskeskus.fi\/en\/wp-json\/wp\/v2\/posts\/6410\/revisions"}],"predecessor-version":[{"id":6413,"href":"https:\/\/itasavonuusyrityskeskus.fi\/en\/wp-json\/wp\/v2\/posts\/6410\/revisions\/6413"}],"wp:featuredmedia":[{"embeddable":true,"href":"https:\/\/itasavonuusyrityskeskus.fi\/en\/wp-json\/wp\/v2\/media\/6411"}],"wp:attachment":[{"href":"https:\/\/itasavonuusyrityskeskus.fi\/en\/wp-json\/wp\/v2\/media?parent=6410"}],"wp:term":[{"taxonomy":"category","embeddable":true,"href":"https:\/\/itasavonuusyrityskeskus.fi\/en\/wp-json\/wp\/v2\/categories?post=6410"},{"taxonomy":"post_tag","embeddable":true,"href":"https:\/\/itasavonuusyrityskeskus.fi\/en\/wp-json\/wp\/v2\/tags?post=6410"}],"curies":[{"name":"wp","href":"https:\/\/api.w.org\/{rel}","templated":true}]}}